{"id":105,"date":"2012-07-28T20:21:00","date_gmt":"2012-07-28T17:21:00","guid":{"rendered":"http:\/\/hatarok-nelkul.com\/ro\/?p=105"},"modified":"2012-07-28T20:21:00","modified_gmt":"2012-07-28T17:21:00","slug":"viktor-orban-si-laszlo-tokes-au-reiterat-sustinerea-lor-fata-de-presedintele-traian-basescu","status":"publish","type":"post","link":"https:\/\/hatarok-nelkul.com\/ro\/?p=105","title":{"rendered":"Viktor Orb\u00e1n \u015fi L\u00e1szl\u00f3 T\u0151k\u00e9s au reiterat sus\u0163inerea lor fa\u0163\u0103 de pre\u015fedintele Traian B\u0103sescu"},"content":{"rendered":"<p><!--[if gte mso 9]><xml> <w:WordDocument>  <w:View>Normal<\/w:View>  <w:Zoom>0<\/w:Zoom>  <w:HyphenationZone>21<\/w:HyphenationZone>  <w:Compatibility>   <w:BreakWrappedTables\/>   <w:SnapToGridInCell\/>   <w:ApplyBreakingRules\/>   <w:WrapTextWithPunct\/>   <w:UseAsianBreakRules\/>   <w:UseFELayout\/>  <\/w:Compatibility>  <w:BrowserLevel>MicrosoftInternetExplorer4<\/w:BrowserLevel> <\/w:WordDocument><\/xml><![endif]--><!--[if gte mso 10]>\n\n<style> \/* Style Definitions *\/  table.MsoNormalTable  {mso-style-name:\"Table Normal\";  mso-tstyle-rowband-size:0;  mso-tstyle-colband-size:0;  mso-style-noshow:yes;  mso-style-parent:\"\";  mso-padding-alt:0cm 5.4pt 0cm 5.4pt;  mso-para-margin:0cm;  mso-para-margin-bottom:.0001pt;  mso-pagination:widow-orphan;  font-size:10.0pt;  font-family:\"Times New Roman\";  mso-fareast-font-family:\"Times New Roman\";} <\/style>\n\n<![endif]--> <\/p>\n<div><span>Premierul ungar Viktor Orb\u00e1n \u015fi europarlamentarul L\u00e1szl\u00f3 T\u0151k\u00e9s au reiterat sus\u0163inerea lor fa\u0163\u0103 de pre\u015fedintele Traian B\u0103sescu, lans\u00e2nd un apel maghiarilor din Transilvania pentru a nu participa la referendumul de duminic\u0103, au anun\u0163at, \u00eentr-un comunicat, adjunctul secretarului de stat ungar pentru politica na\u0163ional\u0103, Zsuzsanna R\u00e9p\u00e1s, \u015fi un oficial de la Cancelaria premierului ungar, Bertalan Havasi, cita\u0163i de site-ul ziarului ungar \u201eMagyar Nemzet\u201d. Cei doi oficiali ungari au men\u0163ionat c\u0103 \u00een cadrul celei de-a 23-a edi\u0163ii a Universit\u0103\u0163ii de Var\u0103 \u015fi a Tab\u0103rei Studen\u0163e\u015fti \u201eTusv\u00e1nyos\u201d, care se desf\u0103\u015foar\u0103 \u00een aceste zile la B\u0103ile Tu\u015fnad, premierul ungar a avut, vineri, o \u00eentrevedere cu liderii organiza\u0163iilor maghiare de dincolo de grani\u0163ele \u0163\u0103rii-mam\u0103, prilej cu care au analizat rezultatele ob\u0163inute \u00een domeniul politicii na\u0163ionale de la guvernarea Orb\u00e1n \u015fi p\u00e2n\u0103 \u00een pezent, precum si sarcinile ce urmeaz\u0103 a fi \u00eendeplinite \u00een urm\u0103torii doi ani. La consf\u0103tuire au participat: vicepremierul Zsolt Semj\u00e9n, secretarul de stat \u00een Ministerul Afacerilor Externe din Ungaria, Zsolt N\u00e9meth, pre\u015fedintele Consiliului Na\u0163ional Maghiar din Transilvania, L\u00e1szl\u00f3 T\u0151k\u00e9s, pre\u015fedintele Partidului Popular Maghiar din Transilvania, Tibor T. Tor\u00f3, pre\u015fedintele Partidului Coali\u0163iei Maghiare din Slovacia, L\u00e1szl\u00f3 Ber\u00e9nyi,pre\u015fedintele Uniunii Maghiare din Voivodina, Istv\u00e1n P\u00e1sztor,<span>\u00a0 <\/span>pre\u015fedintele Asocia\u0163iei Culturale Maghiare din Ucraina Subcarpatic\u0103, Mikl\u00f3s Kov\u00e1cs, \u015fi vicepre\u015fedintele Consiliului Regional Transkarpatia-Ucriana, L\u00e1szl\u00f3 Brenzovics, se mai arat\u0103 \u00een comunicat, care mai men\u0163ioneaz\u0103 c\u0103 premierul Viktor Orb\u00e1n a purtat o discu\u0163ie separat\u0103 cu partenerii strategici ai Fidesz, respectiv cu conducerea Partidului Popular Maghiar din Transilvania. P\u0103r\u0163ile de dialog au reiterat necesitatea men\u0163inerii \u015fi \u00een viitor a acestei strategii de parteneriat, trec\u00e2nd \u00een revist\u0103 chestiunile cele mai importante ale maghiarilor din Transilvania \u015fi pled\u00e2nd pentru identificarea unor solu\u0163ii privind rezolvarea situa\u0163ei Colegiului Secuiesc Mik\u00f3 din Sf\u00e2ntu Gheorghe, precum \u015fi cea privind \u00eenfiin\u0163area unei facult\u0103\u0163i cu predare \u00een limba maghiar\u0103 \u00een cadrul Universit\u0103\u0163ii de Medicin\u0103 \u015fi Farmacie din T\u00e2rgu Mure\u015f, informaz\u0103 sursa aminit\u0103. (28 iulie 2012) <span>\u00a0<\/span><\/span><\/div>\n","protected":false},"excerpt":{"rendered":"<p>Premierul ungar Viktor Orb\u00e1n \u015fi europarlamentarul L\u00e1szl\u00f3 T\u0151k\u00e9s au reiterat sus\u0163inerea lor fa\u0163\u0103 de pre\u015fedintele Traian B\u0103sescu, lans\u00e2nd un apel maghiarilor din Transilvania <\/p>\n","protected":false},"author":1,"featured_media":0,"comment_status":"open","ping_status":"open","sticky":false,"template":"","format":"standard","meta":{"footnotes":""},"categories":[1],"tags":[],"class_list":["post-105","post","type-post","status-publish","format-standard","hentry","category-fara-categorie"],"_links":{"self":[{"href":"https:\/\/hatarok-nelkul.com\/ro\/index.php?rest_route=\/wp\/v2\/posts\/105","targetHints":{"allow":["GET"]}}],"collection":[{"href":"https:\/\/hatarok-nelkul.com\/ro\/index.php?rest_route=\/wp\/v2\/posts"}],"about":[{"href":"https:\/\/hatarok-nelkul.com\/ro\/index.php?rest_route=\/wp\/v2\/types\/post"}],"author":[{"embeddable":true,"href":"https:\/\/hatarok-nelkul.com\/ro\/index.php?rest_route=\/wp\/v2\/users\/1"}],"replies":[{"embeddable":true,"href":"https:\/\/hatarok-nelkul.com\/ro\/index.php?rest_route=%2Fwp%2Fv2%2Fcomments&post=105"}],"version-history":[{"count":0,"href":"https:\/\/hatarok-nelkul.com\/ro\/index.php?rest_route=\/wp\/v2\/posts\/105\/revisions"}],"wp:attachment":[{"href":"https:\/\/hatarok-nelkul.com\/ro\/index.php?rest_route=%2Fwp%2Fv2%2Fmedia&parent=105"}],"wp:term":[{"taxonomy":"category","embeddable":true,"href":"https:\/\/hatarok-nelkul.com\/ro\/index.php?rest_route=%2Fwp%2Fv2%2Fcategories&post=105"},{"taxonomy":"post_tag","embeddable":true,"href":"https:\/\/hatarok-nelkul.com\/ro\/index.php?rest_route=%2Fwp%2Fv2%2Ftags&post=105"}],"curies":[{"name":"wp","href":"https:\/\/api.w.org\/{rel}","templated":true}]}}