{"id":110,"date":"2012-07-26T20:49:00","date_gmt":"2012-07-26T17:49:00","guid":{"rendered":"http:\/\/hatarok-nelkul.com\/ro\/?p=110"},"modified":"2012-07-26T20:49:00","modified_gmt":"2012-07-26T17:49:00","slug":"film-documentar-prezentat-la-universitatea-de-vara-balvanyos-de-la-baile-tusnad","status":"publish","type":"post","link":"https:\/\/hatarok-nelkul.com\/ro\/?p=110","title":{"rendered":"Film documentar, prezentat la Universitatea de Var\u0103 \u201eB\u00e1lv\u00e1nyos\u201d, de la B\u0103ile Tu\u015fnad"},"content":{"rendered":"<p><!--[if gte mso 9]><xml> <w:WordDocument>  <w:View>Normal<\/w:View>  <w:Zoom>0<\/w:Zoom>  <w:HyphenationZone>21<\/w:HyphenationZone>  <w:Compatibility>   <w:BreakWrappedTables\/>   <w:SnapToGridInCell\/>   <w:ApplyBreakingRules\/>   <w:WrapTextWithPunct\/>   <w:UseAsianBreakRules\/>   <w:UseFELayout\/>  <\/w:Compatibility>  <w:BrowserLevel>MicrosoftInternetExplorer4<\/w:BrowserLevel> <\/w:WordDocument><\/xml><![endif]--><!--[if gte mso 10]>\n\n<style> \/* Style Definitions *\/  table.MsoNormalTable  {mso-style-name:\"Table Normal\";  mso-tstyle-rowband-size:0;  mso-tstyle-colband-size:0;  mso-style-noshow:yes;  mso-style-parent:\"\";  mso-padding-alt:0cm 5.4pt 0cm 5.4pt;  mso-para-margin:0cm;  mso-para-margin-bottom:.0001pt;  mso-pagination:widow-orphan;  font-size:10.0pt;  font-family:\"Times New Roman\";  mso-fareast-font-family:\"Times New Roman\";} <\/style>\n\n<![endif]--> <\/p>\n<div><span>Potrivit <span>\u00a0<\/span>site-ului europarlamentarului L\u00e1szl\u00f3 T\u0151k\u00e9s,<span>\u00a0 <\/span>\u00een data de 27 iulie, la ora 15, \u00een cadrul Universit\u0103\u0163ii de Var\u0103 \u015fi a Tab\u0103rei Studen\u0163e\u015fti \u201eB\u00e1lv\u00e1nyos\u201d, de la B\u0103ile Tu\u015fnad, va fi prezentat pentru prima oar\u0103 un film documetar, intitulat \u201eVie\u0163i controlate sever\u201d.<\/span><\/div>\n<div><span><span>\u00a0<\/span>Filmul de 102 minute prezint\u0103, prin destine dramatice, mecanismul diabolic al dictaturii comuniste rom\u00e2ne, modul de func\u0163ionare a Securit\u0103\u0163ii, atacurile suferite de diferite religii, minorit\u0103\u0163i etnice \u015fi de demnitate uman\u0103. \u00cen contrast cu acestea, filmul prezint\u0103, de asemenea, for\u0163a libert\u0103\u0163ii interne, a responsabilit\u0103\u0163ii morale, a credin\u0163ei \u015fi loialit\u0103\u0163ii, for\u0163\u0103 care a fost o resurs\u0103 pentru victimele subjugate. Pe baza m\u0103rturiilor martorilor contemporani \u015fi a documentelor Securit\u0103\u0163ii, filmul ofer\u0103 o imagine zguduitoare despre suferin\u0163ele, fidelitatea \u015fi tr\u0103darea trecutului, precum \u015fi despre colabor\u0103rile cu Securitatea. <span>\u00a0\u00a0<\/span><\/span><\/div>\n<div><span>Rapoartele agen\u0163ilor Securit\u0103\u0163ii, ascult\u0103rile convorbirilor telefonice, fotografiile de urm\u0103rire ale Departamentului Securit\u0103\u0163ii Statului, precum \u015fi amintirile personale ale victimilor evoc\u0103 \u00een paralel climatul anilor dictaturii comuniste.<\/span><\/div>\n<div><span>Epsicopul catolic M\u00e1rton \u00c1ron joac\u0103 un rol important \u00een acest film documentar. Personalitatea \u015fi via\u0163a carismatic\u0103 a episcopului se desprinde \u00een lumina unor documente necunoscute p\u00e2n\u0103 \u00een prezent, a urm\u0103ririi Securit\u0103\u0163ii \u015fi a agen\u0163ilor introdu\u015fi \u00een anturajul episcopului romano-catolic al Ardealului. Regizorii filmului evoc\u0103 , cu o profund\u0103 empatie, memoria celor care au fost executa\u0163i \u00een Transilvania dup\u0103 Revolu\u0163ia ungar\u0103 din 1956, \u015fi aminte\u015fte de victimele care au suferit nevinovate ani lungi \u00een \u00eenchisori. Metodele dictaturii ceau\u015fiste se contureaz\u0103 din atacurile lansate de Securitate<span>\u00a0 <\/span>\u00eempotriva profesorului de teologie, Istv\u00e1n T\u0151k\u00e9s, \u015fi a fiului s\u0103u, L\u00e1szl\u00f3 T\u0151k\u00e9s, fost preot la Dej \u015fi Timi\u015foara.<\/span><\/div>\n<div><span>Prin rapoartele agen\u0163ilor-informatori \u00eentrodu\u015fi \u00een cercurile celor mai apropia\u0163i prieteni \u015fi de familie ale acestora, precum \u015fi prin amintirile evocate de martorii contemporani, se contureaz\u0103 cu o for\u0163\u0103 dramatic\u0103 calea care a condus la victoria Revolu\u0163iei din 1989.<\/span><\/div>\n<div><span>Regizorii au realizat acest film \u2013 care prezint\u0103 o imagine zguduitoare despre soarta maghiarilor din Transilvania \u00een timpul comunismului &#8211; cu ajutorul istoricilor \u015fi pe baza rezultatelor propriilor lor cercet\u0103ri. (15 iulie 2012) <\/span><\/div>\n<div><\/div>\n","protected":false},"excerpt":{"rendered":"<p>Potrivit \u00a0site-ului europarlamentarului L\u00e1szl\u00f3 T\u0151k\u00e9s,\u00a0 \u00een data de 27 iulie, la ora 15, \u00een cadrul Universit\u0103\u0163ii de Var\u0103 \u015fi a Tab\u0103rei Studen\u0163e\u015fti \u201eB\u00e1lv\u00e1nyos\u201d, <\/p>\n","protected":false},"author":1,"featured_media":0,"comment_status":"open","ping_status":"open","sticky":false,"template":"","format":"standard","meta":{"footnotes":""},"categories":[1],"tags":[],"class_list":["post-110","post","type-post","status-publish","format-standard","hentry","category-fara-categorie"],"_links":{"self":[{"href":"https:\/\/hatarok-nelkul.com\/ro\/index.php?rest_route=\/wp\/v2\/posts\/110","targetHints":{"allow":["GET"]}}],"collection":[{"href":"https:\/\/hatarok-nelkul.com\/ro\/index.php?rest_route=\/wp\/v2\/posts"}],"about":[{"href":"https:\/\/hatarok-nelkul.com\/ro\/index.php?rest_route=\/wp\/v2\/types\/post"}],"author":[{"embeddable":true,"href":"https:\/\/hatarok-nelkul.com\/ro\/index.php?rest_route=\/wp\/v2\/users\/1"}],"replies":[{"embeddable":true,"href":"https:\/\/hatarok-nelkul.com\/ro\/index.php?rest_route=%2Fwp%2Fv2%2Fcomments&post=110"}],"version-history":[{"count":0,"href":"https:\/\/hatarok-nelkul.com\/ro\/index.php?rest_route=\/wp\/v2\/posts\/110\/revisions"}],"wp:attachment":[{"href":"https:\/\/hatarok-nelkul.com\/ro\/index.php?rest_route=%2Fwp%2Fv2%2Fmedia&parent=110"}],"wp:term":[{"taxonomy":"category","embeddable":true,"href":"https:\/\/hatarok-nelkul.com\/ro\/index.php?rest_route=%2Fwp%2Fv2%2Fcategories&post=110"},{"taxonomy":"post_tag","embeddable":true,"href":"https:\/\/hatarok-nelkul.com\/ro\/index.php?rest_route=%2Fwp%2Fv2%2Ftags&post=110"}],"curies":[{"name":"wp","href":"https:\/\/api.w.org\/{rel}","templated":true}]}}