{"id":111,"date":"2012-07-26T20:48:00","date_gmt":"2012-07-26T17:48:00","guid":{"rendered":"http:\/\/hatarok-nelkul.com\/ro\/?p=111"},"modified":"2012-07-26T20:48:00","modified_gmt":"2012-07-26T17:48:00","slug":"interesele-evreiesti-influenteaza-procesul-de-restituire-a-imobilelor-bisericilor-maghiare-din-transilvania","status":"publish","type":"post","link":"https:\/\/hatarok-nelkul.com\/ro\/?p=111","title":{"rendered":"Interesele evreie\u015fti influen\u0163eaz\u0103 procesul de restituire a imobilelor bisericilor maghiare din Transilvania?"},"content":{"rendered":"<p><\/p>\n<div align=\"JUSTIFY\"><span>Nu de mult am scris despre problemele ap\u0103rute \u00een procesul de restituire a Colegiului Secuiesc Mik\u00f3 din Sf\u00e2ntu Gheorghe. De aceast\u0103 dat\u0103 vom relata despre disputele dintre Prim\u0103ria \u015fi Biserica Romano-Catolic\u0103 din Oradea, <\/span><span><b>despre care am aflat dintr-un material transmis prin intermediul paginii web a postului ungar Szentkorona R\u00e1di\u00f3.<\/b><\/span><span>P\u0103r\u0163ile erau aproape s\u0103 ajung\u0103 la o \u00een\u0163elegere, c\u00e2nd deodat\u0103 a ap\u0103rut un al treilea factor, un  necunoscut de p\u00e2n\u0103 acum: Comunitatea Evreiasc\u0103 care solicit\u0103 sume uria\u015fe pentru funda\u0163ia sa din Rom\u00e2nia \u00eenregistrat\u0103 sub denumirea \u201eCaritatea\u201d. Prim\u0103ria a diminuat cu 40% sprijinul material destinat Diacezei Romano-Catolice din Oradea. Viceprimarul Ovidiu Mure\u015fan a anun\u0163at c\u0103 \u00een privin\u0163a Liceului Teoretic Ady Endre, Prim\u0103ria a ajuns la o \u00een\u0163elegere cu Episcopia Romano-Catolic\u0103 din Oradea, iar noul contract va fi semnat p\u00e2n\u0103 la sf\u00e2r\u015fitul acestui luni, <\/span><span><b>men\u0163ioneaz\u0103 sursa citat\u0103.<\/b><\/span><\/div>\n<div align=\"JUSTIFY\"><\/div>\n<div align=\"JUSTIFY\"><span>Unul dintre subiectele conferin\u0163ei de pres\u0103 organizat\u0103 recent la Oradea a fost legat de sumele pl\u0103tite pentru chirie de c\u0103tre Prim\u0103rie diferitelor institu\u0163ii \u015fi persoanelor juridice \u00een vederea asigur\u0103rii func\u0163ion\u0103rii unit\u0103\u0163ilor \u015fcolare \u00een aceste imobile de\u0163inute de acestea. Dup\u0103 cum a men\u0163ionat Ovidiu Mure\u015fan, din bugetul local Prim\u0103ria aloc\u0103 lunar \u00een acest scop 23 de mii de euro, ceea ce anual reprezint\u0103 o sum\u0103 echivalent\u0103 cu 275 de euro. Viceprimarul a precizat, de asemenea, c\u0103 Prim\u0103ria a pl\u0103tit lunar Episcopiei Romano-Catolice 8785 de euro, sum\u0103 ce a reprezentat contravaloarea \u00eenchirierii cl\u0103dirii Liceului Teoretic Ady Endre, iar pentru \u00eenchirierea cl\u0103dirii \u015ecolii cu clasele I-IV Nicolae B\u0103lcescu, Prim\u0103ria a pl\u0103tit 3500 de euro Funda\u0163iei Caritatea, fondat\u0103 de Federa\u0163ia Comunit\u0103\u0163ilor Evreie\u015fti din Rom\u00e2nia \u00eempreun\u0103 cu Organiza\u0163ia Mondial\u0103 Evreiasc\u0103 pentru Restituirea Bunurilor. Dat fiind faptul c\u0103 \u00een ultima perioad\u0103 au sc\u0103zut pre\u0163urile imobilelor, Prim\u0103ria Oradea a decis c\u0103 va scadea din pre\u0163ul chiriilor, <\/span><span><b>se mai arat\u0103 \u00een materialul amintit.<\/b><\/span><\/div>\n<div align=\"JUSTIFY\"><span>Pe de alt\u0103 parte, <\/span><span><b>postul de radio sus\u0163inut de organiza\u0163iile de dreapta din Ungaria, Szentkorona R\u00e1di\u00f3, se refer\u0103 la o ac\u0163iune de subminare <\/b><\/span><span>care a fost demarat\u0103 \u00een ora\u015ful Sf\u00e2ntului Ladisl\u0103u \u00eempotriva bisericii, a c\u0103rei scop v\u0103dit era divizarea locuitorilor de etnie maghiar\u0103 \u015fi \u00eentoarcerea lor \u00eempotriva Sf\u00e2ntei Biserici. Potrivit propagandei, Biserica Romano-Catolic\u0103 \u201eva evacua\u201d Liceul Ady Endre. Ceea ce este ridicol, deoarece pe parcursul istoriei Biserica Romano-Catolic\u0103 \u015fi-a asumat \u2013 de multe ori chiar \u00een locul statului rom\u00e2n &#8211; responsabilitatea \u015fi s-a angajat cu o consecven\u0163\u0103 sever\u0103 pentru ocrotirea \u00eenv\u0103\u0163\u0103m\u00e2ntului maghiar, \u015fi tocmai de aceea nu poate s\u0103 fie subminarea \u00eenv\u0103\u0163\u0103m\u00e2ntului maghiar \u0163elul ei. Poate pentru al\u0163ii cu at\u00e2t mai mult, a\u015fa cum a fost \u015fi destr\u0103marea \u015fi distrugerea comunit\u0103\u0163ii maghiare din Transilvania dup\u0103 semnarea Tratatului de Pace de la Trainon.<\/span><\/div>\n<div align=\"JUSTIFY\"><span>Dup\u0103 cum a men\u0163ionat viceprimarul, episcopul romano-catolic de Oradea, L\u00e1szl\u00f3 B\u00f6cskei, a semnalat \u00eentr-o adres\u0103 c\u0103 este de acord cu reducerea chiriei cu 40%. Noul contract cu o valabilitate de cinci ani va fi semnat p\u00e2n\u0103 la sf\u00e2r\u015fitul lunii iulie. Ceea ce va \u00eensemna c\u0103 Liceul Teoretic Ady Endre va func\u0163iona \u00een continuarea \u00een cadrul aceluia\u015fi imobil. Prim\u0103ria a stabilit, de asemenea, cu pre\u015fedintele comunit\u0103\u0163ii evreie\u015fti din Oradea, F\u00e9lix Koppelmann,  \u201e\u00eenjum\u0103t\u0103\u0163irea\u201d sumei pl\u0103tite Funda\u0163iei Caritatea.<\/span><\/div>\n<div align=\"JUSTIFY\"><span>Aproximativ \u00een acela\u015fi timp cu \u00een\u0163elegerea privind \u201e\u00eenjum\u0103t\u0103\u0163irea\u201d chiriei pl\u0103tite Funda\u0163iei Caritatea, F\u00e9lix Koppelmann, a f\u0103cut, un anun\u0163 interesant, \u015fi anume: Congresul american va sus\u0163ine cu 300 de mii de dolari reabilitarea Sinagogii Ortodoxe de pe starda Prim\u0103riei, aflat\u0103 \u00een imediata vecin\u0103tate cu Universitatea Cre\u015ftin\u0103 Partium din Oradea. Proiectul, care prevede reabilitarea \u015fi transformarea cl\u0103dirii \u00eentr-un Muzeu de Istorie a Evreilor din Oradea \u015fi Bihor, apar\u0163ine firmei Novartis \u015fi a fost realizat \u00een colaborare cu Comunitatea Evreiasc\u0103 din Oradea \u015fi Muzeul \u0162\u0103rii Cri\u015fului, <\/span><span><b>precizeaz\u0103 Szentkorona R\u00e1di\u00f3, ad\u0103ug\u00e2nd c\u0103<\/b><\/span><span>printre proiectele pe termen lung mai figureaz\u0103 \u015fi \u00eenfiin\u0163area unui Muzeu al Holocaustului \u015fi un Centru cultural \u015fi de documentare \u201edinamic\u0103\u201d. \u00cen vederea cre\u0103rii bazei materiale istorice se va lua leg\u0103tura \u015fi cu Israelul. Conducerea ora\u015fului a \u00eentre\u0163inut \u015fi p\u00e2n\u0103 \u00een prezent rela\u0163ii str\u00e2nse cu ora\u015ful Givatayim din Israel. (szentkoronaradio.hu \u2013 20 iulie 2012)<\/span><\/div>\n","protected":false},"excerpt":{"rendered":"<p>Nu de mult am scris despre problemele ap\u0103rute \u00een procesul de restituire a Colegiului Secuiesc Mik\u00f3 din Sf\u00e2ntu Gheorghe. De aceast\u0103 dat\u0103 vom <\/p>\n","protected":false},"author":1,"featured_media":0,"comment_status":"open","ping_status":"open","sticky":false,"template":"","format":"standard","meta":{"footnotes":""},"categories":[1],"tags":[],"class_list":["post-111","post","type-post","status-publish","format-standard","hentry","category-fara-categorie"],"_links":{"self":[{"href":"https:\/\/hatarok-nelkul.com\/ro\/index.php?rest_route=\/wp\/v2\/posts\/111","targetHints":{"allow":["GET"]}}],"collection":[{"href":"https:\/\/hatarok-nelkul.com\/ro\/index.php?rest_route=\/wp\/v2\/posts"}],"about":[{"href":"https:\/\/hatarok-nelkul.com\/ro\/index.php?rest_route=\/wp\/v2\/types\/post"}],"author":[{"embeddable":true,"href":"https:\/\/hatarok-nelkul.com\/ro\/index.php?rest_route=\/wp\/v2\/users\/1"}],"replies":[{"embeddable":true,"href":"https:\/\/hatarok-nelkul.com\/ro\/index.php?rest_route=%2Fwp%2Fv2%2Fcomments&post=111"}],"version-history":[{"count":0,"href":"https:\/\/hatarok-nelkul.com\/ro\/index.php?rest_route=\/wp\/v2\/posts\/111\/revisions"}],"wp:attachment":[{"href":"https:\/\/hatarok-nelkul.com\/ro\/index.php?rest_route=%2Fwp%2Fv2%2Fmedia&parent=111"}],"wp:term":[{"taxonomy":"category","embeddable":true,"href":"https:\/\/hatarok-nelkul.com\/ro\/index.php?rest_route=%2Fwp%2Fv2%2Fcategories&post=111"},{"taxonomy":"post_tag","embeddable":true,"href":"https:\/\/hatarok-nelkul.com\/ro\/index.php?rest_route=%2Fwp%2Fv2%2Ftags&post=111"}],"curies":[{"name":"wp","href":"https:\/\/api.w.org\/{rel}","templated":true}]}}