{"id":112,"date":"2012-07-22T19:57:00","date_gmt":"2012-07-22T16:57:00","guid":{"rendered":"http:\/\/hatarok-nelkul.com\/ro\/?p=112"},"modified":"2012-07-22T19:57:00","modified_gmt":"2012-07-22T16:57:00","slug":"baile-tusnad-au-devenit-o-forma-institutionala-a-dialogului","status":"publish","type":"post","link":"https:\/\/hatarok-nelkul.com\/ro\/?p=112","title":{"rendered":"B\u0103ile Tu\u015fnad au devenit o form\u0103 institu\u0163ional\u0103 a dialogului"},"content":{"rendered":"<p><!--[if gte mso 9]><xml> <w:WordDocument>  <w:View>Normal<\/w:View>  <w:Zoom>0<\/w:Zoom>  <w:HyphenationZone>21<\/w:HyphenationZone>  <w:Compatibility>   <w:BreakWrappedTables\/>   <w:SnapToGridInCell\/>   <w:ApplyBreakingRules\/>   <w:WrapTextWithPunct\/>   <w:UseAsianBreakRules\/>   <w:UseFELayout\/>  <\/w:Compatibility>  <w:BrowserLevel>MicrosoftInternetExplorer4<\/w:BrowserLevel> <\/w:WordDocument><\/xml><![endif]--><!--[if gte mso 10]>\n\n<style> \/* Style Definitions *\/  table.MsoNormalTable  {mso-style-name:\"Table Normal\";  mso-tstyle-rowband-size:0;  mso-tstyle-colband-size:0;  mso-style-noshow:yes;  mso-style-parent:\"\";  mso-padding-alt:0cm 5.4pt 0cm 5.4pt;  mso-para-margin:0cm;  mso-para-margin-bottom:.0001pt;  mso-pagination:widow-orphan;  font-size:10.0pt;  font-family:\"Times New Roman\";  mso-fareast-font-family:\"Times New Roman\";} <\/style>\n\n<![endif]--> <\/p>\n<div><span>Potrivit paginii online a ziarului ungar Magyar Hirlap, \u00een data de 24 iulie va \u00eencepe la B\u0103ile Tu\u015fnad cea de-a 23-a edi\u0163ie a Universit\u0103\u0163ii de Var\u0103 \u015fi a Tab\u0103rei Studen\u0163e\u015fti \u201eB\u00e1lv\u00e1nyos\u201d. Subiectul central va fi \u015fi \u00een acest an situa\u0163ia maghiarilor din Transilvania, au declarat la o conferin\u0163\u0103 de pres\u0103 pre\u015fedintele Asocia\u0163iei pentru Tineret Fidelitas, P\u00e9ter \u00c1gh, \u015fi vicepre\u015fedintele asocia\u0163iei, \u00c1gnes Vincze.<\/span><\/div>\n<div><span>Potrivit pre\u015fedintelui Fidelitas, tab\u0103ra a devenit deja un proces institu\u0163ional, o excep\u0163ional\u0103 instan\u0163\u0103 maghiaro-maghiar\u0103, o instan\u0163\u0103 a dialogului politicienilor transilv\u0103neni \u015fi a celor din Ungaria. Tab\u0103ra ofer\u0103, de asemenea, un bun prilej pentru men\u0163inerea \u00een continuare a rela\u0163iilor maghiaro-rom\u00e2ne, precum \u015fi pentru dezbaterea cauzelor comune ale celor dou\u0103 popoare. \u00cen opinia lui P\u00e9ter \u00c1gh, Universitatea de Var\u0103 &#8220;B\u00e1lv\u00e1nyos&#8221; este cel mai mare festival de tineret \u015fi de natur\u0103 politic\u0103 din Bazinul Carpatic \u015fi poate fi considerat\u0103 unul dintre cele mai importante evenimente ale tinerilor de orientare de centru dreapta. <\/span><\/div>\n<p><span>Universitatea de Var\u0103 \u201eB\u00e1lv\u00e1nyos\u201d se va desf\u0103\u015fura \u00een perioada 24-29 iulie, iar \u00een ultima zi a tab\u0103rei va fi prezent \u015fi va rosti un discurs \u015fi premierul ungar, Viktor Orb\u00e1n, a anun\u0163at pre\u015fedintele Fidelitas, P\u00e9ter \u00c1gh. (18 iulie 2012)<\/span><\/p>\n","protected":false},"excerpt":{"rendered":"<p>Potrivit paginii online a ziarului ungar Magyar Hirlap, \u00een data de 24 iulie va \u00eencepe la B\u0103ile Tu\u015fnad cea de-a 23-a edi\u0163ie a <\/p>\n","protected":false},"author":1,"featured_media":0,"comment_status":"open","ping_status":"open","sticky":false,"template":"","format":"standard","meta":{"footnotes":""},"categories":[1],"tags":[],"class_list":["post-112","post","type-post","status-publish","format-standard","hentry","category-fara-categorie"],"_links":{"self":[{"href":"https:\/\/hatarok-nelkul.com\/ro\/index.php?rest_route=\/wp\/v2\/posts\/112","targetHints":{"allow":["GET"]}}],"collection":[{"href":"https:\/\/hatarok-nelkul.com\/ro\/index.php?rest_route=\/wp\/v2\/posts"}],"about":[{"href":"https:\/\/hatarok-nelkul.com\/ro\/index.php?rest_route=\/wp\/v2\/types\/post"}],"author":[{"embeddable":true,"href":"https:\/\/hatarok-nelkul.com\/ro\/index.php?rest_route=\/wp\/v2\/users\/1"}],"replies":[{"embeddable":true,"href":"https:\/\/hatarok-nelkul.com\/ro\/index.php?rest_route=%2Fwp%2Fv2%2Fcomments&post=112"}],"version-history":[{"count":0,"href":"https:\/\/hatarok-nelkul.com\/ro\/index.php?rest_route=\/wp\/v2\/posts\/112\/revisions"}],"wp:attachment":[{"href":"https:\/\/hatarok-nelkul.com\/ro\/index.php?rest_route=%2Fwp%2Fv2%2Fmedia&parent=112"}],"wp:term":[{"taxonomy":"category","embeddable":true,"href":"https:\/\/hatarok-nelkul.com\/ro\/index.php?rest_route=%2Fwp%2Fv2%2Fcategories&post=112"},{"taxonomy":"post_tag","embeddable":true,"href":"https:\/\/hatarok-nelkul.com\/ro\/index.php?rest_route=%2Fwp%2Fv2%2Ftags&post=112"}],"curies":[{"name":"wp","href":"https:\/\/api.w.org\/{rel}","templated":true}]}}