{"id":113,"date":"2012-07-22T19:55:00","date_gmt":"2012-07-22T16:55:00","guid":{"rendered":"http:\/\/hatarok-nelkul.com\/ro\/?p=113"},"modified":"2012-07-22T19:55:00","modified_gmt":"2012-07-22T16:55:00","slug":"eparhia-bisericii-reformate-organizeaza-o-mare-adunare-pentru-sustinerea-colegiului-secuiesc-miko","status":"publish","type":"post","link":"https:\/\/hatarok-nelkul.com\/ro\/?p=113","title":{"rendered":"Eparhia Bisericii Reformate organizeaz\u0103 o mare adunare pentru sus\u0163inerea Colegiului Secuiesc Mik\u00f3"},"content":{"rendered":"<p><!--[if gte mso 9]><xml> <w:WordDocument>  <w:View>Normal<\/w:View>  <w:Zoom>0<\/w:Zoom>  <w:HyphenationZone>21<\/w:HyphenationZone>  <w:Compatibility>   <w:BreakWrappedTables\/>   <w:SnapToGridInCell\/>   <w:ApplyBreakingRules\/>   <w:WrapTextWithPunct\/>   <w:UseAsianBreakRules\/>   <w:UseFELayout\/>  <\/w:Compatibility>  <w:BrowserLevel>MicrosoftInternetExplorer4<\/w:BrowserLevel> <\/w:WordDocument><\/xml><![endif]--><!--[if gte mso 10]>\n\n<style> \/* Style Definitions *\/  table.MsoNormalTable  {mso-style-name:\"Table Normal\";  mso-tstyle-rowband-size:0;  mso-tstyle-colband-size:0;  mso-style-noshow:yes;  mso-style-parent:\"\";  mso-padding-alt:0cm 5.4pt 0cm 5.4pt;  mso-para-margin:0cm;  mso-para-margin-bottom:.0001pt;  mso-pagination:widow-orphan;  font-size:10.0pt;  font-family:\"Times New Roman\";  mso-fareast-font-family:\"Times New Roman\";} <\/style>\n\n<![endif]--> <\/p>\n<div><span>Potrivit paginii electronice a ziarului ungar Magyar Nemzet,<span>\u00a0 <\/span>Bisericile istorice din Rom\u00e2nia au lansat un apel credincio\u015filor, \u00eendemn\u00e2du-i s\u0103 participe la demonstra\u0163ia care va fi organizat\u0103 la nivel na\u0163ional pe 1 septembrie, \u00een fa\u0163a Colegiului Secuiesc Mik\u00f3 din Sf\u00e2ntu Gheorghe. Vice-episcopul Eparhiei Reformate din Ardeal, B\u00e9la Kat\u00f3, a declarat Agen\u0163iei ungare de Pres\u0103 MTI c\u0103 se a\u015fteapt\u0103 participarea a zeci de mii de oameni din \u00eentreaga \u0163ar\u0103 pentru a protesta \u00eempotriva rena\u0163ionaliz\u0103rii Colegiului Secuiesc Mik\u00f3. Data organiz\u0103rii acestei mari adun\u0103ri a fost comunicat\u0103 de Eparhia Reformat\u0103 printr-o circular\u0103. B<\/span><span lang=\"HU\">\u00e9la Kat\u00f3<\/span><span> a solicitat credincio\u015filor ca p\u00e2n\u0103 pe 1 septembrie s\u0103 <span>\u00a0<\/span>adere c\u00e2t mai mul\u0163i la ac\u0163iunea preotului Imre S\u00e1ntha, din Bicfal\u0103u, jude\u0163ul Covasna, care poresteaz\u0103 zilnic \u00een fa\u0163a colegiului.<\/span><\/div>\n<div><span>Dup\u0103 cum a precizat vice-episcopul, data de 1 septembrie a fost stabilit\u0103 pentru a evita amestecarea acestei adun\u0103ri cu mi\u015fc\u0103rile politice generate de proiectata demitere a \u015fefului statului suspendat, Traian B\u0103sescu. B\u00e9la Kat\u00f3 a mai men\u0163ionat: Capii Bisericilor Catolice, Unitariene \u015fi Evangelice \u015fi-au exprimat deja solidaritatea lor cu Biserica Reformat\u0103. \u201eNu este vorba doar de Colegiul Secuiesc Mik\u00f3, ci \u00een general de toate insultele suportate \u00een ultimii 22 de ani de comunitatea maghiar\u0103 \u015fi de bisericile din Transilvania\u201d, a subliniat vice-episcopul, preciz\u00e2nd c\u0103<span>\u00a0 <\/span>aceast\u0103 demonstra\u0163ie nu poate fi considerat\u0103 drept o exercitare de presiune politic\u0103 asupra Justi\u0163iei, deoarece marea adunare va fi organizat\u0103 de partea prejudiciat\u0103, de Biserica Reformat\u0103, \u015fi nu de politic. Potrivit vice-episcopului, tocmai senti\u0163a judec\u0103toreasc\u0103 pronun\u0163at\u0103 \u00een cazul Mik\u00f3 &#8211; prin care are loc de fapt ren\u0163ionalizarea colegiului &#8211; poart\u0103 urmele implic\u0103rii politicului. (20 iulie 2012) <\/span><\/div>\n","protected":false},"excerpt":{"rendered":"<p>Potrivit paginii electronice a ziarului ungar Magyar Nemzet,\u00a0 Bisericile istorice din Rom\u00e2nia au lansat un apel credincio\u015filor, \u00eendemn\u00e2du-i s\u0103 participe la demonstra\u0163ia care <\/p>\n","protected":false},"author":1,"featured_media":0,"comment_status":"open","ping_status":"open","sticky":false,"template":"","format":"standard","meta":{"footnotes":""},"categories":[1],"tags":[],"class_list":["post-113","post","type-post","status-publish","format-standard","hentry","category-fara-categorie"],"_links":{"self":[{"href":"https:\/\/hatarok-nelkul.com\/ro\/index.php?rest_route=\/wp\/v2\/posts\/113","targetHints":{"allow":["GET"]}}],"collection":[{"href":"https:\/\/hatarok-nelkul.com\/ro\/index.php?rest_route=\/wp\/v2\/posts"}],"about":[{"href":"https:\/\/hatarok-nelkul.com\/ro\/index.php?rest_route=\/wp\/v2\/types\/post"}],"author":[{"embeddable":true,"href":"https:\/\/hatarok-nelkul.com\/ro\/index.php?rest_route=\/wp\/v2\/users\/1"}],"replies":[{"embeddable":true,"href":"https:\/\/hatarok-nelkul.com\/ro\/index.php?rest_route=%2Fwp%2Fv2%2Fcomments&post=113"}],"version-history":[{"count":0,"href":"https:\/\/hatarok-nelkul.com\/ro\/index.php?rest_route=\/wp\/v2\/posts\/113\/revisions"}],"wp:attachment":[{"href":"https:\/\/hatarok-nelkul.com\/ro\/index.php?rest_route=%2Fwp%2Fv2%2Fmedia&parent=113"}],"wp:term":[{"taxonomy":"category","embeddable":true,"href":"https:\/\/hatarok-nelkul.com\/ro\/index.php?rest_route=%2Fwp%2Fv2%2Fcategories&post=113"},{"taxonomy":"post_tag","embeddable":true,"href":"https:\/\/hatarok-nelkul.com\/ro\/index.php?rest_route=%2Fwp%2Fv2%2Ftags&post=113"}],"curies":[{"name":"wp","href":"https:\/\/api.w.org\/{rel}","templated":true}]}}