{"id":1142,"date":"2015-10-20T23:09:55","date_gmt":"2015-10-20T20:09:55","guid":{"rendered":"http:\/\/hatarok-nelkul.com\/ro\/?p=1142"},"modified":"2015-10-20T23:09:55","modified_gmt":"2015-10-20T20:09:55","slug":"sri-se-teme-de-secui","status":"publish","type":"post","link":"https:\/\/hatarok-nelkul.com\/ro\/?p=1142","title":{"rendered":"SRI se teme de secui"},"content":{"rendered":"<figure id=\"attachment_1143\" aria-describedby=\"caption-attachment-1143\" style=\"width: 150px\" class=\"wp-caption alignleft\"><a href=\"https:\/\/hatarok-nelkul.com\/ro\/wp-content\/uploads\/2015\/10\/SR.jpg\"><img loading=\"lazy\" decoding=\"async\" class=\"size-thumbnail wp-image-1143 \" alt=\"SR\" src=\"https:\/\/hatarok-nelkul.com\/ro\/wp-content\/uploads\/2015\/10\/SR-150x150.jpg\" width=\"150\" height=\"150\" \/><\/a><figcaption id=\"caption-attachment-1143\" class=\"wp-caption-text\">Sursa:www.mediafax.ro<\/figcaption><\/figure>\n<p style=\"text-align: justify;\">Raportul de activitate al Serviciului Rom\u00e2n de Informa\u0163ii (SRI) pe 2014 arat\u0103 c\u0103 n\u0103zuin\u0163ele privind autonomia \u0162inutului Secuiesc reprezint\u0103 unul dintre factorii care amenin\u0163\u0103 ordinea constitu\u0163ional\u0103, informeaz\u0103 portalul mno.hu. Raportul SRI a fost publicat pe site-ul Parlamentului Rom\u00e2niei. \u00cen document, care con\u0163ine 39 de pagini, doar un singur paragraf se refer\u0103 la \u201eextremismul pe criterii etnice\u201d. \u00cen acest paragraf, SRI constat\u0103 c\u0103 discursul proautonomia a fost caracterizat de propagarea \u00een mod deschis a autonomiei.<!--more--><\/p>\n<p style=\"text-align: justify;\">\u201e\u00cen plan extern, scopul a fost interna\u0163ionalizarea &lt;&lt;politicii antimaghiare&gt;&gt; promovat\u0103 de autorit\u0103\u0163ile de la Bucure\u015fti, iar \u00een plan intern, accentul a fost pus pe popularizarea agresiv\u0103 a particularit\u0103\u0163ilor etnoculturale &lt;&lt;secuie\u015fti&gt;&gt;\u201d, sus\u0163ine SRI \u00een raportul s\u0103u \u00eenaintat Parlamentului. Serviciul Rom\u00e2n de Informa\u0163ii crede c\u0103 datorit\u0103 adopt\u0103rii unor pozi\u0163ii de c\u0103tre institu\u0163iile statului rom\u00e2n s-a diminuat\u00a0 intensitatea manifest\u0103rilor grupurilor hungariste, astfel c\u0103 \u00een acest domeniu fenomenele de amenin\u0163are sunt mai pu\u0163ine.<\/p>\n<p style=\"text-align: justify;\"><strong>Ungaria reprezint\u0103 o provocare<\/strong><\/p>\n<p style=\"text-align: justify;\">Potrivit SRI situa\u0163ia minorit\u0103\u0163ilor na\u0163ionale este \u00een continuare influen\u0163at\u0103 de eforturile depuse de \u201cunii oficiali sau diploma\u0163i ai \u0163\u0103rilor vecine\u201d \u00een interesul de a implica respectivele comunit\u0103\u0163i na\u0163ionale \u00een sus\u0163inerea intereselor \u0163\u0103rii-mam\u0103. Raportul aminte\u015fte printre provoc\u0103rile contraspionajului \u2013 f\u0103r\u0103 a face referire la Ungaria sau la comunitatea maghiar\u0103 din Rom\u00e2nia \u2013 de o \u0163ar\u0103 care se str\u0103duie\u015fte la consolidarea controlului \u201casupra comunit\u0103\u0163ii cona\u0163ionalilor s\u0103i, precum \u015fi asupra principalelor organiza\u0163ii ale acestora\u201d.<\/p>\n<p style=\"text-align: justify;\">Documentul se refer\u0103 \u015fi la faptul c\u0103 \u201c\u00een urma evolu\u0163iei situa\u0163iei geopolitice regionale \u015fi globale, \u00een Rom\u00e2nia a devenit mai intensiv\u0103 activitatea serviciilor secrete str\u0103ine, iar scopul acestora este, printre altele, de a influen\u0163a negativ actul de luare a deciziilor, valorile constitu\u0163ionale \u015fi climatul de convie\u0163uire a na\u0163ionalit\u0103\u0163ilor\u201d.<\/p>\n<p style=\"text-align: justify;\"><strong>Nu a crescut amenin\u0163area terorist\u0103<\/strong><\/p>\n<p style=\"text-align: justify;\">SRI apreciaz\u0103 c\u0103 \u00een Rom\u00e2nia nu a crescut mai mult fa\u0163\u0103 de media global\u0103 nivelul amenin\u0163\u0103rilor teroriste \u015fi nu este justificat\u0103 cre\u015fterea st\u0103rii de alert\u0103. Printre provoc\u0103rile anului 2015 SRI crede c\u0103 pe primul loc se afl\u0103 fenomenul de corup\u0163ie care amenin\u0163\u0103 chiar \u015fi siguran\u0163a na\u0163ional\u0103, iar pe ultimul loc aminte\u015fte de manifest\u0103rile extremiste care pot influen\u0163a raporturile entice \u015fi sociale.<\/p>\n<p style=\"text-align: justify;\"><strong>\u015eapte la sut\u0103 dintre rom\u00e2ni sus\u0163in autonomia \u0162inutului Secuiesc<\/strong><\/p>\n<p style=\"text-align: justify;\">Potrivit datelor unui sondaj de opinie efectuat la mijlocul lunii septembrie, 7,1% din popula\u0163ia Rom\u00e2niei are opinii pozitive despre proiectul de lege privind autonomia \u0162inutului Secuiesc elaborat de Uniunea Democrat\u0103 Maghiar\u0103 din Rom\u00e2nia, informeaz\u0103 ziarul clujean de limb\u0103 maghiar\u0103 Kr\u00f3nika, citat de MTI.<\/p>\n<p style=\"text-align: justify;\">\u00cen sondajul realizat de Institu\u0163ia de sondare a opiniei publice INSCOP Research, 72,2% dintre intervieva\u0163i au r\u0103spuns c\u0103 au p\u0103reri negative despre autodeterminarea regiunii \u00een care maghiarii formeaz\u0103 un bloc compact, \u00een timp ce 7,1% au r\u0103spuns favorabil, iar 11,2% au adoptat o pozi\u0163ie neutr\u0103 (nu au r\u0103spuns nici favorabil \u015fi nici defavorabil). 9.5% dintre cei chestiona\u0163i nu au r\u0103spuns la \u00eentrebarea adresat\u0103 de Institu\u0163ia de sondare a opiniei publice. Sondajul a fost realizat \u00een perioada 10-15 septembrie pe un e\u015fantion de 1.085 persoane.<\/p>\n<p style=\"text-align: justify;\">De men\u0163ionat c\u0103 UDMR a decis la Congresul s\u0103u care a avut loc \u00een mai 2013, la Miercurea Ciuc c\u0103 va \u00eenainta Parlamentului rom\u00e2n un proiect de lege privind autonomia teritorial\u0103 a \u0162inutului Secuiesc. Dup\u0103 multe tergivers\u0103ri proiectul de lege a fost supus dezbaterii publice \u00een iunie 2014, iar UDMR a promis c\u0103 acest proiect va \u00eencerca s\u0103 se adreseze \u015fi societ\u0103\u0163ii rom\u00e2ne. Textul proiectului de lege nu a fost \u00eenc\u0103 definitivat \u015fi \u00eenaintat Legislativului de la Bucure\u015fti. La ultimul referendum, din 2011, 6,5% din popula\u0163ia \u0163\u0103rii s-au declarat de etnie maghiar\u0103.<\/p>\n<p style=\"text-align: justify;\">Traducerea: Bal\u00e1zs Magdolna<\/p>\n","protected":false},"excerpt":{"rendered":"<p>Raportul de activitate al Serviciului Rom\u00e2n de Informa\u0163ii (SRI) pe 2014 arat\u0103 c\u0103 n\u0103zuin\u0163ele privind autonomia \u0162inutului Secuiesc reprezint\u0103 unul dintre factorii care <\/p>\n","protected":false},"author":1,"featured_media":0,"comment_status":"open","ping_status":"open","sticky":false,"template":"","format":"standard","meta":{"footnotes":""},"categories":[1],"tags":[],"class_list":["post-1142","post","type-post","status-publish","format-standard","hentry","category-fara-categorie"],"_links":{"self":[{"href":"https:\/\/hatarok-nelkul.com\/ro\/index.php?rest_route=\/wp\/v2\/posts\/1142","targetHints":{"allow":["GET"]}}],"collection":[{"href":"https:\/\/hatarok-nelkul.com\/ro\/index.php?rest_route=\/wp\/v2\/posts"}],"about":[{"href":"https:\/\/hatarok-nelkul.com\/ro\/index.php?rest_route=\/wp\/v2\/types\/post"}],"author":[{"embeddable":true,"href":"https:\/\/hatarok-nelkul.com\/ro\/index.php?rest_route=\/wp\/v2\/users\/1"}],"replies":[{"embeddable":true,"href":"https:\/\/hatarok-nelkul.com\/ro\/index.php?rest_route=%2Fwp%2Fv2%2Fcomments&post=1142"}],"version-history":[{"count":1,"href":"https:\/\/hatarok-nelkul.com\/ro\/index.php?rest_route=\/wp\/v2\/posts\/1142\/revisions"}],"predecessor-version":[{"id":1144,"href":"https:\/\/hatarok-nelkul.com\/ro\/index.php?rest_route=\/wp\/v2\/posts\/1142\/revisions\/1144"}],"wp:attachment":[{"href":"https:\/\/hatarok-nelkul.com\/ro\/index.php?rest_route=%2Fwp%2Fv2%2Fmedia&parent=1142"}],"wp:term":[{"taxonomy":"category","embeddable":true,"href":"https:\/\/hatarok-nelkul.com\/ro\/index.php?rest_route=%2Fwp%2Fv2%2Fcategories&post=1142"},{"taxonomy":"post_tag","embeddable":true,"href":"https:\/\/hatarok-nelkul.com\/ro\/index.php?rest_route=%2Fwp%2Fv2%2Ftags&post=1142"}],"curies":[{"name":"wp","href":"https:\/\/api.w.org\/{rel}","templated":true}]}}