{"id":115,"date":"2012-07-08T19:09:00","date_gmt":"2012-07-08T16:09:00","guid":{"rendered":"http:\/\/hatarok-nelkul.com\/ro\/?p=115"},"modified":"2012-07-08T19:09:00","modified_gmt":"2012-07-08T16:09:00","slug":"nici-partidul-coalitei-maghiare-si-nici-partidul-most-hid-nu-are-in-vederea-infiintarea-unei-filiale-de-partid-in-ungaria","status":"publish","type":"post","link":"https:\/\/hatarok-nelkul.com\/ro\/?p=115","title":{"rendered":"Nici Partidul Coali\u0163ei Maghiare \u015fi nici partidul Most-Hid nu are \u00een vederea \u00eenfiin\u0163area \u201eunei filiale de partid\u201d \u00een Ungaria"},"content":{"rendered":"<p><!--[if gte mso 9]><xml> <w:WordDocument>  <w:View>Normal<\/w:View>  <w:Zoom>0<\/w:Zoom>  <w:HyphenationZone>21<\/w:HyphenationZone>  <w:Compatibility>   <w:BreakWrappedTables\/>   <w:SnapToGridInCell\/>   <w:ApplyBreakingRules\/>   <w:WrapTextWithPunct\/>   <w:UseAsianBreakRules\/>   <w:UseFELayout\/>  <\/w:Compatibility>  <w:BrowserLevel>MicrosoftInternetExplorer4<\/w:BrowserLevel> <\/w:WordDocument><\/xml><![endif]--><!--[if gte mso 10]>\n\n<style> \/* Style Definitions *\/  table.MsoNormalTable  {mso-style-name:\"Table Normal\";  mso-tstyle-rowband-size:0;  mso-tstyle-colband-size:0;  mso-style-noshow:yes;  mso-style-parent:\"\";  mso-padding-alt:0cm 5.4pt 0cm 5.4pt;  mso-para-margin:0cm;  mso-para-margin-bottom:.0001pt;  mso-pagination:widow-orphan;  font-size:10.0pt;  font-family:\"Times New Roman\";  mso-fareast-font-family:\"Times New Roman\";} <\/style>\n\n<![endif]--> <\/p>\n<div><b><span>Liderii maghiari din Slovacia<span>\u00a0 <\/span>au reac\u0163ionat \u00een<span>\u00a0 <\/span>mod diferit la afirma\u0163ia recent\u0103 a unor politicieni ai UDMR privind \u00eenregistrarea unui partid maghiar \u00een Ungaria. <\/span><\/b><\/div>\n<div><\/div>\n<div><span>Liderii Partidului Coali\u0163iei Maghiare (PCM) \u015fi cei ai forma\u0163iunii interetnice Hid-Most au afirmat c\u0103 aceste dou\u0103 forma\u0163iuni politice nu au \u00eenvedere \u00eenregistrarea \u00een Ungaria a \u201eunor filiale de partid\u201d. Potrivit PCM, maghiarii din Slovacia nici nu ar putea s\u0103 participe la \u00eenfiin\u0163area unui partid \u00een Ungaria, iar forma\u0163iunea slovaco-maghiar\u0103 \u2013 cu toate c\u0103 nu exclude &#8211;<span>\u00a0 <\/span>deocamdat\u0103 nu are \u00een vederea realizarea unei asemenea idei.<\/span><\/div>\n<div><span>Ideea \u00eenfiin\u0163\u0103rii unui partid maghiar de dincolo de grani\u0163e, care ar putea fi votat la alegerile parlamentare din Ungaria \u015fi de cet\u0103\u0163enii care au ob\u0163inut cet\u0103\u0163enia maghiar\u0103, a fost abordat\u0103 pentru prima dat\u0103 la reuniunea recent\u0103 a Consiliului Reprezentan\u0163ilor Unionali, a\u015fa-numitul miniparlament al UDMR. <\/span><\/div>\n<div><span>Pre\u015fedintele PCM, J\u00f3zsef Ber\u00e9nyi, prezent la aceast\u0103 reuniune, a precizat Agen\u0163iei ungare de Pres\u0103 MTI c\u0103 partidul s\u0103u nu poate adopta o pozi\u0163ie fa\u0163\u0103 de ini\u0163iativa UDMR, deoarece maghiarii din Slovacia nu pot ob\u0163ine nici \u00een viitor cet\u0103\u0163enia maghiar\u0103 f\u0103r\u0103 s\u0103-\u015fi piard\u0103 cet\u0103\u0163enia slovac\u0103, motiv pentru care nu pot participa la nicio \u00eenfiin\u0163area de partid. <\/span><\/div>\n<div><span>La r\u00e2ndul s\u0103u liderul grupului parlamentar al partidului Most-Hid, L\u00e1szl\u00f3 Solymos, a men\u0163ionat, \u00eentr-o declara\u0163ie acordat\u0103 MTI, c\u0103 \u00een opinia sa este prea devreme pentru discutarea unei asemenea posibibil\u0103\u0163i. Partidul Most-Hid apreciaz\u0103 aceast\u0103 ini\u0163iativ\u0103 ca fiind \u201eneobi\u015fnuit\u0103\u201d \u015fi \u201econsider\u0103 c\u0103 este consecin\u0163a politicilor promovate \u00een ultima period\u0103 de FIDESZ\u201d. R\u0103spunz\u00e2nd la \u00eentrebarea adresat\u0103 de MTI privind \u00eenfiin\u0163area \u00een viitor a unui partid maghiar \u00een Ungaria de c\u0103tre Most-Hid, L\u00e1szl\u00f3 Solymos a r\u0103spuns c\u0103 nu exclude o asemenea posibilitate, dar partidul s\u0103u \u201evrea s\u0103 fac\u0103 politic\u0103 acolo unde se afl\u0103 aleg\u0103torii s\u0103i, \u015fi acest loc este Slovacia\u201d. (<a href=\"http:\/\/www.kitekinto.hu\/\">www.kitekinto.hu<\/a> \u2013 4 iulie 2012) <\/span><\/div>\n<div><\/div>\n","protected":false},"excerpt":{"rendered":"<p>Liderii maghiari din Slovacia\u00a0 au reac\u0163ionat \u00een\u00a0 mod diferit la afirma\u0163ia recent\u0103 a unor politicieni ai UDMR privind \u00eenregistrarea unui partid maghiar \u00een <\/p>\n","protected":false},"author":1,"featured_media":0,"comment_status":"open","ping_status":"open","sticky":false,"template":"","format":"standard","meta":{"footnotes":""},"categories":[1],"tags":[],"class_list":["post-115","post","type-post","status-publish","format-standard","hentry","category-fara-categorie"],"_links":{"self":[{"href":"https:\/\/hatarok-nelkul.com\/ro\/index.php?rest_route=\/wp\/v2\/posts\/115","targetHints":{"allow":["GET"]}}],"collection":[{"href":"https:\/\/hatarok-nelkul.com\/ro\/index.php?rest_route=\/wp\/v2\/posts"}],"about":[{"href":"https:\/\/hatarok-nelkul.com\/ro\/index.php?rest_route=\/wp\/v2\/types\/post"}],"author":[{"embeddable":true,"href":"https:\/\/hatarok-nelkul.com\/ro\/index.php?rest_route=\/wp\/v2\/users\/1"}],"replies":[{"embeddable":true,"href":"https:\/\/hatarok-nelkul.com\/ro\/index.php?rest_route=%2Fwp%2Fv2%2Fcomments&post=115"}],"version-history":[{"count":0,"href":"https:\/\/hatarok-nelkul.com\/ro\/index.php?rest_route=\/wp\/v2\/posts\/115\/revisions"}],"wp:attachment":[{"href":"https:\/\/hatarok-nelkul.com\/ro\/index.php?rest_route=%2Fwp%2Fv2%2Fmedia&parent=115"}],"wp:term":[{"taxonomy":"category","embeddable":true,"href":"https:\/\/hatarok-nelkul.com\/ro\/index.php?rest_route=%2Fwp%2Fv2%2Fcategories&post=115"},{"taxonomy":"post_tag","embeddable":true,"href":"https:\/\/hatarok-nelkul.com\/ro\/index.php?rest_route=%2Fwp%2Fv2%2Ftags&post=115"}],"curies":[{"name":"wp","href":"https:\/\/api.w.org\/{rel}","templated":true}]}}