{"id":1162,"date":"2015-11-10T22:27:03","date_gmt":"2015-11-10T20:27:03","guid":{"rendered":"http:\/\/hatarok-nelkul.com\/ro\/?p=1162"},"modified":"2015-11-10T22:27:03","modified_gmt":"2015-11-10T20:27:03","slug":"congresul-fidesz-va-avea-loc-pe-15-noiembrie","status":"publish","type":"post","link":"https:\/\/hatarok-nelkul.com\/ro\/?p=1162","title":{"rendered":"Congresul Fidesz va avea loc pe 15 noiembrie"},"content":{"rendered":"<figure id=\"attachment_1163\" aria-describedby=\"caption-attachment-1163\" style=\"width: 150px\" class=\"wp-caption alignleft\"><a href=\"https:\/\/hatarok-nelkul.com\/ro\/wp-content\/uploads\/2015\/11\/fidessz.jpg\"><img loading=\"lazy\" decoding=\"async\" class=\"size-thumbnail wp-image-1163 \" alt=\"fidessz\" src=\"https:\/\/hatarok-nelkul.com\/ro\/wp-content\/uploads\/2015\/11\/fidessz-150x150.jpg\" width=\"150\" height=\"150\" \/><\/a><figcaption id=\"caption-attachment-1163\" class=\"wp-caption-text\">Sursa:<br \/>karpathir.com<\/figcaption><\/figure>\n<p style=\"text-align: justify;\">Cel de-al 26-lea congres al Fidesz va avea loc pe 15 noiembrie, a anun\u0163at pre\u015fedintele grupului parlamentar al Fidesz, J\u00e1nos Hal\u00e1sz, care a precizat c\u0103 la acest congres va fi aleas\u0103 noua conducere a acestei forma\u0163iuni politice. La ultimul congres, care a fost organizat \u00een septembrie 2013, Viktor Orb\u00e1n a fost reales \u00een func\u0163ie de pre\u015fedinte al partidului, iar Lajos K\u00f3sa, J\u00e1nos L\u00e1z\u00e1r, Ildik\u00f3 Pelczn\u00e9 G\u00e1ll \u015fi Zolt\u00e1n Pokorni au fost ale\u015fi vicepre\u015fedin\u0163ii partidului, informeaz\u0103 portalul hirado.hu. <!--more--><\/p>\n<p style=\"text-align: justify;\">\u00cen viitoarele posturi de vicepre\u015fedinte al Fidesz ar putea s\u0103 intervin\u0103 mai multe schimb\u0103ri. Lajos K\u00f3sa a semnalat deja c\u0103, dup\u0103 alegerea sa ca pre\u015fedinte al grupului parlamentar al Fidesz, este posibil s\u0103 nu mai candideze pentru un nou mandat de vicepre\u015fedinte, deoarece \u015fi \u00een calitate de lider al grupului parlamentar este deja membru al prezidiului partidului. Totodat\u0103, pe func\u0163iile de vicepre\u015fedinte de\u0163inute de J\u00e1nos L\u00e1z\u00e1r \u015fi Zolt\u00e1n Pokorni fi ale\u015fi al\u0163i politicieni. Primarul sectorului XII, Zolt\u00e1n Pokorni, a declarat c\u0103 nu va candida pentru postul de vicepre\u015fedinte al Fidesz, iar J\u00e1nos L\u00e1z\u00e1r, ministru al Cancelariei premierului Ungariei, a precizat c\u0103 o lege nescris\u0103 a Fidesz prevede c\u0103 un membru al guvernului nu poate s\u0103 \u00ee\u015fi asume o func\u0163ie \u00een conducerea partidului.<\/p>\n<p style=\"text-align: justify;\">Traducerea: P\u00e9terffy T\u00fcnde<\/p>\n","protected":false},"excerpt":{"rendered":"<p>Cel de-al 26-lea congres al Fidesz va avea loc pe 15 noiembrie, a anun\u0163at pre\u015fedintele grupului parlamentar al Fidesz, J\u00e1nos Hal\u00e1sz, care a <\/p>\n","protected":false},"author":1,"featured_media":0,"comment_status":"open","ping_status":"open","sticky":false,"template":"","format":"standard","meta":{"footnotes":""},"categories":[1],"tags":[],"class_list":["post-1162","post","type-post","status-publish","format-standard","hentry","category-fara-categorie"],"_links":{"self":[{"href":"https:\/\/hatarok-nelkul.com\/ro\/index.php?rest_route=\/wp\/v2\/posts\/1162","targetHints":{"allow":["GET"]}}],"collection":[{"href":"https:\/\/hatarok-nelkul.com\/ro\/index.php?rest_route=\/wp\/v2\/posts"}],"about":[{"href":"https:\/\/hatarok-nelkul.com\/ro\/index.php?rest_route=\/wp\/v2\/types\/post"}],"author":[{"embeddable":true,"href":"https:\/\/hatarok-nelkul.com\/ro\/index.php?rest_route=\/wp\/v2\/users\/1"}],"replies":[{"embeddable":true,"href":"https:\/\/hatarok-nelkul.com\/ro\/index.php?rest_route=%2Fwp%2Fv2%2Fcomments&post=1162"}],"version-history":[{"count":1,"href":"https:\/\/hatarok-nelkul.com\/ro\/index.php?rest_route=\/wp\/v2\/posts\/1162\/revisions"}],"predecessor-version":[{"id":1164,"href":"https:\/\/hatarok-nelkul.com\/ro\/index.php?rest_route=\/wp\/v2\/posts\/1162\/revisions\/1164"}],"wp:attachment":[{"href":"https:\/\/hatarok-nelkul.com\/ro\/index.php?rest_route=%2Fwp%2Fv2%2Fmedia&parent=1162"}],"wp:term":[{"taxonomy":"category","embeddable":true,"href":"https:\/\/hatarok-nelkul.com\/ro\/index.php?rest_route=%2Fwp%2Fv2%2Fcategories&post=1162"},{"taxonomy":"post_tag","embeddable":true,"href":"https:\/\/hatarok-nelkul.com\/ro\/index.php?rest_route=%2Fwp%2Fv2%2Ftags&post=1162"}],"curies":[{"name":"wp","href":"https:\/\/api.w.org\/{rel}","templated":true}]}}