{"id":1166,"date":"2015-11-17T22:03:11","date_gmt":"2015-11-17T20:03:11","guid":{"rendered":"http:\/\/hatarok-nelkul.com\/ro\/?p=1166"},"modified":"2015-11-17T22:03:11","modified_gmt":"2015-11-17T20:03:11","slug":"tribunalul-judetean-cluj-va-rejudeca-dosarul-tablitelor-indicatoare-din-cluj-napoca","status":"publish","type":"post","link":"https:\/\/hatarok-nelkul.com\/ro\/?p=1166","title":{"rendered":"Tribunalul Jude\u0163ean Cluj va rejudeca dosarul t\u0103bli\u0163elor indicatoare din Cluj-Napoca"},"content":{"rendered":"<figure id=\"attachment_1167\" aria-describedby=\"caption-attachment-1167\" style=\"width: 150px\" class=\"wp-caption alignleft\"><a href=\"https:\/\/hatarok-nelkul.com\/ro\/wp-content\/uploads\/2015\/11\/ketnyelvu_marosvasarhely.jpg\"><img loading=\"lazy\" decoding=\"async\" class=\"size-thumbnail wp-image-1167 \" alt=\"Az \u00f6tvenedik k\u00e9tnyelv\u00fb utcan\u00e9vt\u00e1bl\u00e1t szerelt\u00e9k fel Marosv\" src=\"https:\/\/hatarok-nelkul.com\/ro\/wp-content\/uploads\/2015\/11\/ketnyelvu_marosvasarhely-150x150.jpg\" width=\"150\" height=\"150\" \/><\/a><figcaption id=\"caption-attachment-1167\" class=\"wp-caption-text\">Sursa:<br \/>polgarportal.hu<\/figcaption><\/figure>\n<p style=\"text-align: justify;\">Tribunalul Jude\u0163ean Cluj a dispus redeschiderea cazului t\u0103bli\u0163elor indicatoare din Cluj-Napoca, a informat tribunalul pe portalul instan\u0163elor din Rom\u00e2nia. Tribunalul \u015fi-a motivat decizia prin faptul c\u0103, pe parcursul procedurii anterioare, reclamatul, Prim\u0103ria Cluj-Napoca, nu a fost \u00een\u015ftiin\u0163at\u0103 despre o parte a sesiz\u0103rilor depuse pentru su\u0163inerea reclamantului, Asocia\u0163ia Minority Rights. De men\u0163ionat c\u0103 403 cet\u0103\u0163eni ai ora\u015fului Cluj-Napoca au \u00eenaintat tribunalului solicit\u0103ri pentru sus\u0163inerea asocia\u0163iei amintite. <!--more-->Curtea de Apel Cluj a solicitat, \u00een acela\u015fi timp, Prim\u0103riei Cluj-Napoca o informare cu privire la situa\u0163ia proiectului privind construirea por\u0163ilor ora\u015fului. Pre\u015fedintele Asocia\u0163iei Minority Rights, S\u00e1ndor Sz\u0151cs, a declarat Agen\u0163iei ungare de Pres\u0103 MTI c\u0103 \u00eencercarea de a comasa cazul pl\u0103cu\u0163elor cu denumirile str\u0103zilor \u00a0cu poiectul por\u0163ile ora\u015fuluiar fi o diversiune a prim\u0103riei. Este de amintit faptul c\u0103 Prim\u0103ria Cluj-Napoca a lansat recent o licita\u0163ie pentru construirea unor por\u0163i ale ora\u015fului, pe care ar urma s\u0103 se scrie \u015fi \u00een limba maghiar\u0103, pe l\u00e2ng\u0103 limbile de circula\u0163ie interna\u0163ional\u0103, o urare de bun-venit celor care sosesc \u00een ora\u015f.<\/p>\n<p style=\"text-align: justify;\">Traducerea: P\u00e9terffy T\u00fcnde<\/p>\n<p>&nbsp;<\/p>\n","protected":false},"excerpt":{"rendered":"<p>Tribunalul Jude\u0163ean Cluj a dispus redeschiderea cazului t\u0103bli\u0163elor indicatoare din Cluj-Napoca, a informat tribunalul pe portalul instan\u0163elor din Rom\u00e2nia. Tribunalul \u015fi-a motivat decizia <\/p>\n","protected":false},"author":1,"featured_media":0,"comment_status":"open","ping_status":"open","sticky":false,"template":"","format":"standard","meta":{"footnotes":""},"categories":[1],"tags":[],"class_list":["post-1166","post","type-post","status-publish","format-standard","hentry","category-fara-categorie"],"_links":{"self":[{"href":"https:\/\/hatarok-nelkul.com\/ro\/index.php?rest_route=\/wp\/v2\/posts\/1166","targetHints":{"allow":["GET"]}}],"collection":[{"href":"https:\/\/hatarok-nelkul.com\/ro\/index.php?rest_route=\/wp\/v2\/posts"}],"about":[{"href":"https:\/\/hatarok-nelkul.com\/ro\/index.php?rest_route=\/wp\/v2\/types\/post"}],"author":[{"embeddable":true,"href":"https:\/\/hatarok-nelkul.com\/ro\/index.php?rest_route=\/wp\/v2\/users\/1"}],"replies":[{"embeddable":true,"href":"https:\/\/hatarok-nelkul.com\/ro\/index.php?rest_route=%2Fwp%2Fv2%2Fcomments&post=1166"}],"version-history":[{"count":1,"href":"https:\/\/hatarok-nelkul.com\/ro\/index.php?rest_route=\/wp\/v2\/posts\/1166\/revisions"}],"predecessor-version":[{"id":1168,"href":"https:\/\/hatarok-nelkul.com\/ro\/index.php?rest_route=\/wp\/v2\/posts\/1166\/revisions\/1168"}],"wp:attachment":[{"href":"https:\/\/hatarok-nelkul.com\/ro\/index.php?rest_route=%2Fwp%2Fv2%2Fmedia&parent=1166"}],"wp:term":[{"taxonomy":"category","embeddable":true,"href":"https:\/\/hatarok-nelkul.com\/ro\/index.php?rest_route=%2Fwp%2Fv2%2Fcategories&post=1166"},{"taxonomy":"post_tag","embeddable":true,"href":"https:\/\/hatarok-nelkul.com\/ro\/index.php?rest_route=%2Fwp%2Fv2%2Ftags&post=1166"}],"curies":[{"name":"wp","href":"https:\/\/api.w.org\/{rel}","templated":true}]}}