{"id":117,"date":"2012-07-05T21:06:00","date_gmt":"2012-07-05T18:06:00","guid":{"rendered":"http:\/\/hatarok-nelkul.com\/ro\/?p=117"},"modified":"2012-07-05T21:06:00","modified_gmt":"2012-07-05T18:06:00","slug":"autoritatile-de-la-bucuresti-creaza-un-precedent-periculos","status":"publish","type":"post","link":"https:\/\/hatarok-nelkul.com\/ro\/?p=117","title":{"rendered":"Autorit\u0103\u0163ile de la Bucure\u015fti creaz\u0103 un precedent periculos"},"content":{"rendered":"<table align=\"center\" cellpadding=\"0\" cellspacing=\"0\">\n<tbody>\n<tr>\n<td><a href=\"http:\/\/4.bp.blogspot.com\/-l8WzBhFe4oA\/T_cliMy3cXI\/AAAAAAAAAAc\/1PjQCBOr-eE\/s1600\/colegiul-miko.jpg\" imageanchor=\"1\"><img loading=\"lazy\" decoding=\"async\" border=\"0\" height=\"300\" src=\"http:\/\/4.bp.blogspot.com\/-l8WzBhFe4oA\/T_cliMy3cXI\/AAAAAAAAAAc\/1PjQCBOr-eE\/s400\/colegiul-miko.jpg\" width=\"400\"><\/a><\/td>\n<\/tr>\n<tr>\n<td>Foto: Colegiul Miko\/ sursa www.e-stireazilei.ro<\/td>\n<\/tr>\n<\/tbody>\n<\/table>\n<p><\/p>\n<div><span>\u00cen ultima perioad\u0103 s-a \u00een\u0103sprit lupta \u00eempotriva corup\u0163iei, mai mul\u0163i lideri politici, fiind condamna\u0163i la \u00eenchisoare cu executarea pedepsei. Cei \u00een cauz\u0103 vorbesc despre regl\u0103ri de conturi, de influen\u0163\u0103 politic\u0103 exercitat\u0103 asupra justi\u0163iei, \u00eens\u0103 comunitatea interna\u0163ional\u0103 nu a adoptat deocamdat\u0103 nicio pozi\u0163ie, nu a f\u0103cut un caz &#8211; Timosenko din\u00a0 nici unul dintre cazurile din Ro<\/span><span>m\u00e2nia<\/span><span>. <\/span><\/div>\n<div><span>\u00cen zilele trecute justi\u0163ia rom\u00e2n\u0103 a comis o eroare capital\u0103. Dac\u0103 instan\u0163ele de recurs nu vor remedia aceast\u0103 eroare, prestigiul interna\u0163ional al Rom\u00e2niei va putea fi serios \u015ftirbit, care \u015fi a\u015fa este destul de zdruncinat din cauza conflictului dintre premier \u015fi \u015feful statului.<\/span><\/div>\n<div><span>\u00cen data de 29 iunie 2012, Judec\u0103toria Buz\u0103u i-a condamnat la trei ani de \u00eenchisoare cu executarea pedepsei pe cei trei membrii ai Comisiei speciale de restiturie a unor bunuri imobiliare na\u0163ionalizate, care a restituit Colegiul Secuiesc Mik\u00f3, situat \u00een municipiul Sf\u00e2ntu Gheorghe, Eparhiei Reformate din Ardeal. <\/span><\/div>\n<div><span>Direc\u0163ia Na\u0163ional\u0103 Anticorup\u0163ie (<\/span><span>DNA<\/span><span>) i-a trimis \u00een judecat\u0103 pe<\/span> <span>Attila-G\u00e1bor Mark\u00f3, secretar de stat al Departamentului pentru Rela<\/span><span>\u0163ii Interetnice din Guvernul <\/span><span>Rom\u00e2niei<\/span><span>, Tam\u00e1s Marosan, reprezentantul Eparhiei Reformate din Ardeal, \u015fi Silviu Clim, fost consilier juridic \u00een cadrul Ministerului Justi\u0163iei, acuza\u0163i de abuz \u00een serviciu contra intereselor publice<\/span>. <span>Potrivit acuza\u0163iei, cei trei membri ai comisiei au restituit imobilul Eparhiei Reformate din Ardeal pe baza unor documente nevalabile. Astfel, Judec\u0103toria Buz\u0103u a considerat actul de retrocedare nul, dispun\u00e2nd totodat\u0103 \u015fi scoaterea din eviden\u0163a C\u0103r\u0163ii Funciare a Eparhiei Reformate, ca proprietar al imobilului \u00een care func\u0163ioneaz\u0103 Colegiul Secuiesc Mik\u00f3. Potrivit motiva\u0163iei instan\u0163ei, prin aceste fapte, acuza\u0163ii au prejudiciat Prim\u0103ria Sf\u00e2ntu Gheorghe, \u00eens\u0103 Prim\u0103ria a recunoscut de la bun \u00eenceput dreptul de proprietate al Bisericii asupra imobilului, dar nu a f\u0103cut recurs la decizia privind restituirea.<\/span><\/div>\n<div><span>Aceast\u0103 problem\u0103 a \u00eenceput cu ani \u00een urm\u0103 c\u00e2nd dou\u0103 familii de etnie maghiar\u0103 au sesizat Direc\u0163ia Na\u0163ional\u0103 Anticorup\u0163ie (<\/span><span>DNA<\/span><span>), deoarece \u00eenainte de schimbarea regimului ele ocupau \u00een calitate de chiria\u015fi locuin\u0163ele na\u0163ionalizate, destinate profesorilor, aferente Colegiului Secuiesc Mik\u00f3, iar \u00een anii 90 au cump\u0103rat respectivele locuin\u0163e. Procedura de restituire s-a referit \u015fi la aceste locuin\u0163e ale profesorilor, iar cele dou\u0103 familii au pus sub semnul \u00eendoieli dreptul de proprietate a Bisericii asupra colegiului, deoarece acest imobil (care \u00een prezent include dou\u0103 institu\u0163ii de \u00eenv\u0103\u0163\u0103m\u00e2nt: Colegiul Secuiesc Mik\u00f3 \u015fi Liceul Teologic Reformat) au fost construite din dona\u0163ii, ceea ce nu aduce atingeri dreptului de proprietate, fiindc\u0103 ac\u0163iunea de donare a fost organizat\u0103 de Biseric\u0103 \u00een vederea construirii colegiului.<\/span><\/div>\n<div><span>\u00cen urma tergivers\u0103rii procedurilor, cei \u00een cauz\u0103 au \u00een\u0163eles dup\u0103 un timp c\u0103 acest caz, care la \u00eenceput p\u0103rea c\u0103 este o pur\u0103 formalitate, acum ar putea s\u0103 devin\u0103 foarte serioas\u0103. Organiza\u0163iile maghiare se tem c\u0103 procesul-Mik\u00f3 poate crea un precedent periculos din punct de vedere al rena\u0163ionliz\u0103rii unor imobile apar\u0163in\u00e2nd Bisericii.<\/span><\/div>\n<div><span>Acuza\u0163ii au procedat astfel \u00een baza unei ordonan\u0163e de urgen\u0163\u0103 guvernamental\u0103 care a stabilit imobilele care urmeaz\u0103 s\u0103 fie restituite. Ordonan\u0163a de urgen\u0163\u0103 a fost semnat\u0103 \u00een 2000 de <i>P\u00e9ter Eckstein-Kov\u00e1cs<\/i>, \u00een calitate de ministru responsabil pentru minorit\u0103\u0163i. Juristul-politician a declarat cotidianului <i>\u201eN<\/i><\/span><i><span lang=\"HU\">\u00e9<\/span><\/i><i><span>pszava\u201d<\/span><\/i><span> c\u0103 decizia instan\u0163ei este absurd\u0103, deoarece \u00een acea vreme nu a existat o lege privind restutirea unor imobile, iar Guvernul rom\u00e2n a fost \u00eencredin\u0163at s\u0103 retrocedeze, pe baza unei ordonan\u0163e, unele imobile na\u0163ionalizate organiza\u0163iilor minorit\u0103\u0163ilor na\u0163ionale \u015fi bisericilor. Aceast\u0103 comisie de restiture a procedat legal, respect\u00e2nd prevederile ordonan\u0163ei, iar din punct de vedere juridic nu e nimic de obiectat, a subliniat P\u00e9ter Eckstein-Kov\u00e1cs. \u201e\u00cen Transilvania a fost \u015fi exist\u0103 \u015fi acum un sistem al C\u0103r\u0163ii Funciare \u015fi se poate dovedi negru pe alb c\u0103 imobilul a fost na\u0163ionalizat, preluat de c\u0103tre stat de la Biseric\u0103 Reformat\u0103, la \u00eenceputul anilor 50, iar acum a fost restituit proprietarului de drept. Sistemul judiciar \u00een Rom\u00e2nia se constituie \u00een trei grade. Mai sunt dou\u0103 posibilit\u0103\u0163i pentru a rectifica acest <<justis mord>>. Pentru mine este de ne\u00een\u0163eles ceea ce s-a \u00eent\u00e2mplat, \u00eens\u0103 <b>nu cred c\u0103 este o idee bun\u0103 &#8211; cu toate c\u0103 \u015ftiu bine c\u0103 le cade bine celor trei acuza\u0163i &#8211; ca UDMR s\u0103 fac\u0103 din acest\u0103 problem\u0103 de justi\u0163ie o chestiune politic\u0103<\/b>. Cred c\u0103 actuala conjunctur\u0103 rom\u00e2neasc\u0103 nu ajut\u0103 cu nimic \u00een aceast caz. \u00cen sistemul juridic din Rom\u00e2nia sunt unele lucruri absurde, dar aceast\u0103 gre\u015feal\u0103 grosolan\u0103, comis\u0103 la Judec\u0103toria Buz\u0103u, sunt convins c\u0103 va fi revizut\u0103 de instane\u0163ele superioare. Nu-mi pot imagina ca aceast\u0103 condamnare absurd\u0103 va r\u0103m\u00e2ne a\u015fa\u201d, a declarat P\u00e9ter Eckstein-Kov\u00e1cs.<\/span><\/div>\n<div><\/div>\n<div><span>Alte opinii despre acest caz:<\/span><\/div>\n<div><\/div>\n<div><i><span>Pre\u015fedintele UMDR, Hunor Kelemen<\/span><\/i><span>: \u201eNu se cuvine ca un politician s\u0103 comenteze hot\u0103r\u00e2rile justi\u0163iei. \u00cens\u0103, acest caz este o excep\u0163ie, deoarece aici nu a fost vorba de abuz \u00een serviciu sau de corup\u0163ie. Cu toate c\u0103 cei trei, Attila-G\u00e1bor Mark\u00f3, Marosan Tam\u00e1s \u015fi Silviu Clim, nu au f\u0103cut altceva, dec\u00e2t s\u0103 aplice prevederile legii, sunt condamna\u0163i la trei ani de \u00eenchisoare cu executarea pedepsei\u201d.<\/span><\/div>\n<div><\/div>\n<div><i><span>Primarul municipiului Sf\u00e2ntu Gheorghe, \u00c1rp\u00e1d Antal<\/span><\/i><span>: \u201eCei care au sus\u0163inut aceast\u0103 decizie, de fapt testeaz\u0103 reac\u0163iile UDMR \u015fi ale comunit\u0103\u0163ilor maghiare din Transilvania. Toat\u0103 lumea trebuie s\u0103 abordeze acest proces ca \u015fi cum ar fi condamnat\u0103 chiar ea \u00eens\u0103\u015fi (comunitatea maghiar<\/span><span>\u0103<\/span><span>) la trei ani de \u00eenchisoare\u201d.<\/span><\/div>\n<div><\/div>\n<div><i><span>Secretarul general al UDMR, L\u00e1szl\u00f3 Borb\u00e9ly<\/span><\/i><span>: \u201eAcesta nu este un stat de drept, ci un stat de chirpici. Comunitatea maghiar\u0103 trebuie s\u0103 \u00ee\u015fi ridice glasul pentru ca nimeni s\u0103 nu ajung\u0103 \u00een situa\u0163ia lui Attila Mark<\/span><span lang=\"HU\">\u00f3<\/span><span> sau Zsolt Nagy. \u00cempotriva acestuia din urm\u0103 se deruleaz\u0103 o anchet\u0103 de patru ani din cauza unei jum\u0103t\u0103\u0163i de propozi\u0163ie rostit\u0103\u201d.<\/span><\/div>\n<div><\/div>\n<div><i><span>Pozi\u0163ia UDMR<\/span><\/i><span>: \u201eDecizia pronun\u0163at\u0103 de Judec\u0103toria Buz\u0103u este una din cele mai m\u00e2r\u015fave atacuri lansate la adresa comunit\u0103\u0163ii maghiare din Transilvania. UDMR va depune tot efortul pentru ca procesul-Mik\u00f3 s\u0103 ajung\u0103 la cele mai \u00eenalte foruri interna\u0163ionale\u201d. (www.nepszava.hu \u2013 3 iulie 2012) <\/span><\/div>\n<div><\/div>\n<div><i><span>Reac\u0163ia Guvernului ungar<\/span><\/i><b><span> (<\/span><\/b><span>www.magyarhirlap \u2013 3 iulie 2012) &#8211; Guvernul ungar \u015fi-a exprimat nedumerirea fa\u0163\u0103 de sentin\u0163a pronun\u0163at\u0103 \u00een procesul-Mik\u00f3. Vicepremierul responsabil pentru politica na\u0163ional\u0103, Zsolt Semj\u00e9n, secretarul adjunct responsabil pentru politica na\u0163ional\u0103, Zsuzsanna R\u00e9p\u00e1s, \u015fi secretarul de stat \u00een Ministerul ungar de Externe, Zsolt N\u00e9meth, au adoptat o pozi\u0163ie comun\u0103, exprim\u00e2ndu-se solidaritatea cu cei trei membrii ai Comisiei speciale de restituire a unor imobile na\u0163ionalizate, Attila-G\u00e1bor Mark\u00f3, Marosan Tam\u00e1s \u015fi Silviu Clim, condamna\u0163i la \u00eenchisoare cu executarea pedepsei. Oficialii ungari au mai subliniat c\u0103 vor depune eforturi pentru ca procesul-Mik\u00f3 s\u0103 ajung\u0103 la cele mai importante foruri interna\u0163ionale.<\/span><\/div>\n<div><\/div>\n<p><span>Potrivit ultimelor informa\u0163ii publicate de www.magyarhirlap.hu , \u00een cursul zilei de mar\u0163i a fost atacat\u0103 cu recurs decizia \u00een prima instan\u0163\u0103 de condamnare cu executare a membrilor comisiei de restituire care au retrocedat cl\u0103direa Colegiului Secuiesc Mik\u00f3. <\/span><br \/><span><a href=\"http:\/\/hirekhataroknelkul.blogspot.ro\/2012\/07\/veszelyes-precedenst-teremt-bukarest.html\">magyarul<\/a><\/span><\/p>\n","protected":false},"excerpt":{"rendered":"<p>Foto: Colegiul Miko\/ sursa www.e-stireazilei.ro \u00cen ultima perioad\u0103 s-a \u00een\u0103sprit lupta \u00eempotriva corup\u0163iei, mai mul\u0163i lideri politici, fiind condamna\u0163i la \u00eenchisoare cu executarea <\/p>\n","protected":false},"author":1,"featured_media":0,"comment_status":"open","ping_status":"open","sticky":false,"template":"","format":"standard","meta":{"footnotes":""},"categories":[1],"tags":[],"class_list":["post-117","post","type-post","status-publish","format-standard","hentry","category-fara-categorie"],"_links":{"self":[{"href":"https:\/\/hatarok-nelkul.com\/ro\/index.php?rest_route=\/wp\/v2\/posts\/117","targetHints":{"allow":["GET"]}}],"collection":[{"href":"https:\/\/hatarok-nelkul.com\/ro\/index.php?rest_route=\/wp\/v2\/posts"}],"about":[{"href":"https:\/\/hatarok-nelkul.com\/ro\/index.php?rest_route=\/wp\/v2\/types\/post"}],"author":[{"embeddable":true,"href":"https:\/\/hatarok-nelkul.com\/ro\/index.php?rest_route=\/wp\/v2\/users\/1"}],"replies":[{"embeddable":true,"href":"https:\/\/hatarok-nelkul.com\/ro\/index.php?rest_route=%2Fwp%2Fv2%2Fcomments&post=117"}],"version-history":[{"count":0,"href":"https:\/\/hatarok-nelkul.com\/ro\/index.php?rest_route=\/wp\/v2\/posts\/117\/revisions"}],"wp:attachment":[{"href":"https:\/\/hatarok-nelkul.com\/ro\/index.php?rest_route=%2Fwp%2Fv2%2Fmedia&parent=117"}],"wp:term":[{"taxonomy":"category","embeddable":true,"href":"https:\/\/hatarok-nelkul.com\/ro\/index.php?rest_route=%2Fwp%2Fv2%2Fcategories&post=117"},{"taxonomy":"post_tag","embeddable":true,"href":"https:\/\/hatarok-nelkul.com\/ro\/index.php?rest_route=%2Fwp%2Fv2%2Ftags&post=117"}],"curies":[{"name":"wp","href":"https:\/\/api.w.org\/{rel}","templated":true}]}}