{"id":118,"date":"2012-07-04T11:47:00","date_gmt":"2012-07-04T08:47:00","guid":{"rendered":"http:\/\/hatarok-nelkul.com\/ro\/?p=118"},"modified":"2012-07-04T11:47:00","modified_gmt":"2012-07-04T08:47:00","slug":"concluziile-europarlamentarului-tamas-gaudi-nagy-privind-desfasurarea-festivalului-insulei-secuiesti","status":"publish","type":"post","link":"https:\/\/hatarok-nelkul.com\/ro\/?p=118","title":{"rendered":"Concluziile europarlamentarului Tam\u00e1s Gaudi-Nagy privind desf\u0103\u015furarea festivalului Insulei Secuie\u015fti"},"content":{"rendered":"<p><!--[if gte mso 9]><xml> <w:WordDocument>  <w:View>Normal<\/w:View>  <w:Zoom>0<\/w:Zoom>  <w:HyphenationZone>21<\/w:HyphenationZone>  <w:Compatibility>   <w:BreakWrappedTables\/>   <w:SnapToGridInCell\/>   <w:ApplyBreakingRules\/>   <w:WrapTextWithPunct\/>   <w:UseAsianBreakRules\/>   <w:UseFELayout\/>  <\/w:Compatibility>  <w:BrowserLevel>MicrosoftInternetExplorer4<\/w:BrowserLevel> <\/w:WordDocument><\/xml><![endif]--><!--[if gte mso 10]>\n\n<style> \/* Style Definitions *\/  table.MsoNormalTable  {mso-style-name:\"Table Normal\";  mso-tstyle-rowband-size:0;  mso-tstyle-colband-size:0;  mso-style-noshow:yes;  mso-style-parent:\"\";  mso-padding-alt:0cm 5.4pt 0cm 5.4pt;  mso-para-margin:0cm;  mso-para-margin-bottom:.0001pt;  mso-pagination:widow-orphan;  font-size:10.0pt;  font-family:\"Times New Roman\";  mso-fareast-font-family:\"Times New Roman\";} <\/style>\n\n<![endif]--> <\/p>\n<div><span>Potrivit informa\u0163iilor portalului <a href=\"http:\/\/www.hunhir.info\/\">www.hunhir.info<\/a>, deputatul \u00een Parlamentul ungar, Tam\u00e1s Gaudi-Nagy, a prezentat la \u015fedin\u0163a din 2 iulie a Comisiei pentru drepturile omului din Legislativul ungar concluziile sale privind desf\u0103\u015furarea taberei patriotice, cea de-a IV-a edi\u0163ie a festivalului Insulei Secuie\u015fti. Deputatul ungar s-a referit \u015fi la h\u0103r\u0163uirea autorit\u0103\u0163ilor rom\u00e2ne exercitat\u0103 asupra acestei manifest\u0103ri, organizat\u0103 de Mi\u015fcarea Tinerilor din cele 64 de Comitate (HVIM).<\/span><\/div>\n<div><span>Dup\u0103 cum a relatat Tam\u00e1s Gaudi-Nagy, reprezentan\u0163ii Serviciului de Impozite \u015fi Taxe Locale, ai Servicului Protec\u0163iei Consumatorilor, precum \u015fi autorit\u0103\u0163ile locale<span>\u00a0 <\/span>au \u00eentreprins \u00een mod sistematic mai multe controale prin care i-au intimdat pe participan\u0163ii festivalului, le-au lezat demnitatea lor, f\u0103c\u00e2ndu-se imposibil\u0103 desf\u0103\u015furarea activit\u0103\u0163ii unor comercian\u0163i de bun\u0103-credin\u0163\u0103, participan\u0163i ai festivalului, sau func\u0163ionarea unor servicii. Ba mai mult, \u00een cazul unor comercian\u0163i au fost aplicate \u015fi amenzi. Toate aceste ac\u0163iuni au fost completate de prezen\u0163a for\u0163elor Poli\u0163iei Rom\u00e2ne. \u00cen timpul spectacolelor \u015fi programelor culturale au circulat permanent ma\u015finile poli\u0163iei, umbrind astfel aceast\u0103 manifestare, la care au participat foarte mul\u0163i tineri secui.<\/span><span lang=\"HU\"><\/span><\/div>\n<div><span>Tam\u00e1s Gaudi-Nagy a solicitat pre\u015fedintelui Comisiei pentru drepturile omului din Parlamentul ungar, Tam\u00e1s Luk\u00e1cs (FIDESZ-KDNP), ca \u2013 asem\u0103n\u0103tor cazului J\u00f3zsef Nyir\u0151 \u2013 amintita comisie s\u0103 adreseze o scrisoare Comisiei rom\u00e2ne pentru drepturile omului, \u00een care s\u0103 solicite verificarea cazului (cele \u00eent\u00e2mplate la festival), exprim\u00e2ndu-\u015fi, totodat\u0103, indignarea sa din cauza discrimin\u0103rii. Aceste controale sistematice \u015fi asem\u0103n\u0103toare cu cele \u00eentreprinse la festivalul Insulei Secuie\u015fti pot fi acceptate numai \u00een cazul \u00een care fiecare tab\u0103r\u0103 \u015fi manifestare cultural\u0103 care are loc pe teritoriul Rom\u00e2niei ar fi supus\u0103 controalelor similare. Dar \u00een cazul de fa\u0163\u0103 nu este vorba despre a\u015fa ceva; este evident c\u0103 scopul ac\u0163iunilor discriminative defavorabile a fost: intimidarea \u015fi \u00eensp\u0103im\u00e2ntarea a celor 700 de mii de membrii ai comunit\u0103\u0163ii secuie\u015fti pentru a nu mai participa la manifest\u0103ri de mare anvergur\u0103 \u015fi pentru a renun\u0163a la \u00eent\u0103rirea ideii de solidaritate, a conchis Tam\u00e1s Gaudi-Nagy.<\/span><\/div>\n<div><span>La r\u00e2ndul s\u0103u pre\u015fedintele Comisiei pentru drepturile omului din Parlamentul ungar, Tam\u00e1s Luk\u00e1cs, a men\u0163ionat c\u0103, dac\u0103 va primi raportul Comisiei pentru afaceri externe a Legislativului, va verifica cazul \u015fi \u00een func\u0163ie de rezultate va decide \u015fi despe pa\u015fii urm\u0103tori. (2 iulie 2012) <\/span><span><\/span><\/div>\n","protected":false},"excerpt":{"rendered":"<p>Potrivit informa\u0163iilor portalului www.hunhir.info, deputatul \u00een Parlamentul ungar, Tam\u00e1s Gaudi-Nagy, a prezentat la \u015fedin\u0163a din 2 iulie a Comisiei pentru drepturile omului din <\/p>\n","protected":false},"author":1,"featured_media":0,"comment_status":"open","ping_status":"open","sticky":false,"template":"","format":"standard","meta":{"footnotes":""},"categories":[1],"tags":[],"class_list":["post-118","post","type-post","status-publish","format-standard","hentry","category-fara-categorie"],"_links":{"self":[{"href":"https:\/\/hatarok-nelkul.com\/ro\/index.php?rest_route=\/wp\/v2\/posts\/118","targetHints":{"allow":["GET"]}}],"collection":[{"href":"https:\/\/hatarok-nelkul.com\/ro\/index.php?rest_route=\/wp\/v2\/posts"}],"about":[{"href":"https:\/\/hatarok-nelkul.com\/ro\/index.php?rest_route=\/wp\/v2\/types\/post"}],"author":[{"embeddable":true,"href":"https:\/\/hatarok-nelkul.com\/ro\/index.php?rest_route=\/wp\/v2\/users\/1"}],"replies":[{"embeddable":true,"href":"https:\/\/hatarok-nelkul.com\/ro\/index.php?rest_route=%2Fwp%2Fv2%2Fcomments&post=118"}],"version-history":[{"count":0,"href":"https:\/\/hatarok-nelkul.com\/ro\/index.php?rest_route=\/wp\/v2\/posts\/118\/revisions"}],"wp:attachment":[{"href":"https:\/\/hatarok-nelkul.com\/ro\/index.php?rest_route=%2Fwp%2Fv2%2Fmedia&parent=118"}],"wp:term":[{"taxonomy":"category","embeddable":true,"href":"https:\/\/hatarok-nelkul.com\/ro\/index.php?rest_route=%2Fwp%2Fv2%2Fcategories&post=118"},{"taxonomy":"post_tag","embeddable":true,"href":"https:\/\/hatarok-nelkul.com\/ro\/index.php?rest_route=%2Fwp%2Fv2%2Ftags&post=118"}],"curies":[{"name":"wp","href":"https:\/\/api.w.org\/{rel}","templated":true}]}}