{"id":119,"date":"2012-07-01T21:51:00","date_gmt":"2012-07-01T18:51:00","guid":{"rendered":"http:\/\/hatarok-nelkul.com\/ro\/?p=119"},"modified":"2012-07-01T21:51:00","modified_gmt":"2012-07-01T18:51:00","slug":"politicienii-udmr-nu-exclud-posibilitatea-infiintarii-unui-partid-maghiar-in-ungaria","status":"publish","type":"post","link":"https:\/\/hatarok-nelkul.com\/ro\/?p=119","title":{"rendered":"Politicienii UDMR nu exclud posibilitatea \u00eenfiin\u0163\u0103rii unui partid maghiar \u00een Ungaria"},"content":{"rendered":"<p><!--[if gte mso 9]><xml> <w:WordDocument>  <w:View>Normal<\/w:View>  <w:Zoom>0<\/w:Zoom>  <w:HyphenationZone>21<\/w:HyphenationZone>  <w:Compatibility>   <w:BreakWrappedTables\/>   <w:SnapToGridInCell\/>   <w:ApplyBreakingRules\/>   <w:WrapTextWithPunct\/>   <w:UseAsianBreakRules\/>   <w:UseFELayout\/>  <\/w:Compatibility>  <w:BrowserLevel>MicrosoftInternetExplorer4<\/w:BrowserLevel> <\/w:WordDocument><\/xml><![endif]--><!--[if !mso]><img decoding=\"async\" src=\"\/\/img2.blogblog.com\/img\/video_object.png\" style=\"background-color: #b2b2b2; \" class=\"BLOGGER-object-element tr_noresize tr_placeholder\" id=\"ieooui\" data-original-id=\"ieooui\" \/>\n\n<style>st1\\:*{behavior:url(#ieooui) } <\/style>\n\n<![endif]--><!--[if gte mso 10]>\n\n<style> \/* Style Definitions *\/  table.MsoNormalTable  {mso-style-name:\"Table Normal\";  mso-tstyle-rowband-size:0;  mso-tstyle-colband-size:0;  mso-style-noshow:yes;  mso-style-parent:\"\";  mso-padding-alt:0cm 5.4pt 0cm 5.4pt;  mso-para-margin:0cm;  mso-para-margin-bottom:.0001pt;  mso-pagination:widow-orphan;  font-size:10.0pt;  font-family:\"Times New Roman\";  mso-fareast-font-family:\"Times New Roman\";} <\/style>\n\n<![endif]--> <\/p>\n<div><span><span lang=\"EN-US\">Potrivit portalului de \u015ftiri <a href=\"http:\/\/www.origo.hu\/\">www.origo.hu<\/a> , politicienii UDMR nu exclud posibilitatea \u00eenregistr\u0103rii unui partid \u00een Ungaria. \u00cen opinia lor este nevoie de o asemenea for\u0163\u0103 politic\u0103 pentru reprezentare \u00een Parlamentul Ungariei a intereselor etnicilor maghiari de dincolo de grani\u0163ele \u0163\u0103rii mam\u0103, care prin dob\u00e2ndirea cet\u0103\u0163eniei maghiare ob\u0163in \u015fi dreptul de vot. Chestiunea a fost ridicat\u0103 \u00een cadrul reuniunii Consiliului Reprezentan\u0163ilor Unionali, a\u015fa-numitul miniparlament al UDMR, de c\u0103tre pre\u015fedintele organiza\u0163iei UDMR Bihor, \u00d6d\u00f6n Szab\u00f3. \u201cS\u0103 \u00eenfiin\u0163\u0103m \u015fi noi un partid \u00een Ungaria \u015fi s\u0103 vedem ce vor zice!\u201d, a spus Szab\u00f3.<\/span><\/span><\/div>\n<div><span><span lang=\"EN-US\">Potrivit primarului ora\u015fului Miercurea Ciuc, R\u00f3bert R\u00e1duly, un partid al maghiarilor de dincolo de grani\u0163ele \u0163\u0103rii-mam\u0103 s-ar putea \u00eenregistra \u00een Ungaria \u00eempreun\u0103 cu minorit\u0103\u0163ile maghiare din <\/span><\/span><span><span lang=\"EN-US\">Slovacia<\/span><\/span><span><span lang=\"EN-US\">, <\/span><\/span><span><span lang=\"EN-US\">Serbia<\/span><\/span><span><span lang=\"EN-US\"> \u015fi Ucraina Subcarpatic\u0103. R\u00f3bert R\u00e1duly \u015fi-a exrimat nemul\u0163umirea c\u0103 \u2013 potrivit Legii electorale din Ungaria &#8211; maghiarii de dincolo de grani\u0163ele \u0163\u0103rii pot vota doar pe liste de partid.<\/span><\/span><\/div>\n<div><span><span lang=\"EN-US\">Referitor la \u00eenfiin\u0163area unui partid maghiar \u00een Ungaria,<span>\u00a0 <\/span>pre\u015fedintele de onoare al UDMR, B\u00e9la Mark\u00f3, a declarat: \u201cI-am amenin\u0163at pe cei din Ungaria c\u0103 vom \u00eenfiin\u0163a un partid. Nu e nimic r\u0103u \u00een asta, dar \u00eenainte de a discuta despre alegerile parlamentare din Ungaria din 2014, trebuie s\u0103 ne concentr\u0103m asupra alegerile legislative din Rom<\/span><\/span><span><span>\u00e2nia<\/span><\/span><span><span lang=\"EN-US\"> din aceast\u0103 toamn\u0103\u201d.<\/span><\/span><\/div>\n<p><span lang=\"EN-US\">B\u00e9la Mark\u00f3 a mai men\u0163ionat c\u0103 \u201cdin cauza prestigiului s\u0103u interna\u0163ional zdruncinat, Ungaria se va izola \u00eencet-\u00eencet \u00een Bazinul Carpatic. Maghiarii din Transilvania au nevoie de o Ungarie puternic\u0103 \u015fi cu influen\u0163\u0103<\/span><span>\u201d<\/span><span lang=\"EN-US\">, a precizat pre\u015fedintele de onoare al UDMR. (1 iulie 2012)<\/span><\/p>\n","protected":false},"excerpt":{"rendered":"<p>Potrivit portalului de \u015ftiri www.origo.hu , politicienii UDMR nu exclud posibilitatea \u00eenregistr\u0103rii unui partid \u00een Ungaria. \u00cen opinia lor este nevoie de o <\/p>\n","protected":false},"author":1,"featured_media":0,"comment_status":"open","ping_status":"open","sticky":false,"template":"","format":"standard","meta":{"footnotes":""},"categories":[1],"tags":[],"class_list":["post-119","post","type-post","status-publish","format-standard","hentry","category-fara-categorie"],"_links":{"self":[{"href":"https:\/\/hatarok-nelkul.com\/ro\/index.php?rest_route=\/wp\/v2\/posts\/119","targetHints":{"allow":["GET"]}}],"collection":[{"href":"https:\/\/hatarok-nelkul.com\/ro\/index.php?rest_route=\/wp\/v2\/posts"}],"about":[{"href":"https:\/\/hatarok-nelkul.com\/ro\/index.php?rest_route=\/wp\/v2\/types\/post"}],"author":[{"embeddable":true,"href":"https:\/\/hatarok-nelkul.com\/ro\/index.php?rest_route=\/wp\/v2\/users\/1"}],"replies":[{"embeddable":true,"href":"https:\/\/hatarok-nelkul.com\/ro\/index.php?rest_route=%2Fwp%2Fv2%2Fcomments&post=119"}],"version-history":[{"count":0,"href":"https:\/\/hatarok-nelkul.com\/ro\/index.php?rest_route=\/wp\/v2\/posts\/119\/revisions"}],"wp:attachment":[{"href":"https:\/\/hatarok-nelkul.com\/ro\/index.php?rest_route=%2Fwp%2Fv2%2Fmedia&parent=119"}],"wp:term":[{"taxonomy":"category","embeddable":true,"href":"https:\/\/hatarok-nelkul.com\/ro\/index.php?rest_route=%2Fwp%2Fv2%2Fcategories&post=119"},{"taxonomy":"post_tag","embeddable":true,"href":"https:\/\/hatarok-nelkul.com\/ro\/index.php?rest_route=%2Fwp%2Fv2%2Ftags&post=119"}],"curies":[{"name":"wp","href":"https:\/\/api.w.org\/{rel}","templated":true}]}}