{"id":120,"date":"2012-07-01T21:50:00","date_gmt":"2012-07-01T18:50:00","guid":{"rendered":"http:\/\/hatarok-nelkul.com\/ro\/?p=120"},"modified":"2012-07-01T21:50:00","modified_gmt":"2012-07-01T18:50:00","slug":"programul-festivalurilor-si-universitatilor-de-vara","status":"publish","type":"post","link":"https:\/\/hatarok-nelkul.com\/ro\/?p=120","title":{"rendered":"Programul festivalurilor \u015fi universit\u0103\u0163ilor de var\u0103"},"content":{"rendered":"<p><!--[if gte mso 9]><xml> <w:WordDocument>  <w:View>Normal<\/w:View>  <w:Zoom>0<\/w:Zoom>  <w:HyphenationZone>21<\/w:HyphenationZone>  <w:Compatibility>   <w:BreakWrappedTables\/>   <w:SnapToGridInCell\/>   <w:ApplyBreakingRules\/>   <w:WrapTextWithPunct\/>   <w:UseAsianBreakRules\/>   <w:UseFELayout\/>  <\/w:Compatibility>  <w:BrowserLevel>MicrosoftInternetExplorer4<\/w:BrowserLevel> <\/w:WordDocument><\/xml><![endif]--><!--[if !mso]><img decoding=\"async\" src=\"\/\/img2.blogblog.com\/img\/video_object.png\" style=\"background-color: #b2b2b2; \" class=\"BLOGGER-object-element tr_noresize tr_placeholder\" id=\"ieooui\" data-original-id=\"ieooui\" \/>\n\n<style>st1\\:*{behavior:url(#ieooui) } <\/style>\n\n<![endif]--><!--[if gte mso 10]>\n\n<style> \/* Style Definitions *\/  table.MsoNormalTable  {mso-style-name:\"Table Normal\";  mso-tstyle-rowband-size:0;  mso-tstyle-colband-size:0;  mso-style-noshow:yes;  mso-style-parent:\"\";  mso-padding-alt:0cm 5.4pt 0cm 5.4pt;  mso-para-margin:0cm;  mso-para-margin-bottom:.0001pt;  mso-pagination:widow-orphan;  font-size:10.0pt;  font-family:\"Times New Roman\";  mso-fareast-font-family:\"Times New Roman\";} <\/style>\n\n<![endif]--> <\/p>\n<div><i><span>Insula Maghiar\u0103<\/span><\/i><span> este o alt\u0103 manifestare de var\u0103 a organizatorilor festivalului Insula Secuiasc\u0103. Cea de-a XII-a edi\u0163ie a Insulei Maghiare va aveal loc \u00een perioada 12-15 iulie \u00een Valea Csattog\u00f3, l\u00e2ng\u0103 Ver\u0151ce (Ungaria).<\/span><\/div>\n<div><span><i><span lang=\"EN-US\">Festivalul Peninsula<\/span><\/i><\/span><span><span lang=\"EN-US\"> va avea loc \u00eentre 23 \u015fi 26 august pe malul Mure\u015fului, \u00een vecin\u0103tatea Complexului de Agrement Weekend din T\u00e2rgu Mure\u015f. Festivalul Peninsula 2012 propune o diversitate de stiluri muzicale din Rom\u00e2nia, Ungaria, <\/span><\/span><span><span lang=\"EN-US\">Germania<\/span><\/span><span><span lang=\"EN-US\">, <\/span><\/span><span><span lang=\"EN-US\">Anglia<\/span><\/span><span><span lang=\"EN-US\">, Finlanda, Irlanda, Fran\u0163a.<\/span><\/span><\/div>\n<div><span><span lang=\"EN-US\">Por\u0163ile univerit\u0103\u0163ilor de var\u0103 vor fi deschise de <i>Universitatea de Var\u0103 din Ucraina Subcarpatic\u0103<\/i>, care va avea loc \u00een perioada 3 iulie-8 iulie, \u00een localitatea Fels\u0151szinev\u00e9r. Cea de-a 20-a edi\u0163ie a universit\u0103\u0163ii de var\u0103 va fi organizat<\/span><\/span><span><span>\u0103<\/span><\/span><span><span lang=\"EN-US\"> de Funda\u0163ia Pro Minoritate \u015fi Uniunea Pedagogilor Maghiari din Ucraina Subcarpatic\u0103. Tinerii participan\u0163i vor dezbate actualele probleme sociale, \u00eens\u0103 subiectul principal va fi situa\u0163ia \u0163\u0103rii-mam\u0103 \u015fi maghiarii din Ucraina Subcarpatic\u0103.<\/span><\/span><\/div>\n<div><span><span lang=\"EN-US\">La sf\u00e2r\u015fitul primei s\u0103pt\u0103m\u00e2ni din iulie, \u00een localitatea Kishegyes din Voivodina va avea loc cea-a de-a 12-a edi\u0163ie a <i>Festivalului Dombos Fest<\/i>.<\/span><\/span><\/div>\n<div><span><span lang=\"EN-US\">\u00cen ultima s\u0103pt\u0103m\u00e2n\u0103 din luna iulie va avea loc cea de-a XXI-a edi\u0163ie a <i>Universit\u0103\u0163ii de Var\u0103 \u015fi Tab\u0103ra de Tineret \u201cBalvanyos\u201d<\/i>, la B\u0103ile Tu\u015fnad. Vor fi dezb\u0103tute subiecte de natur\u0103 politic\u0103 \u015fi social\u0103, precum \u015fi viitorul comunit\u0103\u0163ii maghiare.<\/span><\/span><\/div>\n<div><span><span lang=\"EN-US\">\u00cen perioada 8-12 august se va desf\u0103\u015fura \u00een localitatea Borzont, jude\u0163ul Harghita, <i>Tab\u0103ra Tinerilor Maghiari din Transilvania (EMI).<\/i><\/span><\/span><\/div>\n<div><span><span lang=\"EN-US\">Manifestarea <i>\u201cFestival la grani\u0163\u0103<\/i>\u201d va avea loc \u00een perioada 22-26 august, \u00een localitatea ungar\u0103 K\u0151szeg. Timp de patru zile cei 1500 de tineri vor avea parte de un program variat, \u00eencep\u00e2nd de la dezbateri, mese rotunde pe teme sociale, culturale \u015fi politice p\u00e2n\u0103 la gastronomie \u015fi degustarea<span>\u00a0 <\/span>vinurilor. (<a href=\"http:\/\/www.kitekinto.hu\/\">www.kitekinto.hu<\/a> \u2013 30 iunie 2012) <\/span><\/span><\/div>\n","protected":false},"excerpt":{"rendered":"<p>Insula Maghiar\u0103 este o alt\u0103 manifestare de var\u0103 a organizatorilor festivalului Insula Secuiasc\u0103. Cea de-a XII-a edi\u0163ie a Insulei Maghiare va aveal loc <\/p>\n","protected":false},"author":1,"featured_media":0,"comment_status":"open","ping_status":"open","sticky":false,"template":"","format":"standard","meta":{"footnotes":""},"categories":[1],"tags":[],"class_list":["post-120","post","type-post","status-publish","format-standard","hentry","category-fara-categorie"],"_links":{"self":[{"href":"https:\/\/hatarok-nelkul.com\/ro\/index.php?rest_route=\/wp\/v2\/posts\/120","targetHints":{"allow":["GET"]}}],"collection":[{"href":"https:\/\/hatarok-nelkul.com\/ro\/index.php?rest_route=\/wp\/v2\/posts"}],"about":[{"href":"https:\/\/hatarok-nelkul.com\/ro\/index.php?rest_route=\/wp\/v2\/types\/post"}],"author":[{"embeddable":true,"href":"https:\/\/hatarok-nelkul.com\/ro\/index.php?rest_route=\/wp\/v2\/users\/1"}],"replies":[{"embeddable":true,"href":"https:\/\/hatarok-nelkul.com\/ro\/index.php?rest_route=%2Fwp%2Fv2%2Fcomments&post=120"}],"version-history":[{"count":0,"href":"https:\/\/hatarok-nelkul.com\/ro\/index.php?rest_route=\/wp\/v2\/posts\/120\/revisions"}],"wp:attachment":[{"href":"https:\/\/hatarok-nelkul.com\/ro\/index.php?rest_route=%2Fwp%2Fv2%2Fmedia&parent=120"}],"wp:term":[{"taxonomy":"category","embeddable":true,"href":"https:\/\/hatarok-nelkul.com\/ro\/index.php?rest_route=%2Fwp%2Fv2%2Fcategories&post=120"},{"taxonomy":"post_tag","embeddable":true,"href":"https:\/\/hatarok-nelkul.com\/ro\/index.php?rest_route=%2Fwp%2Fv2%2Ftags&post=120"}],"curies":[{"name":"wp","href":"https:\/\/api.w.org\/{rel}","templated":true}]}}