{"id":122,"date":"2012-06-27T07:11:00","date_gmt":"2012-06-27T04:11:00","guid":{"rendered":"http:\/\/hatarok-nelkul.com\/ro\/?p=122"},"modified":"2012-06-27T07:11:00","modified_gmt":"2012-06-27T04:11:00","slug":"a-iv-a-editie-a-festivalului-insulei-secuiesti","status":"publish","type":"post","link":"https:\/\/hatarok-nelkul.com\/ro\/?p=122","title":{"rendered":"A IV-a edi\u0163ie a Festivalului Insulei Secuie\u015fti"},"content":{"rendered":"<p><!--[if gte mso 9]><xml> <w:WordDocument>  <w:View>Normal<\/w:View>  <w:Zoom>0<\/w:Zoom>  <w:HyphenationZone>21<\/w:HyphenationZone>  <w:Compatibility>   <w:BreakWrappedTables\/>   <w:SnapToGridInCell\/>   <w:ApplyBreakingRules\/>   <w:WrapTextWithPunct\/>   <w:UseAsianBreakRules\/>   <w:UseFELayout\/>  <\/w:Compatibility>  <w:BrowserLevel>MicrosoftInternetExplorer4<\/w:BrowserLevel> <\/w:WordDocument><\/xml><![endif]--><!--[if gte mso 10]>\n\n<style> \/* Style Definitions *\/  table.MsoNormalTable  {mso-style-name:\"Table Normal\";  mso-tstyle-rowband-size:0;  mso-tstyle-colband-size:0;  mso-style-noshow:yes;  mso-style-parent:\"\";  mso-padding-alt:0cm 5.4pt 0cm 5.4pt;  mso-para-margin:0cm;  mso-para-margin-bottom:.0001pt;  mso-pagination:widow-orphan;  font-size:10.0pt;  font-family:\"Times New Roman\";  mso-fareast-font-family:\"Times New Roman\";} <\/style>\n\n<![endif]--> <\/p>\n<div><span>\u00cen perioada 28-30 iunie, Mi\u015fcarea Tinerilor celor 64 de Comitate (HVIM) va organiza cea de-a IV-a edi\u0163ie a Festivalului Insulei Secuie\u015fti. Manifestarea va avea loc \u00een Centrul de Agrement G\u00e1bor \u00c1ron din localitatea C\u0103tru\u015fa, situat\u0103 \u00een valea Casinului, care se afl\u0103 \u00eentre T\u00e2rgu Secuiesc \u015fi Pasul Nyerges.<\/span><\/div>\n<div><span>Dat fiind faptul c\u0103 centrul de agrement apar\u0163ine Grupului \u015ecolar G\u00e1bor \u00c1ron din T\u00e2rgu Secuiesc, pentru mai multe informa\u0163ii cu privire la organizarea acestui festival am contactat telefonic pe directorul \u015fcolii, Rezs\u0151 G\u00e1bor. La \u00eentrebarea noastr\u0103, cum comenteaz\u0103 faptul c\u0103 festivalul organizat de HVIM va fi g\u0103zduit de centrul de agrement ce apar\u0163ine \u015ecolii G\u00e1bor \u00c1ron, condus de domnia sa, Rezs\u0151 G\u00e1bor ne-a declarat c\u0103 \u00een aceast\u0103 tab\u0103r\u0103 au loc, de ani de zile, diferite concerte, festivaluri, \u00eentr-un cuv\u00e2nt ac\u0163iuni menite s\u0103 contribuie la petrecerea timpului liber \u00eentr-un mod frumos \u015fi util. \u201eReprezentan\u0163ii Mi\u015fc\u0103rii Tinerilor celor 64 de Comitate au solicitat pentru prima oar\u0103 organizarea unui festival \u00een acest centru de agrement, astfel c\u0103 despre aceast\u0103 organiza\u0163ie mai mult nu pot s\u0103 v\u0103 spun, dec\u00e2t c\u0103 au ob\u0163inut autoriza\u0163ia necesar\u0103 pentru desf\u0103\u015furarea Festivalui Insulei Secuie\u015fti\u201d, ne-a informat directorul G\u00e1bor Rezs\u0151, ad\u0103ug\u00e2nd c\u0103 au stabilit de comun acord c\u0103 ei vor achita consumul de energie electric\u0103 pe trei zile \u00een contul pl\u0103\u0163ii sumei reprezent\u00e2nd chiria, ba mai mult, au promis c\u0103 vor construi \u015fi o parcare \u00een apropierea tab\u0103rei, \u201ecare se situeaz\u0103 destul de departe de drumul na\u0163ional \u015fi este mai greu accesibil cu utilaje. Construirea tab\u0103rei a \u00eenceput \u00een urm\u0103 cu nou\u0103 ani \u015fi \u00eenc\u0103 nu s-a \u00eencheiat datorit\u0103 greut\u0103\u0163ilor financiare, a\u015fa c\u0103 propunerea HVIM este bine venit\u0103\u201d, a mai spus directorul \u015fcolii.<\/span><\/div>\n<div><span>La \u00eentrebarea, ce influen\u0163\u0103 va avea festivalul organizat de HVIM asupra tinerilor, av\u00e2nd \u00een vedere c\u0103 aceast\u0103 mi\u015fcare este cunoscut\u0103 ca o organiza\u0163ie radical\u0103, G\u00e1bor Rezs\u0151 a men\u0163ionat c\u0103 tinerii, de v\u00e2rsta liceului, \u015ftiu s\u0103 fac\u0103 deja diferen\u0163a \u00eentre bine \u015fi r\u0103u. <\/span><\/div>\n<div><span>\u00cen \u00eencheiere, G\u00e1bor Rezs\u0151 a precizat c\u0103 centrul de agrement este administrat de Asocia\u0163ia pentru Studii Alternative Evita- T\u00e2rgu Secuiesc, iar obiectivul asocia\u0163iei este sprijinirea activit\u0103\u0163ii profesorilor \u015fi elevilor din Grupul \u015ecolar G\u00e1bor \u00c1ron din T\u00e2rgu Secuiesc, precum \u015fi petrecerea timpului liber \u00een mod pl\u0103cut \u015fi util.<\/span><\/div>\n<div><span>Cu \u00eentreb\u0103ri similare ne-am adresat \u015fi <em><span>inspectorului sef<\/span><\/em><\/span><span><i><span> <\/span><\/i><\/span><span><span>al<i> <\/i>Inspectoratului \u015ecolar<i> <\/i><\/span><\/span><em><span>Covasna<\/span><\/em><span><i><span>, <\/span><\/i><\/span><em><span>Kereszt\u00e9ly Irma<\/span><\/em><span><i><span>,<\/span><\/i><\/span><span><span> care ne-a declarat c\u0103 \u201eterenul aferent Centrului de Agrement G\u00e1bor \u00c1ron apar\u0163ine administra\u0163iei locale din T\u00e2rgu Secuiesc care, la r\u00e2ndul s\u0103u, l-a dat \u00een folosin\u0163\u0103 Grupului \u015ecolar G\u00e1bor \u00c1ron din T\u00e2rgu Secuiesc. Pe baza contractelor \u00eencheiate, conducerea \u015fcolii \u00eenchirieaz\u0103 acest centru \u00een vedrea organiz\u0103rii diferitelor concerte \u015fi festivaluri. \u00cen concluzie, autorizarea \u015fi organizarea diferitelor manifest\u0103ri este o chestiune local\u0103, \u015fi depinde de acordului \u00eencheiat \u00eentre \u015fcoal\u0103 \u015fi administra\u0163ia local\u0103\u201d, a precizat Irma Kereszt\u00e9ly, men\u0163ion\u00e2nd: \u201eAstfel c\u0103 nici autorizarea festivalului organizat de HVIM nu \u00eei revine Inspectoratului \u015ecolar Jude\u0163ean Covasna. \u00cens\u0103, \u00een situa\u0163ia \u00een care o \u015fcoal\u0103 sau o clas\u0103 \u00ee\u015fi petrece timpul liber \u00een cadrul acestui centru de agrement, pe l\u00e2ng\u0103 porfesorii \u015fcolii respective, particip\u0103 \u015fi un reprezentant al inspectoratului \u015fcolar care vegheaz\u0103 asupra bunei desf\u0103\u015fur\u0103ri a respectivei ac\u0163iuni\u201d.<\/span><\/span><\/div>\n<div><span><span>Referitor la autorizarea celei de-a IV-a edi\u0163ii a Festivalului Insulei Secuie\u015fti am vrut s\u0103 lu\u0103m leg\u0103tura cu primarul municipiului T\u00e2rgu Secuiesc, dar nici dup\u0103 mai multe \u00eencerc\u0103ri nu am reu\u015fit s\u0103-l conact\u0103m pe domnul Tibor Bokor, noul primar al ora\u015fului. Unul dintre reprezentan\u0163ii Prim\u0103riei ne-a declarat c\u0103 dup\u0103 preluarea mandatului \u2013 c\u00e2\u015ftigat la alegerile locale din 10 iunie \u2013 agenda de lucu al domniei sale este foarte \u00eenc\u0103rcat\u0103.<\/span><\/span><\/div>\n<div><span><span>\u00cen final ne-am adresat secretarului de stat responsabil cu \u00eenv\u0103\u0163\u0103m\u00e2ntul minorit\u0103\u0163ilor \u00een Ministerul Educa\u0163iei, Andr\u00e1s Kir\u00e1ly, pentru a afla opinia domniei sale cu privire la organizarea de c\u0103tre HVIM a Festivalului Insulei Secuie\u015fti, la C\u0103tru\u015fa. Referitor la autorizarea festivalului, secretarul de stat, Andr\u00e1s Kir\u00e1ly, a subliniat c\u0103 HVIM a ob\u0163inut autoriza\u0163ia necesar\u0103 probabil din partea vechii conduceri a Prim\u0103riei, exprim\u00e2ndu-\u015fi convingerea c\u0103 noul primar, Tibor Bokor, \u201enu ar fi fost de acord cu desf\u0103\u015furarea acestui festival\u201d. \u201eTrebuie s\u0103 ne uit\u0103m bine cu cine \u00eencheiem acorduri, deoarece la aceast\u0103 v\u0103rst\u0103 fragil\u0103 tinerii sunt influen\u0163abili\u201d, a ad\u0103ugat secretarul de stat, Andr\u00e1s Kir\u00e1ly.<\/span><\/span><\/div>\n<div><span><span>\u00cen \u00eencheiere vom ad\u0103uga doar at\u00e2t c\u0103 la cea de-a IV-a edi\u0163ie a Festivalului Insulei Secuie\u015fti, organizat de HVIM, vor participa pre\u015fedintele de onoare al mi\u015fc\u0103rii, L\u00e1szl\u00f3 Toroczkay, \u015fi pre\u015fedintele HVIM, <\/span><\/span><span>Gy\u00f6rgy Gyula Zagyva. Motoul festivalului din acest an este un citat apar\u0163in\u00e2nd lui Albert Wass: \u201e\u00cempreun\u0103 suntem o for\u0163\u0103, dispersa\u0163i suntem slabi\u201d.<span> <span>\u00a0<\/span><\/span><\/span><\/div>\n","protected":false},"excerpt":{"rendered":"<p>\u00cen perioada 28-30 iunie, Mi\u015fcarea Tinerilor celor 64 de Comitate (HVIM) va organiza cea de-a IV-a edi\u0163ie a Festivalului Insulei Secuie\u015fti. Manifestarea va <\/p>\n","protected":false},"author":1,"featured_media":0,"comment_status":"open","ping_status":"open","sticky":false,"template":"","format":"standard","meta":{"footnotes":""},"categories":[1],"tags":[],"class_list":["post-122","post","type-post","status-publish","format-standard","hentry","category-fara-categorie"],"_links":{"self":[{"href":"https:\/\/hatarok-nelkul.com\/ro\/index.php?rest_route=\/wp\/v2\/posts\/122","targetHints":{"allow":["GET"]}}],"collection":[{"href":"https:\/\/hatarok-nelkul.com\/ro\/index.php?rest_route=\/wp\/v2\/posts"}],"about":[{"href":"https:\/\/hatarok-nelkul.com\/ro\/index.php?rest_route=\/wp\/v2\/types\/post"}],"author":[{"embeddable":true,"href":"https:\/\/hatarok-nelkul.com\/ro\/index.php?rest_route=\/wp\/v2\/users\/1"}],"replies":[{"embeddable":true,"href":"https:\/\/hatarok-nelkul.com\/ro\/index.php?rest_route=%2Fwp%2Fv2%2Fcomments&post=122"}],"version-history":[{"count":0,"href":"https:\/\/hatarok-nelkul.com\/ro\/index.php?rest_route=\/wp\/v2\/posts\/122\/revisions"}],"wp:attachment":[{"href":"https:\/\/hatarok-nelkul.com\/ro\/index.php?rest_route=%2Fwp%2Fv2%2Fmedia&parent=122"}],"wp:term":[{"taxonomy":"category","embeddable":true,"href":"https:\/\/hatarok-nelkul.com\/ro\/index.php?rest_route=%2Fwp%2Fv2%2Fcategories&post=122"},{"taxonomy":"post_tag","embeddable":true,"href":"https:\/\/hatarok-nelkul.com\/ro\/index.php?rest_route=%2Fwp%2Fv2%2Ftags&post=122"}],"curies":[{"name":"wp","href":"https:\/\/api.w.org\/{rel}","templated":true}]}}