{"id":1228,"date":"2015-12-25T23:21:57","date_gmt":"2015-12-25T21:21:57","guid":{"rendered":"http:\/\/hatarok-nelkul.com\/ro\/?p=1228"},"modified":"2016-01-10T02:12:41","modified_gmt":"2016-01-10T00:12:41","slug":"zoltan-soos-ar-putea-sa-fie-candidatul-coalitiei-partidelor-maghiare-la-functia-de-primar-al-orasului-targu-mures","status":"publish","type":"post","link":"https:\/\/hatarok-nelkul.com\/ro\/?p=1228","title":{"rendered":"Zolt\u00e1n So\u00f3s ar putea s\u0103 fie candidatul coali\u0163iei partidelor maghiare la func\u0163ia de primar al ora\u015fului T\u00e2rgu Mure\u015f"},"content":{"rendered":"<figure id=\"attachment_1229\" aria-describedby=\"caption-attachment-1229\" style=\"width: 150px\" class=\"wp-caption alignleft\"><a href=\"https:\/\/hatarok-nelkul.com\/ro\/wp-content\/uploads\/2015\/12\/soos-660x488.jpg\"><img loading=\"lazy\" decoding=\"async\" class=\"size-thumbnail wp-image-1229 \" alt=\"soos-660x488\" src=\"https:\/\/hatarok-nelkul.com\/ro\/wp-content\/uploads\/2015\/12\/soos-660x488-150x150.jpg\" width=\"150\" height=\"150\" \/><\/a><figcaption id=\"caption-attachment-1229\" class=\"wp-caption-text\">Sursa:www.zi-de-zi.ro<\/figcaption><\/figure>\n<p style=\"text-align: justify;\">Reprezentantul Uniunii Democrate Maghiare din Rom\u00e2nia, Zolt\u00e1n So\u00f3s, c\u00e2\u015ftig\u0103torul prealegerilor organizate \u00een octombrie, la T\u00e2rgu Mure\u015f, are \u015fanse s\u0103 fie candidatul pentru postul de primar al ora\u015fului T\u00e2rgu Mure\u015f al coali\u0163iei partidelor maghiare la alegerile locale din vara anului viitor &#8211; au stabilit recent pre\u015fedintele UDMR, Hunor Kelemen, \u015fi liderul Partidului Popular Maghiar din Transilvania (PPMT), Zsolt Szil\u00e1gyi. UDMR a condi\u0163ionat, \u00eens\u0103, acceptarea propunerii lansate de PPMT, potrivit c\u0103reia solidarizarea partidelor maghiare s\u0103 fie extins\u0103 \u015fi asupra Consiliului<!--more--> Local din T\u00e2rgu Mure\u015f \u015fi a Consiliului Jude\u0163ean Mure\u015f, de neparticiparea PPMT la alegerile parlamentare din anul viitor, informeaz\u0103 MTI. \u00cen cazul listelor candida\u0163ilor pentru ora\u015ful T\u00e2rgu Mure\u015f \u015fi jude\u0163ul Mure\u015f, UDMR &#8220;propune o competi\u0163ie a organiza\u0163iilor politice maghiare, lu\u00e2nd \u00een considerare mai cu seam\u0103 principiul promovat de PPMT, potrivit c\u0103ruia competi\u0163ia \u00eei mobilizeaz\u0103 pe aleg\u0103torii maghiari din Transilvania&#8221;, se arat\u0103 \u00een comunicatul UDMR. Potrivit comunicatului, pre\u015fedintele UDMR, Hunor Kelemen, a reiterat c\u0103 forma\u0163iunea sa va fi de acord cu alc\u0103tuirea listei comune de candida\u0163i la alegerile locale numai dac\u0103 PPMT nu se va lansa \u00een competi\u0163ie la alegerile parlamentare. Pre\u015fedintele PPMT, Zsolt Szil\u00e1gyi, a declarat Agen\u0163iei ungare de Pres\u0103 MTI c\u0103 tocmai solidarizarea partidelor maghiare ar putea maximiza \u015fansele de c\u00e2\u015ftig ale candidatului UDMR, Zolt\u00e1n So\u00f3s. La alegerile pentru Parlamentul European din 2009, solidarizarea \u00eentre Consiliul Na\u0163ional Maghiar din Transilvania (CNMT) \u015fi UDMR a avut drept rezultat trimiterea a patru europarlamentari la Bruxelles, \u00een timp ce \u00een 2014 doar doi candida\u0163i ai UDMR au reu\u015fit s\u0103 ob\u0163in\u0103 un mandat de europarlamentar, a men\u0163ionat Zsolt Szil\u00e1gyi. &#8220;Niciuna din cele dou\u0103 forma\u0163iuni nu poate separat s\u0103 atrag\u0103 la urne o parte important\u0103 a aleg\u0103torilor maghiari. Ace\u015fti aleg\u0103tori pot fi mobiliza\u0163i doar dac\u0103 va exista o solidarizare a forma\u0163iunilor maghiare&#8221;, a ad\u0103ugat pre\u015fedintele PPMT.<\/p>\n<p style=\"text-align: justify;\">Zsolt Szil\u00e1gyi a considerat drept dispropor\u0163ionat\u0103 condi\u0163ia impus\u0103 de UMDR, anume ca PPMT s\u0103 nu candideze la alegerile parlamentare din toamna anului 2016. &#8220;Oricare colaborare este posibil\u0103 doar cu respectarea propor\u0163iilor&#8221;, a subliniat Zsolt Szil\u00e1gyi, care a ad\u0103ugat; &#8220;Dac\u0103 la alegerile parlamentare UDMR dore\u015fte \u00eencheierea unui acord la nivelul \u00eentregii Transilvanii, atunci \u015fi \u00een perspectiva alegerilor locale trebuie s\u0103 se \u00eencheie o \u00een\u0163elegere valabil\u0103 pentru \u00eentreaga Transilvanie&#8221;.<\/p>\n<p style=\"text-align: justify;\">La sf\u00e2r\u015fitul consult\u0103rilor, p\u0103r\u0163ile au stabilit c\u0103 se vor \u00eent\u00e2lni din nou \u00een a doua parte a lunii ianuarie 2016.<\/p>\n<p style=\"text-align: justify;\">De men\u0163ionat c\u0103 la prealegerile care au avut loc \u00een luna octombrie 2015, la T\u00e2rgu Mure\u015f, Zolt\u00e1n So\u00f3s a ob\u0163inut 62,04% din voturile exprimate, \u00een timp ce candidatul PPMT, Vilmos Portik, a c\u00e2\u015ftigat 28,9% din voturi. Cel de-al treilea candidat, independentul Mikl\u00f3s Barabas, a fost votat de 8,83% dintre aleg\u0103torii maghiari. \u00cen fruntea ora\u015fului T\u00e2rgu Mure\u015f a fost ales pentru prima oar\u0103 un primar de etnie rom\u00e2n\u0103 \u00een 2004, \u00een persoana lui Dorin Florea, care de atunci a fost reales de trei ori \u00een func\u0163ia de primar.<\/p>\n<p style=\"text-align: justify;\">Traducerea: P\u00e9terffy T\u00fcnde<\/p>\n","protected":false},"excerpt":{"rendered":"<p>Reprezentantul Uniunii Democrate Maghiare din Rom\u00e2nia, Zolt\u00e1n So\u00f3s, c\u00e2\u015ftig\u0103torul prealegerilor organizate \u00een octombrie, la T\u00e2rgu Mure\u015f, are \u015fanse s\u0103 fie candidatul pentru postul <\/p>\n","protected":false},"author":1,"featured_media":1229,"comment_status":"open","ping_status":"open","sticky":false,"template":"","format":"standard","meta":{"footnotes":""},"categories":[1],"tags":[],"class_list":["post-1228","post","type-post","status-publish","format-standard","has-post-thumbnail","hentry","category-fara-categorie"],"_links":{"self":[{"href":"https:\/\/hatarok-nelkul.com\/ro\/index.php?rest_route=\/wp\/v2\/posts\/1228","targetHints":{"allow":["GET"]}}],"collection":[{"href":"https:\/\/hatarok-nelkul.com\/ro\/index.php?rest_route=\/wp\/v2\/posts"}],"about":[{"href":"https:\/\/hatarok-nelkul.com\/ro\/index.php?rest_route=\/wp\/v2\/types\/post"}],"author":[{"embeddable":true,"href":"https:\/\/hatarok-nelkul.com\/ro\/index.php?rest_route=\/wp\/v2\/users\/1"}],"replies":[{"embeddable":true,"href":"https:\/\/hatarok-nelkul.com\/ro\/index.php?rest_route=%2Fwp%2Fv2%2Fcomments&post=1228"}],"version-history":[{"count":2,"href":"https:\/\/hatarok-nelkul.com\/ro\/index.php?rest_route=\/wp\/v2\/posts\/1228\/revisions"}],"predecessor-version":[{"id":1244,"href":"https:\/\/hatarok-nelkul.com\/ro\/index.php?rest_route=\/wp\/v2\/posts\/1228\/revisions\/1244"}],"wp:featuredmedia":[{"embeddable":true,"href":"https:\/\/hatarok-nelkul.com\/ro\/index.php?rest_route=\/wp\/v2\/media\/1229"}],"wp:attachment":[{"href":"https:\/\/hatarok-nelkul.com\/ro\/index.php?rest_route=%2Fwp%2Fv2%2Fmedia&parent=1228"}],"wp:term":[{"taxonomy":"category","embeddable":true,"href":"https:\/\/hatarok-nelkul.com\/ro\/index.php?rest_route=%2Fwp%2Fv2%2Fcategories&post=1228"},{"taxonomy":"post_tag","embeddable":true,"href":"https:\/\/hatarok-nelkul.com\/ro\/index.php?rest_route=%2Fwp%2Fv2%2Ftags&post=1228"}],"curies":[{"name":"wp","href":"https:\/\/api.w.org\/{rel}","templated":true}]}}