{"id":128,"date":"2012-06-12T21:05:00","date_gmt":"2012-06-12T18:05:00","guid":{"rendered":"http:\/\/hatarok-nelkul.com\/ro\/?p=128"},"modified":"2012-06-12T21:05:00","modified_gmt":"2012-06-12T18:05:00","slug":"cult-latent-al-maresalului-antonescu","status":"publish","type":"post","link":"https:\/\/hatarok-nelkul.com\/ro\/?p=128","title":{"rendered":"Cult latent al mare\u015falului Antonescu"},"content":{"rendered":"<p><\/p>\n<div><span>\u00cen Rom\u00e2nia exist\u0103 un cult latent al mare\u015falului Antonescu, care \u00een timpul celui de-al doilea r\u0103zboi mondial a condus, \u00een mod autoritar, Rom\u00e2nia \u2013 asem\u0103n\u0103tor lui Miklos Horthy \u2013 \u015fi a ordonat deportarea mai multor mii de evrei din Rom\u00e2nia, informeaz\u0103 \u00een edi\u0163ia sa online din 7 iunie ziarul <b>N\u00e9pszabads\u00e1g.<\/b><\/span><\/div>\n<div><span>Dup\u0103 schimbarea regimului unele for\u0163e au \u00eencercat s\u0103 reabiliteze pe mare\u015fal, condamnat pentru s\u0103v\u00e2r\u015firea crimelor de r\u0103zboi \u015fi executat \u00een 1946. \u00cen eforturile de reabilitare ale mare\u015falului Atonescu, partidele de extrem\u0103 dreapta, mai cu seam\u0103 Partidul Rom\u00e2nia Mare (PRM), s-au bucurat de sprijinul Bisericii Ortodoxe Rom\u00e2ne (BOR). \u00cen \u00eentreaga \u0163ar\u0103 au fost amplasate statui \u00een memoria fostului acolit al lui Hitler, iar \u00een 25 de ora\u015fe ale \u0163\u0103rii str\u0103zile purtau numele mare\u015falului. \u00cen anii 2000, la T\u00e2rgu Mure\u015f, oamenii erau nevoi\u0163i s\u0103 treac\u0103 pe Bulevardul Ion Atonescu dac\u0103 doreau s\u0103 ajung\u0103 la Monumentul victimelor Holocaustului.<\/span><\/div>\n<div><span>Pe 1 iunie 2001, la comemorarea a 55 de ani de la executarea mare\u015falului Ion Antonescu, pre\u015fedintele PRM, Corneliu Vadim Tudor, \u015fi fostul membru al G\u0103rzii de Fier, Iosif Constantin Dr\u0103gan (primul milionar \u00een dolari, \u00een Rom\u00e2nia) au dezvelit statuia lui Antonescu \u00een cadrul unei mari ceremonii, \u00een curtea unei biserici.<\/span><\/div>\n<div><span>Cazul a st\u00e2rnit un imens ecou na\u0163ional, iar rezultatul final a fost acela c\u0103 Guvernul condus de premierul social-democrat, Adrian N\u0103stase, a interzis, printr-un ordin, func\u0163ionarea organiza\u0163iilor fasciste, xenofobe \u015fi rasiste, folosirea simbolurilor, precum \u015fi cultivarea cultului personalit\u0103\u0163ii ale acelor persoane care \u00ee\u015fi asum\u0103 asemenea ideologii sau care au fost condamnate pentru crimele s\u0103v\u00e2r\u015fite \u00eempotriva umanit\u0103\u0163ii. Statuile lui Ion Antonescu au fost demolate, iar denumirile str\u0103zilor care purtau numele lui, au fost schimbate.<\/span><\/div>\n<div><span>Dincolo de toate acestea, cultul personalit\u0103\u0163ii mare\u015falului Antonescu exist\u0103 \u00eencontinuare, \u00eentr-o stare latent\u0103. Dintre politicienii partidelor considerate democratice, reprezentate \u00een Parlamentul rom\u00e2n, singurul care \u00eencurajeaz\u0103 cultul personalit\u0103\u0163ii lui Antonescu este \u015feful statului, Traian B\u0103sescu. \u015ei \u00eel \u00eencurajeaz\u0103 at\u00e2t de mult, \u00eenc\u00e2t \u00een luna iunie a anului trecut a intrat \u00eentr-un conflict diplomatic cu Moscova. La comemorarea invaziei Basarabiei din 1941, Traian B\u0103sescu a declarat cu lacrimi \u00een ochi c\u0103 \u00een locul lui Antonescu \u015fi el ar fi ordonat armatei rom\u00e2ne s\u0103 treac\u0103 Prutul, informeaz\u0103 sursa citat\u0103.<\/span><\/div>\n<div><span>Referitor la persoana mare\u015falului Ion Antonescu nu exist\u0103 un\u00a0 consens nici m\u0103car \u00eentre istorici. Unii \u00eel consider\u0103 un erou na\u0163ional, care a \u00eencercat s\u0103 recupereze \u00een perioada celei de-a doua decizii de la Viena teritoriile pierdute de Rom\u00e2nia dincolo de Prut, iar al\u0163ii sus\u0163in c\u0103 a adus mari daune \u0163\u0103rii din cauza deciziilor politice \u015fi de comandant, care erau gre\u015fite.<\/span><\/div>\n<p><span>\u00cen Rom\u00e2nia, \u00een via\u0163a politic\u0103 de azi, se vorbe\u015fte deschis despre faptul c\u0103 cei mai cunoscu\u0163i scriitori rom\u00e2ni, precum \u015fi filosoful Emil Cioran \u015fi istoricul religiilor, Mircea Eliade, au fost considera\u0163i de Occident, \u00een perioada interbelic\u0103, drept ideologi antisemi\u0163i. Cei doi au sus\u0163inut Garda de Fier a lui Corneliu Zelea Codreanu. Cu toate c\u0103 operele lor sunt incluse \u00een programa \u015fcolar\u0103 gimnazial\u0103, respectiva materie de \u00eenv\u0103\u0163\u0103m\u00e2nt trece cu vederea acest capitol al activit\u0103\u0163ii desf\u0103\u015furate de cei doi.<\/span><\/p>\n<p><span><a href=\"http:\/\/hirekhataroknelkul.blogspot.ro\/2012\/06\/lappango-antonescu-kultusz-tovabbra-is.html\">magyarul<\/a>\u00a0<\/span><\/p>\n","protected":false},"excerpt":{"rendered":"<p>\u00cen Rom\u00e2nia exist\u0103 un cult latent al mare\u015falului Antonescu, care \u00een timpul celui de-al doilea r\u0103zboi mondial a condus, \u00een mod autoritar, Rom\u00e2nia <\/p>\n","protected":false},"author":1,"featured_media":0,"comment_status":"open","ping_status":"open","sticky":false,"template":"","format":"standard","meta":{"footnotes":""},"categories":[1],"tags":[],"class_list":["post-128","post","type-post","status-publish","format-standard","hentry","category-fara-categorie"],"_links":{"self":[{"href":"https:\/\/hatarok-nelkul.com\/ro\/index.php?rest_route=\/wp\/v2\/posts\/128","targetHints":{"allow":["GET"]}}],"collection":[{"href":"https:\/\/hatarok-nelkul.com\/ro\/index.php?rest_route=\/wp\/v2\/posts"}],"about":[{"href":"https:\/\/hatarok-nelkul.com\/ro\/index.php?rest_route=\/wp\/v2\/types\/post"}],"author":[{"embeddable":true,"href":"https:\/\/hatarok-nelkul.com\/ro\/index.php?rest_route=\/wp\/v2\/users\/1"}],"replies":[{"embeddable":true,"href":"https:\/\/hatarok-nelkul.com\/ro\/index.php?rest_route=%2Fwp%2Fv2%2Fcomments&post=128"}],"version-history":[{"count":0,"href":"https:\/\/hatarok-nelkul.com\/ro\/index.php?rest_route=\/wp\/v2\/posts\/128\/revisions"}],"wp:attachment":[{"href":"https:\/\/hatarok-nelkul.com\/ro\/index.php?rest_route=%2Fwp%2Fv2%2Fmedia&parent=128"}],"wp:term":[{"taxonomy":"category","embeddable":true,"href":"https:\/\/hatarok-nelkul.com\/ro\/index.php?rest_route=%2Fwp%2Fv2%2Fcategories&post=128"},{"taxonomy":"post_tag","embeddable":true,"href":"https:\/\/hatarok-nelkul.com\/ro\/index.php?rest_route=%2Fwp%2Fv2%2Ftags&post=128"}],"curies":[{"name":"wp","href":"https:\/\/api.w.org\/{rel}","templated":true}]}}