{"id":1388,"date":"2016-02-16T22:23:27","date_gmt":"2016-02-16T20:23:27","guid":{"rendered":"http:\/\/hatarok-nelkul.com\/ro\/?p=1388"},"modified":"2016-02-16T22:23:56","modified_gmt":"2016-02-16T20:23:56","slug":"gabor-vona-reanexarea-transilvaniei-nu-are-nicio-baza-reala","status":"publish","type":"post","link":"https:\/\/hatarok-nelkul.com\/ro\/?p=1388","title":{"rendered":"G\u00e1bor Vona: Reanexarea Transilvaniei nu are nicio baz\u0103 real\u0103"},"content":{"rendered":"<p style=\"text-align: justify;\"><b><a href=\"https:\/\/hatarok-nelkul.com\/ro\/wp-content\/uploads\/2016\/02\/vona_iroda.jpg\"><img loading=\"lazy\" decoding=\"async\" class=\"size-thumbnail wp-image-1389 alignleft\" alt=\"vona_iroda\" src=\"https:\/\/hatarok-nelkul.com\/ro\/wp-content\/uploads\/2016\/02\/vona_iroda-150x150.jpg\" width=\"150\" height=\"150\" \/><\/a>Pre\u015fedintele Jobbik a acordat recent un interviu televiziunii rom\u00e2ne Digi 24<\/b><\/p>\n<p style=\"text-align: justify;\">\u00cen opinia lui G\u00e1bor Vona, Marile Puteri \u00eencearc\u0103 s\u0103 se foloseasc\u0103 de conflictul ungaro-rom\u00e2n pentru propriile interese.<\/p>\n<p style=\"text-align: justify;\">\u00cen interviul acordat televiziunii Digi 24, care a cuprins mai multe subiecte de politic\u0103 intern\u0103\u00a0 \u015fi extern\u0103, un accent deosebit a fost pus pe chestiuni privind rela\u0163iile ungaro-rom\u00e2ne. G\u00e1bor Vona a spus c\u0103 sunt multe semne din care se poate deduce c\u0103 marile puteri ad\u00e2ncesc \u015fi fac s\u0103 fie mai ascu\u0163ite conflictele dintre Ungaria \u015fi Rom\u00e2nia \u015fi, \u00een opinia sa, at\u00e2t politica extern\u0103 ungar\u0103, c\u00e2t \u015fi cea rom\u00e2n\u0103 \u201ctrebuie s\u0103 fie lucid\u0103\u201d pentru a evita producerea unor conflicte \u015fi mai mari.<!--more--><\/p>\n<p style=\"text-align: justify;\">\u201cJobbik a pledat pentru audierea ambasadorului Rom\u00e2niei la Budapesta \u00een Comisia pentru politic\u0103 extern\u0103 sau \u00een Comisia pentru solidaritate a Parlametnului ungar, deoarece sunt \u201c\u00eensp\u0103im\u00e2nt\u0103toare\u201d unele m\u0103suri de intimidare adoptate de autorit\u0103\u0163ile rom\u00e2ne \u00een \u0162inutul Secuiesc \u00eempotriva reprezentan\u0163ilor Mi\u015fc\u0103rii de Tineret din cele 64 Comitate sau a grupurilor de rock din Ungaria\u201d, a afirmat pre\u015fedintele Jobbik.<\/p>\n<p style=\"text-align: justify;\"><b>G\u00e1bor Vona nu exclude comanda american\u0103<\/b><\/p>\n<p style=\"text-align: justify;\">R\u0103spunz\u00e2nd la \u00eentrebarea, dac\u0103 prin aceste ac\u0163iuni autorit\u0103\u0163ile rom\u00e2ne execut\u0103 ordinele SUA, G\u00e1bor Vona a precizat c\u0103 nu \u00eendr\u0103zne\u015fte s\u0103 afirme acest lucru \u00een lipsa unor dovezi, dar nu se poate nici exclude un asemenea scenariu, ceea ce ar fi putut clarifica ambasadorul rom\u00e2n la Budapesta, \u00eens\u0103 \u201c\u00een mod regretabil\u201d diplomatul nu \u015fi-a onorat invia\u0163ia.<\/p>\n<p style=\"text-align: justify;\">\u201cNu vreau s\u0103 m\u0103 lansez \u00een presupuneri, dar m\u0103 tem c\u0103 \u015fi acesta este un fel de preludiu al unui r\u0103zboi ruso-american. Mie mi se pare c\u0103 diferitele interese ale marilor puteri au \u00eenceput o lupt\u0103 prealabil\u0103 de care m\u0103 tem foarte tare. M\u0103 tem c\u0103 SUA \u015fi Rusia nu vor fi capabile de gestionarea conflictelor lor (\u2026). Cred c\u0103 ceea ce se \u00eent\u00e2mpl\u0103 \u00een Transilvania nu este, \u00een primul r\u00e2nd, problema \u00eentre maghiari \u015fi rom\u00e2ni, ci este vorba despre lupta ruso-american\u0103\u201d, a declarat pre\u015fedintele Jobbik.<\/p>\n<p style=\"text-align: justify;\"><b>Autonomia ca premis\u0103 a \u00een\u0163elegerii<\/b><\/p>\n<p style=\"text-align: justify;\">\u00cen opinia lui G\u00e1bor Vona, maghiarii din Transilvania sunt de multe ori victimele rela\u0163iilor oscilante dintre Ungaria \u015fi Rom\u00e2nia. Jobbik este adeptul autonomiei, autodeterminarea trebuie acordat\u0103\u00a0 maghiarilor din Transilvania, \u00een special maghiarilor din \u0162inutului Secuiesc, deoarece aceasta este premisa \u00een\u0163elegerii istorice, f\u0103r\u0103 de care Marile Puteri pot \u00eenvr\u0103jbi pe maghiari \u015fi rom\u00e2ni, unii \u00eempotriva celorlal\u0163i. \u201cOri vom reu\u015fi \u00eempreun\u0103 s\u0103 intr\u0103m \u00een competi\u0163ie cu viitorul, ori vom e\u015fua \u00eempreun\u0103\u201d, a subliniat G\u00e1bor Vona.<\/p>\n<p style=\"text-align: justify;\"><b>Nu are nicio baz\u0103 real\u0103 reanexarea Transilvaniei <\/b><\/p>\n<p style=\"text-align: justify;\">Reporterul l-a confruntat direct pe interlocutorul s\u0103u cu afirma\u0163ia sa, rostit\u0103 mai demult, afirma\u0163ie potrivit c\u0103reia \u201cnu vom renun\u0163a la \u0163elul nostru ca odat\u0103 to\u0163i maghiarii s\u0103 tr\u0103iasc\u0103 \u00eentr-o singur\u0103 \u0163ar\u0103: dac\u0103 interesul maghiar poate fi promovat doar prin conflicte, atunci trebuie asumat \u015fi conflictul\u201d. La \u00eentrebarea, dac\u0103 Jobbik se g\u00e2nde\u015fte la r\u0103zboi \u00een vederea reanex\u0103rii la Ungaria a Transilvaniei, G\u00e1bor Vona a subliniat: Cele dou\u0103 afirma\u0163ii nu au fost rostite astfel \u015fi nu \u00een acela\u015fi context \u015fi totu\u015fi au generat un scandal interna\u0163ional at\u00e2t de mare, \u00eenc\u00e2t aproape c\u0103 m-au expulzat din Rom\u00e2nia.<\/p>\n<p style=\"text-align: justify;\">Nu are nicio baz\u0103 real\u0103 \u015fi nu este nici de actualitate ca Ungaria s\u0103 procedeze la reanexarea Transilvaniei, a subliniat pre\u015fedintele Jobbik. Iar ca \u201cto\u0163i maghiarii s\u0103 tr\u0103iasc\u0103 \u00eentr-o singur\u0103 \u0163ar\u0103\u201d, pentru Vona este o chestiune sentimental\u0103, la care nu va putea renun\u0163a, \u201cp\u00e2n\u0103 c\u00e2nd \u00eei va permite istoria\u201d, a afirmat ziarul ungar \u201cMagyar Nemzet\u201d. \u201c\u00cen ceea ce prive\u015fte politica, aceasta este o lume ra\u0163ional\u0103, \u00eens\u0103 este un interes comun al Ungariei \u015fi Rom\u00e2niei aplanarea opozi\u0163iilor etnice\u201d, a conchis pre\u015fedintele Jobbik.<\/p>\n<p style=\"text-align: justify;\">\u201cNu m-am g\u00e2ndit la nici un r\u0103zboi, dar dac\u0103 exist\u0103 dispute, acestea trebuie rezolvate \u00eentr-o manier\u0103 civilizat\u0103, a conchis G\u00e1bor Vona.<\/p>\n<p style=\"text-align: justify;\">Traducerea: Sz\u00e9kely D\u00e9nes<\/p>\n<p style=\"text-align: justify;\">Foto: www.erdon.ro<\/p>\n","protected":false},"excerpt":{"rendered":"<p>Pre\u015fedintele Jobbik a acordat recent un interviu televiziunii rom\u00e2ne Digi 24 \u00cen opinia lui G\u00e1bor Vona, Marile Puteri \u00eencearc\u0103 s\u0103 se foloseasc\u0103 de <\/p>\n","protected":false},"author":1,"featured_media":1389,"comment_status":"open","ping_status":"open","sticky":false,"template":"","format":"standard","meta":{"footnotes":""},"categories":[1],"tags":[],"class_list":["post-1388","post","type-post","status-publish","format-standard","has-post-thumbnail","hentry","category-fara-categorie"],"_links":{"self":[{"href":"https:\/\/hatarok-nelkul.com\/ro\/index.php?rest_route=\/wp\/v2\/posts\/1388","targetHints":{"allow":["GET"]}}],"collection":[{"href":"https:\/\/hatarok-nelkul.com\/ro\/index.php?rest_route=\/wp\/v2\/posts"}],"about":[{"href":"https:\/\/hatarok-nelkul.com\/ro\/index.php?rest_route=\/wp\/v2\/types\/post"}],"author":[{"embeddable":true,"href":"https:\/\/hatarok-nelkul.com\/ro\/index.php?rest_route=\/wp\/v2\/users\/1"}],"replies":[{"embeddable":true,"href":"https:\/\/hatarok-nelkul.com\/ro\/index.php?rest_route=%2Fwp%2Fv2%2Fcomments&post=1388"}],"version-history":[{"count":2,"href":"https:\/\/hatarok-nelkul.com\/ro\/index.php?rest_route=\/wp\/v2\/posts\/1388\/revisions"}],"predecessor-version":[{"id":1391,"href":"https:\/\/hatarok-nelkul.com\/ro\/index.php?rest_route=\/wp\/v2\/posts\/1388\/revisions\/1391"}],"wp:featuredmedia":[{"embeddable":true,"href":"https:\/\/hatarok-nelkul.com\/ro\/index.php?rest_route=\/wp\/v2\/media\/1389"}],"wp:attachment":[{"href":"https:\/\/hatarok-nelkul.com\/ro\/index.php?rest_route=%2Fwp%2Fv2%2Fmedia&parent=1388"}],"wp:term":[{"taxonomy":"category","embeddable":true,"href":"https:\/\/hatarok-nelkul.com\/ro\/index.php?rest_route=%2Fwp%2Fv2%2Fcategories&post=1388"},{"taxonomy":"post_tag","embeddable":true,"href":"https:\/\/hatarok-nelkul.com\/ro\/index.php?rest_route=%2Fwp%2Fv2%2Ftags&post=1388"}],"curies":[{"name":"wp","href":"https:\/\/api.w.org\/{rel}","templated":true}]}}