{"id":1405,"date":"2016-02-27T19:51:23","date_gmt":"2016-02-27T17:51:23","guid":{"rendered":"http:\/\/hatarok-nelkul.com\/ro\/?p=1405"},"modified":"2016-02-27T19:51:48","modified_gmt":"2016-02-27T17:51:48","slug":"lupii-de-mare-se-prezinta-in-premiera-locuitorilor-judetului-harghita-printr-o-serie-de-evenimente-inedite","status":"publish","type":"post","link":"https:\/\/hatarok-nelkul.com\/ro\/?p=1405","title":{"rendered":"Lupii de mare se prezint\u0103 \u00een premier\u0103 locuitorilor jude\u0163ului Harghita, printr-o serie de evenimente inedite"},"content":{"rendered":"<p style=\"text-align: justify;\"><a href=\"https:\/\/hatarok-nelkul.com\/ro\/wp-content\/uploads\/2016\/02\/agerpres.jpg\"><img loading=\"lazy\" decoding=\"async\" class=\"alignleft size-thumbnail wp-image-1406\" alt=\"agerpres\" src=\"https:\/\/hatarok-nelkul.com\/ro\/wp-content\/uploads\/2016\/02\/agerpres-150x150.jpg\" width=\"150\" height=\"150\" \/><\/a>O expozi\u021bie inedit\u0103, cu machetele unor nave militare care au f\u0103cut istorie \u00een Rom\u00e2nia a fost prezentat\u0103 \u00een premier\u0103, \u00een perioada 17-19 februarie, \u00een organizarea Statului Major al For\u021belor Navale \u015fi a Bibilotecii Jude\u0163ene K\u00e1joni J\u00e1nos din Miercurea Ciuc, pentru a promova cultura \u0219i tradi\u021biile marin\u0103re\u0219ti \u0219i a cinsti memoria eroilor din Primul R\u0103zboi Mondial.<\/p>\n<p style=\"text-align: justify;\">Prima ac\u021biune a avut loc pe 17 februarie, la Biblioteca Jude\u021bean\u0103 din Miercurea Ciuc, unde a fost vernisat\u0103 expozi\u021bia &#8216;Marea \u00een culori&#8217;, ce cuprinde machetele unor nave militare foarte cunoscute, instrumente de naviga\u021bie, uniforme de marin\u0103, dar \u0219i zeci de tablouri care redau peisagistica marin\u0103. De asemenea, printre exponate se num\u0103r\u0103 \u0219i un tablou realizat \u00een s\u0103pun, care ilustreaz\u0103 nava \u0219coal\u0103 Mircea sau submarinul Delfinul, fregata Regele Ferdinand \u0219i fregata M\u0103r\u0103\u015fe\u015fti.<!--more--><\/p>\n<p style=\"text-align: justify;\">Purt\u0103torul de cuv\u00e2nt al For\u021belor Navale Rom\u00e2ne, lt. col. Corneliu Pavel, a declarat c\u0103 organizatorii s-au g\u00e2ndit c\u0103 harghitenii nu au avut ocazia s\u0103 vad\u0103 navele militare \u0219i nici nu sunt familiariza\u021bi cu marinarii, motiv pentru care au decis s\u0103 vin\u0103 acas\u0103 la ei, pentru a se prezenta.<\/p>\n<p style=\"text-align: justify;\">Acesta a punctat c\u0103 decizia de a organiza evenimente \u00een Harghita are leg\u0103tur\u0103 \u0219i cu faptul c\u0103 \u00een Miercurea Ciuc exist\u0103 cimitirul eroilor din Primul R\u0103zboi Mondial, unde \u00ee\u0219i dorm somnul de veci peste 1.000 de eroi rom\u00e2ni, maghiari, austrieci, polonezi, cehi, bulgari \u0219i alte na\u021bionalit\u0103\u021bi, iar faptele eroice, de arme, r\u0103m\u00e2n ca un arc peste timp pentru genera\u021biile viitoare, la fel cum actul cultural d\u0103inuie peste timp.<\/p>\n<p style=\"text-align: justify;\">Prezent la eveniment, prefectul Harghitei, Adrian Jean Andrei, a apreciat faptul c\u0103 For\u021bele Navale Rom\u00e2ne sunt prezente \u00een jude\u021b \u00eentr-un exerci\u021biu de promovare \u0219i aduc marea mai aproape de mun\u021bi.<\/p>\n<p style=\"text-align: justify;\">La r\u00e2ndul s\u0103u, reprezentanta Bibliotecii Jude\u021bene din Miercurea Ciuc, Bed\u0151 Melinda, s-a declarat \u00eenc\u00e2ntat\u0103 de prezen\u021ba acestei expozi\u021bii, considerat\u0103 &#8216;absolut inedit\u0103&#8217; \u0219i a prezentat cartea &#8216;Toate P\u00e2nzele Sus&#8217;, at\u00e2t \u00een rom\u00e2n\u0103 c\u00e2t \u0219i \u00een maghiar\u0103, care a fost preferat\u0103 de mai multe genera\u021bii de tineri.<\/p>\n<p style=\"text-align: justify;\">\u0218i vizitatorii au fost impresiona\u021bi, consider\u00e2nd c\u0103 ideea este una &#8216;foarte bun\u0103 \u0219i interesant\u0103&#8217;.<\/p>\n<p style=\"text-align: justify;\">Expozi\u021bia &#8216;Marea \u00een culori&#8217;, organizat\u0103 \u00een colaborare cu Muzeul Marinei Rom\u00e2ne din Constan\u021ba, reprezint\u0103 debutul unui program de activit\u0103\u021bi, desf\u0103\u0219urate de c\u0103tre marinarii militari \u00een jude\u021bul Harghita, \u00een colaborare cu Prefectura Jude\u021bului Harghita, Prim\u0103ria Municipiului Miercurea Ciuc \u0219i alte institu\u021bii publice \u0219i private.<\/p>\n<p style=\"text-align: justify;\">\u00cen zilele urm\u0103toare, marinarii \u00eei invit\u0103 pe copiii din Miercurea Ciuc la un spectacol sus\u021binut de actorii Teatrului pentru Copii &#8216;Arlechino&#8217; din Bra\u0219ov, iar pe adul\u021bi la un concert de fanfar\u0103 prezentat de Muzica Militar\u0103 a For\u021belor Navale. De asemenea, vor fi depuse coroane de flori la monumentul Siculicidum, ridicat \u00een cinstea secuilor uci\u0219i \u00een localitatea Siculeni de trupele austriece \u0219i la monumentul osta\u0219ilor c\u0103zu\u021bi \u00een Primul R\u0103zboi Mondial de la Miercurea Ciuc. La Gheorgheni, militarii se vor \u00eent\u00e2lni cu elevii Liceului Sf\u00e2ntu Nicolae, pentru a-i convinge s\u0103 urmeze o carier\u0103 miliar\u0103, transmite Agen\u0163ia Na\u0163ional\u0103 rom\u00e2n\u0103 de Pres\u0103 Agerpres.<\/p>\n<p style=\"text-align: justify;\">Traducerea: P\u00e9terffy T\u00fcnde<\/p>\n<p style=\"text-align: justify;\">Foto: www.agerpres.ro<\/p>\n","protected":false},"excerpt":{"rendered":"<p>O expozi\u021bie inedit\u0103, cu machetele unor nave militare care au f\u0103cut istorie \u00een Rom\u00e2nia a fost prezentat\u0103 \u00een premier\u0103, \u00een perioada 17-19 februarie, <\/p>\n","protected":false},"author":1,"featured_media":1406,"comment_status":"open","ping_status":"open","sticky":false,"template":"","format":"standard","meta":{"footnotes":""},"categories":[1],"tags":[],"class_list":["post-1405","post","type-post","status-publish","format-standard","has-post-thumbnail","hentry","category-fara-categorie"],"_links":{"self":[{"href":"https:\/\/hatarok-nelkul.com\/ro\/index.php?rest_route=\/wp\/v2\/posts\/1405","targetHints":{"allow":["GET"]}}],"collection":[{"href":"https:\/\/hatarok-nelkul.com\/ro\/index.php?rest_route=\/wp\/v2\/posts"}],"about":[{"href":"https:\/\/hatarok-nelkul.com\/ro\/index.php?rest_route=\/wp\/v2\/types\/post"}],"author":[{"embeddable":true,"href":"https:\/\/hatarok-nelkul.com\/ro\/index.php?rest_route=\/wp\/v2\/users\/1"}],"replies":[{"embeddable":true,"href":"https:\/\/hatarok-nelkul.com\/ro\/index.php?rest_route=%2Fwp%2Fv2%2Fcomments&post=1405"}],"version-history":[{"count":2,"href":"https:\/\/hatarok-nelkul.com\/ro\/index.php?rest_route=\/wp\/v2\/posts\/1405\/revisions"}],"predecessor-version":[{"id":1408,"href":"https:\/\/hatarok-nelkul.com\/ro\/index.php?rest_route=\/wp\/v2\/posts\/1405\/revisions\/1408"}],"wp:featuredmedia":[{"embeddable":true,"href":"https:\/\/hatarok-nelkul.com\/ro\/index.php?rest_route=\/wp\/v2\/media\/1406"}],"wp:attachment":[{"href":"https:\/\/hatarok-nelkul.com\/ro\/index.php?rest_route=%2Fwp%2Fv2%2Fmedia&parent=1405"}],"wp:term":[{"taxonomy":"category","embeddable":true,"href":"https:\/\/hatarok-nelkul.com\/ro\/index.php?rest_route=%2Fwp%2Fv2%2Fcategories&post=1405"},{"taxonomy":"post_tag","embeddable":true,"href":"https:\/\/hatarok-nelkul.com\/ro\/index.php?rest_route=%2Fwp%2Fv2%2Ftags&post=1405"}],"curies":[{"name":"wp","href":"https:\/\/api.w.org\/{rel}","templated":true}]}}