{"id":1412,"date":"2016-03-01T23:50:39","date_gmt":"2016-03-01T21:50:39","guid":{"rendered":"http:\/\/hatarok-nelkul.com\/ro\/?p=1412"},"modified":"2016-03-01T23:50:39","modified_gmt":"2016-03-01T21:50:39","slug":"ppmt-va-avea-o-lista-separata-cu-candidati-la-targu-mures","status":"publish","type":"post","link":"https:\/\/hatarok-nelkul.com\/ro\/?p=1412","title":{"rendered":"PPMT va avea o list\u0103 separat\u0103 cu candida\u0163i la T\u00e2rgu Mure\u015f?"},"content":{"rendered":"<figure id=\"attachment_1413\" aria-describedby=\"caption-attachment-1413\" style=\"width: 150px\" class=\"wp-caption alignleft\"><a href=\"https:\/\/hatarok-nelkul.com\/ro\/wp-content\/uploads\/2016\/03\/portik.jpg\"><img loading=\"lazy\" decoding=\"async\" class=\"size-thumbnail wp-image-1413\" alt=\"portik\" src=\"https:\/\/hatarok-nelkul.com\/ro\/wp-content\/uploads\/2016\/03\/portik-150x150.jpg\" width=\"150\" height=\"150\" \/><\/a><figcaption id=\"caption-attachment-1413\" class=\"wp-caption-text\">Vilmos Portik<\/figcaption><\/figure>\n<p style=\"text-align: justify;\">Vicepre\u015fedintele organiza\u0163iei din jude\u0163ul Mure\u015f a Partidului Popular Maghiar din Transilvania (PPMT), Vilmos Portik, consider\u0103 \u00eencheiate discu\u0163iile purtate cu UDMR pentru participarea pe list\u0103 comun\u0103 la alegerile membrilor Consiliului Local din T\u00e2rgu Mure\u015f \u015fi \u00een opinia sa numai este exclus ca forma\u0163iunea sa politic\u0103 s\u0103 se lanseze \u00een competi\u0163ie electoral\u0103 pe list\u0103 separat\u0103 la alegerile locale.<\/p>\n<p style=\"text-align: justify;\">Pe portalul de socializare Facebook au ap\u0103rut de mai multe ori unele \u00eensemn\u0103ri potrivit c\u0103rora este cert c\u0103 PPMT se va lansa independent \u00een competi\u0163ie, iar \u00een fruntea listei pentru alegerea Consiliului Local se afl\u0103 Vilomos Portik, care sus\u0163ine c\u0103 nu trebuie dat crezare, deocamdat\u0103, acestei informa\u0163ii.<!--more--><\/p>\n<p style=\"text-align: justify;\">Vilmos Portik a ad\u0103ugat, \u00eens\u0103, c\u0103 nu vede cum ar fi posibil s\u0103 ajung\u0103 la un consens cu UDMR. La observa\u0163ia ziarului Kr\u00f3nika, c\u0103 PPMT nu se mul\u0163ume\u015fte cu un singur loc eligibil oferit de UDMR, Vilmos Portik a men\u0163ionat c\u0103 nu at\u00e2t din cauza unui singur loc eligibil oferit de UDMR este nemul\u0163umit, ci de faptul c\u0103 Uniunea a indicat exact pe cine ar dori s\u0103 vad\u0103 pe propria sa list\u0103.<\/p>\n<p style=\"text-align: justify;\">Dup\u0103 cum se \u015ftie, organiza\u0163ia UDMR T\u00e2rgu Mure\u015f tocmai lui Vilmos Portik i-a oferit locul opt, considerat teoretic eligibil \u00een lista solidarit\u0103\u0163ii. \u201cAceast\u0103 ofert\u0103 nu a fost f\u0103cut\u0103 Partidului Popular Maghiar din Transilvania, ci lui Vilmos Portik, iar eu g\u00e2ndesc \u00eentr-o echip\u0103, deoarece sunt membru al acestei echipe\u201d, a declarat Vilmos Portik.<\/p>\n<p style=\"text-align: justify;\">\u00a0Despre posibilitatea competi\u0163iei maghiaro-maghiare a vorbit recent \u015fi pre\u015fedintele UDMR T\u00e2rgu Mure\u015f, Andr\u00e1s Peti, potrivit c\u0103ruia exist\u0103 posibilitatea ca astfel s\u0103 accead\u0103 mai mul\u0163i maghiari \u00een Consiliu Local. Cu acest lucru a fost de acord \u00een linii mari \u015fi Portik, spun\u00e2nd c\u0103 nu \u00ee\u015fi face probleme c\u0103 PPMT nu va atinge pragul electoral de 5%. Iar, dac\u0103 va atinge acest prag, calcul\u00e2nd matematic, doi candida\u0163i ai PPMT ar ob\u0163ine c\u00e2te un mandat de consilier. \u201cPoate c\u0103 a\u015fa va fi mai bine, deoarece nu vom renun\u0163a la identitatea noastr\u0103 \u015fi vom putea reprezenta mai marcant propria noastr\u0103 forma\u0163iune politic\u0103\u201d, a subliniat Vilmos Portik.<\/p>\n<p style=\"text-align: justify;\">La r\u00e2ndul s\u0103u pre\u015fedintele organiza\u0163iei UMDR Mure\u015f, Zsombor Brassai, \u015fi-a exprimat speran\u0163a c\u0103 \u00een final se va reu\u015fi alc\u0103tuirea unei liste comune.<\/p>\n<p style=\"text-align: justify;\">Dup\u0103 cum se \u015ftie, PPMT a solicitat dou\u0103 locuri eligibile pentru candida\u0163ii forma\u0163iunii, iar un alt loc pentru bisericile istorice, \u00eens\u0103 UDMR a oferit \u00een lista solidarit\u0103\u0163ii doar un singur loc eligibil. (Kr\u00f3nika)<\/p>\n<p style=\"text-align: justify;\">Traducerea: P\u00e9terffy T\u00fcnde<\/p>\n<p style=\"text-align: justify;\">Foto: www.kronika.ro<\/p>\n","protected":false},"excerpt":{"rendered":"<p>Vicepre\u015fedintele organiza\u0163iei din jude\u0163ul Mure\u015f a Partidului Popular Maghiar din Transilvania (PPMT), Vilmos Portik, consider\u0103 \u00eencheiate discu\u0163iile purtate cu UDMR pentru participarea pe <\/p>\n","protected":false},"author":1,"featured_media":1413,"comment_status":"open","ping_status":"open","sticky":false,"template":"","format":"standard","meta":{"footnotes":""},"categories":[1],"tags":[],"class_list":["post-1412","post","type-post","status-publish","format-standard","has-post-thumbnail","hentry","category-fara-categorie"],"_links":{"self":[{"href":"https:\/\/hatarok-nelkul.com\/ro\/index.php?rest_route=\/wp\/v2\/posts\/1412","targetHints":{"allow":["GET"]}}],"collection":[{"href":"https:\/\/hatarok-nelkul.com\/ro\/index.php?rest_route=\/wp\/v2\/posts"}],"about":[{"href":"https:\/\/hatarok-nelkul.com\/ro\/index.php?rest_route=\/wp\/v2\/types\/post"}],"author":[{"embeddable":true,"href":"https:\/\/hatarok-nelkul.com\/ro\/index.php?rest_route=\/wp\/v2\/users\/1"}],"replies":[{"embeddable":true,"href":"https:\/\/hatarok-nelkul.com\/ro\/index.php?rest_route=%2Fwp%2Fv2%2Fcomments&post=1412"}],"version-history":[{"count":2,"href":"https:\/\/hatarok-nelkul.com\/ro\/index.php?rest_route=\/wp\/v2\/posts\/1412\/revisions"}],"predecessor-version":[{"id":1415,"href":"https:\/\/hatarok-nelkul.com\/ro\/index.php?rest_route=\/wp\/v2\/posts\/1412\/revisions\/1415"}],"wp:featuredmedia":[{"embeddable":true,"href":"https:\/\/hatarok-nelkul.com\/ro\/index.php?rest_route=\/wp\/v2\/media\/1413"}],"wp:attachment":[{"href":"https:\/\/hatarok-nelkul.com\/ro\/index.php?rest_route=%2Fwp%2Fv2%2Fmedia&parent=1412"}],"wp:term":[{"taxonomy":"category","embeddable":true,"href":"https:\/\/hatarok-nelkul.com\/ro\/index.php?rest_route=%2Fwp%2Fv2%2Fcategories&post=1412"},{"taxonomy":"post_tag","embeddable":true,"href":"https:\/\/hatarok-nelkul.com\/ro\/index.php?rest_route=%2Fwp%2Fv2%2Ftags&post=1412"}],"curies":[{"name":"wp","href":"https:\/\/api.w.org\/{rel}","templated":true}]}}