{"id":1416,"date":"2016-03-01T23:59:45","date_gmt":"2016-03-01T21:59:45","guid":{"rendered":"http:\/\/hatarok-nelkul.com\/ro\/?p=1416"},"modified":"2016-03-01T23:59:45","modified_gmt":"2016-03-01T21:59:45","slug":"zoltan-soos-va-candida-ca-independent-la-alegerile-pentru-functia-de-primar-al-targu-muresului","status":"publish","type":"post","link":"https:\/\/hatarok-nelkul.com\/ro\/?p=1416","title":{"rendered":"Zolt\u00e1n So\u00f3s va candida ca independent la alegerile pentru func\u0163ia de primar al T\u00e2rgu Mure\u015fului"},"content":{"rendered":"<p style=\"text-align: justify;\"><a href=\"https:\/\/hatarok-nelkul.com\/ro\/wp-content\/uploads\/2016\/03\/soos-660x488.jpg\"><img loading=\"lazy\" decoding=\"async\" class=\"alignleft size-thumbnail wp-image-1417\" alt=\"soos-660x488\" src=\"https:\/\/hatarok-nelkul.com\/ro\/wp-content\/uploads\/2016\/03\/soos-660x488-150x150.jpg\" width=\"150\" height=\"150\" \/><\/a>Zolt\u00e1n So\u00f3s a declarat postului Radio T\u00e2rgu Mure\u015f c\u0103 a considerat c\u0103 este mai avantajos dac\u0103 va candida ca independent la alegerile pentru func\u0163ia de primar al T\u00e2rgu Mure\u015f.<\/p>\n<p style=\"text-align: justify;\">\u00cen opinia sa, este corect c\u0103 nicio forma\u0163iune politic\u0103 maghiar\u0103 nu pune st\u0103p\u00e2nire pe acest post \u015fi \u00ee\u015fi asum\u0103 sus\u0163inerea propriului candidat. Zolt\u00e1n So\u00f3s crede, de asemenea, c\u0103 pe l\u00e2ng\u0103 candidatul independent trebuie alc\u0103tuit\u0103 \u015fi o list\u0103 \u201cbine g\u00e2ndit\u0103\u201d pentru alegerea membrilor Consiliului Local. <!--more-->R\u0103spunz\u00e2nd la o \u00eentrebare, potrivit c\u0103reia \u00een calitate de independent nu va putea fi \u00eenscris pe lista UDMR sau pe lista comun\u0103 de candida\u0163i ai partidelor maghiare la alegerile locale, Zoltan So\u00f3s a afirmat c\u0103 nu se consider\u0103 un politician de carier\u0103, iar acest aspect nu reprezint\u0103 nicio problem\u0103. (MTI)<\/p>\n<p style=\"text-align: justify;\">Traducerea: Sz\u00e9kely D\u00e9nes<\/p>\n<p style=\"text-align: justify;\">Foto: www.zi-de-zi.ro<\/p>\n","protected":false},"excerpt":{"rendered":"<p>Zolt\u00e1n So\u00f3s a declarat postului Radio T\u00e2rgu Mure\u015f c\u0103 a considerat c\u0103 este mai avantajos dac\u0103 va candida ca independent la alegerile pentru <\/p>\n","protected":false},"author":1,"featured_media":1417,"comment_status":"open","ping_status":"open","sticky":false,"template":"","format":"standard","meta":{"footnotes":""},"categories":[1],"tags":[],"class_list":["post-1416","post","type-post","status-publish","format-standard","has-post-thumbnail","hentry","category-fara-categorie"],"_links":{"self":[{"href":"https:\/\/hatarok-nelkul.com\/ro\/index.php?rest_route=\/wp\/v2\/posts\/1416","targetHints":{"allow":["GET"]}}],"collection":[{"href":"https:\/\/hatarok-nelkul.com\/ro\/index.php?rest_route=\/wp\/v2\/posts"}],"about":[{"href":"https:\/\/hatarok-nelkul.com\/ro\/index.php?rest_route=\/wp\/v2\/types\/post"}],"author":[{"embeddable":true,"href":"https:\/\/hatarok-nelkul.com\/ro\/index.php?rest_route=\/wp\/v2\/users\/1"}],"replies":[{"embeddable":true,"href":"https:\/\/hatarok-nelkul.com\/ro\/index.php?rest_route=%2Fwp%2Fv2%2Fcomments&post=1416"}],"version-history":[{"count":1,"href":"https:\/\/hatarok-nelkul.com\/ro\/index.php?rest_route=\/wp\/v2\/posts\/1416\/revisions"}],"predecessor-version":[{"id":1418,"href":"https:\/\/hatarok-nelkul.com\/ro\/index.php?rest_route=\/wp\/v2\/posts\/1416\/revisions\/1418"}],"wp:featuredmedia":[{"embeddable":true,"href":"https:\/\/hatarok-nelkul.com\/ro\/index.php?rest_route=\/wp\/v2\/media\/1417"}],"wp:attachment":[{"href":"https:\/\/hatarok-nelkul.com\/ro\/index.php?rest_route=%2Fwp%2Fv2%2Fmedia&parent=1416"}],"wp:term":[{"taxonomy":"category","embeddable":true,"href":"https:\/\/hatarok-nelkul.com\/ro\/index.php?rest_route=%2Fwp%2Fv2%2Fcategories&post=1416"},{"taxonomy":"post_tag","embeddable":true,"href":"https:\/\/hatarok-nelkul.com\/ro\/index.php?rest_route=%2Fwp%2Fv2%2Ftags&post=1416"}],"curies":[{"name":"wp","href":"https:\/\/api.w.org\/{rel}","templated":true}]}}