{"id":1419,"date":"2016-03-02T00:14:40","date_gmt":"2016-03-01T22:14:40","guid":{"rendered":"http:\/\/hatarok-nelkul.com\/ro\/?p=1419"},"modified":"2016-03-02T00:15:05","modified_gmt":"2016-03-01T22:15:05","slug":"intrevedere-viktor-orban-hunor-kelemen","status":"publish","type":"post","link":"https:\/\/hatarok-nelkul.com\/ro\/?p=1419","title":{"rendered":"\u00centrevedere Viktor Orb\u00e1n &#8211; Hunor Kelemen"},"content":{"rendered":"<p style=\"text-align: justify;\"><a href=\"https:\/\/hatarok-nelkul.com\/ro\/wp-content\/uploads\/2016\/03\/orban-hunor.jpeg\"><img loading=\"lazy\" decoding=\"async\" class=\"alignleft size-thumbnail wp-image-1420\" alt=\"orban-hunor\" src=\"https:\/\/hatarok-nelkul.com\/ro\/wp-content\/uploads\/2016\/03\/orban-hunor-150x150.jpeg\" width=\"150\" height=\"150\" \/><\/a>&#8220;Este important ca din disputele politice interne, \u00een contextul \u00een care anul acesta \u00een Rom\u00e2nia vor avea loc alegeri, maghiarii din Transilvania s\u0103 ias\u0103 mai puternici, iar aceast\u0103 consolidare s\u0103 se manifeste \u015fi prin reprezentarea lor \u00een consiliile locale \u015fi \u00een parlament, au subliniat la discu\u0163iile care au avut loc luni, \u00een Parlamentul de la Budapesta, premierul Ungariei, Viktor Orb\u00e1n, \u015fi pre\u015fedintele Uniunii Democrate Maghiare din Rom\u00e2nia, Hunor Kelemen. \u015eeful Biroului de Pres\u0103 al premierului Ungariei, Bertalan Havasi, a declarat Agen\u0163iei de Pres\u0103 MTI c\u0103 Hunor Kelemen i-a prezentat premierului Ungariei<!--more--> proiectele de programe pentru sus\u0163inerea d\u0103inuirii identit\u0103\u0163ii maghiarilor din Transilvania, precum \u015fi relansarea vie\u0163ii culturale din aceast\u0103 regiune. Viktor Orb\u00e1n l-a asigurat pe pre\u015fedintele UDMR c\u0103 va sus\u0163ine proiectele prezentate, printre care \u00eenfiin\u0163area la Timi\u015foara a unui colegiu de \u00eenv\u0103\u0163\u0103m\u00e2nt superior pentru maghiarii care tr\u0103iesc dispersa\u0163i, \u00eencheierea lucr\u0103rilor de execu\u0163ie la Colegiul Mez\u0151s\u00e9gi T\u00e9ka, din Gherla, \u00eenfiin\u0163area Academiei pentru Hochei pe Ghea\u0163\u0103 din \u021ainutul Secuiesc sau extinderea patrimoniului obiectelor de art\u0103 al Centrului de Art\u0103 din Transilvania, de la Sf\u00e2ntu Gheorghe, a ad\u0103ugat Bertalan Havasi. (MTI)<\/p>\n<p style=\"text-align: justify;\">\u00a0Foto:www.hotnews.ro<\/p>\n","protected":false},"excerpt":{"rendered":"<p>&#8220;Este important ca din disputele politice interne, \u00een contextul \u00een care anul acesta \u00een Rom\u00e2nia vor avea loc alegeri, maghiarii din Transilvania s\u0103 <\/p>\n","protected":false},"author":1,"featured_media":1420,"comment_status":"open","ping_status":"open","sticky":false,"template":"","format":"standard","meta":{"footnotes":""},"categories":[1],"tags":[],"class_list":["post-1419","post","type-post","status-publish","format-standard","has-post-thumbnail","hentry","category-fara-categorie"],"_links":{"self":[{"href":"https:\/\/hatarok-nelkul.com\/ro\/index.php?rest_route=\/wp\/v2\/posts\/1419","targetHints":{"allow":["GET"]}}],"collection":[{"href":"https:\/\/hatarok-nelkul.com\/ro\/index.php?rest_route=\/wp\/v2\/posts"}],"about":[{"href":"https:\/\/hatarok-nelkul.com\/ro\/index.php?rest_route=\/wp\/v2\/types\/post"}],"author":[{"embeddable":true,"href":"https:\/\/hatarok-nelkul.com\/ro\/index.php?rest_route=\/wp\/v2\/users\/1"}],"replies":[{"embeddable":true,"href":"https:\/\/hatarok-nelkul.com\/ro\/index.php?rest_route=%2Fwp%2Fv2%2Fcomments&post=1419"}],"version-history":[{"count":3,"href":"https:\/\/hatarok-nelkul.com\/ro\/index.php?rest_route=\/wp\/v2\/posts\/1419\/revisions"}],"predecessor-version":[{"id":1422,"href":"https:\/\/hatarok-nelkul.com\/ro\/index.php?rest_route=\/wp\/v2\/posts\/1419\/revisions\/1422"}],"wp:featuredmedia":[{"embeddable":true,"href":"https:\/\/hatarok-nelkul.com\/ro\/index.php?rest_route=\/wp\/v2\/media\/1420"}],"wp:attachment":[{"href":"https:\/\/hatarok-nelkul.com\/ro\/index.php?rest_route=%2Fwp%2Fv2%2Fmedia&parent=1419"}],"wp:term":[{"taxonomy":"category","embeddable":true,"href":"https:\/\/hatarok-nelkul.com\/ro\/index.php?rest_route=%2Fwp%2Fv2%2Fcategories&post=1419"},{"taxonomy":"post_tag","embeddable":true,"href":"https:\/\/hatarok-nelkul.com\/ro\/index.php?rest_route=%2Fwp%2Fv2%2Ftags&post=1419"}],"curies":[{"name":"wp","href":"https:\/\/api.w.org\/{rel}","templated":true}]}}