{"id":1448,"date":"2016-03-10T23:37:33","date_gmt":"2016-03-10T21:37:33","guid":{"rendered":"http:\/\/hatarok-nelkul.com\/ro\/?p=1448"},"modified":"2016-03-10T23:37:55","modified_gmt":"2016-03-10T21:37:55","slug":"vicepresedintelui-jobbik-nu-i-a-fost-permisa-intrarea-in-romania","status":"publish","type":"post","link":"https:\/\/hatarok-nelkul.com\/ro\/?p=1448","title":{"rendered":"Vicepre\u015fedintelui Jobbik nu i-a fost permis\u0103 intrarea \u00een Rom\u00e2nia"},"content":{"rendered":"<p style=\"text-align: justify;\"><a href=\"https:\/\/hatarok-nelkul.com\/ro\/wp-content\/uploads\/2016\/03\/ismet-kitiltottak-szavayt-erdelybol.jpg\"><img loading=\"lazy\" decoding=\"async\" class=\"alignleft size-thumbnail wp-image-1449\" alt=\"ismet-kitiltottak-szavayt-erdelybol\" src=\"https:\/\/hatarok-nelkul.com\/ro\/wp-content\/uploads\/2016\/03\/ismet-kitiltottak-szavayt-erdelybol-150x150.jpg\" width=\"150\" height=\"150\" \/><\/a>Vicepre\u015fedintelui Jobbik nu i-a fost permis\u0103 intrarea \u00een Rom\u00e2nia. Acest lucru a fost anun\u0163at miercuri, \u00eentr-un comunicat, chiar de deputatul Jobbik \u00een Legislativul ungar, Istv\u00e1n Sz\u00e1vay, transmite MTI. Vicepre\u015fedintele Jobbik a inten\u0163ionat s\u0103 participe la manifest\u0103rile organizate pe 10 martie, la T\u00e2rgu Mure\u015f, cu prilejul Zilei Libert\u0103\u0163ii Secuie\u015fti. Cu aceast\u0103 ocazia ar fi organizat o conferin\u0163\u0103 de pres\u0103 \u015fi ar fi stat de vorb\u0103 cu oamenii \u00een birourile Jobbik deschise la Cluj-Napoca, Odorheiu Secuiesc \u015fi Satu Mare. Dup\u0103 aproximativ o jum\u0103tate de or\u0103 de a\u015fteptare la punctul de trecere a frontierei de la Bor\u015f, deputatul Jobbik a fost informat c\u0103 nu<!--more--> poate merge mai departe, deoarece decizia privind expulzarea sa din Rom\u00e2nia este valabil\u0103 timp de trei ani, \u00eencep\u00e2nd cu data de 21 octombrie 2015. &#8220;Prin urmare, similar primei expulz\u0103ri din perioada martie 2014 \u015fi martie 2015 am aflat din nou, tot la grani\u0163\u0103, c\u0103 nu pot p\u0103\u015fi pe p\u0103m\u00e2ntul Transilvaniei. De aceast\u0103 dat\u0103 nu m-a informat nimeni \u00een prealabil, a\u015fa cum nu am fos \u00een\u015ftiin\u0163at nici despre motivul concret al expulz\u0103rii mele&#8221;, scrie Istv\u00e1n Sz\u00e1vay \u00een comunicatul s\u0103u. &#8220;Decizia unilateral\u0103, lipsit\u0103 de o motiva\u0163ie de fond \u015fi care \u00eencalc\u0103 \u00een mod grosolan drepturile fundamentale ale omului a autorit\u0103\u0163ilor rom\u00e2ne, precum \u015fi \u00eentregul demers \u00eentreprins din partea unui stat membru al UE, de o \u0163ar\u0103 vecin\u0103 \u015fi aliat\u0103 a NATO, este consternant\u0103 \u015fi revolt\u0103toare&#8221;, a subliniat vicepre\u015fedintele Jobbik. Istv\u00e1n Sz\u00e1vay a amintit c\u0103 din cauza unei alte expulz\u0103ri, care a fost valabil\u0103 un an, s-a adresat Cur\u0163ii Europene pentru Drepturile Omului, cu sediul la Strasbourg \u015fi a dat \u00een judecat\u0103 statul rom\u00e2n. \u015ei acum se va folosi de toate posibilit\u0103\u0163ile juridice rom\u00e2ne\u015fti \u015fi interna\u0163ionale, aflate la dispozi\u0163ia sa, a ad\u0103ugat vicepre\u015fedintele Jobbik. De men\u0163ionat c\u0103 \u00een martie se \u00eemplinesc doi ani de c\u00e2nd \u00een cazul a patru cet\u0103\u0163eni ungari, printre care deputa\u0163ii Istv\u00e1n Sz\u00e1vay \u015fi Gy\u00f6rgy Gyula Zagyva, s-a dispus interzicere intr\u0103rii pentru un an pe teritoriul Rom\u00e2niei. Atunci, purt\u0103torul de cuv\u00e2nt al Ministerului rom\u00e2n de Interne, Monica Dajbog, a declarat c\u0103 cei patru cet\u0103\u0163eni ungari sunt suspecta\u0163i de faptul c\u0103 sunt membri ai unor organiza\u0163ii care desf\u0103\u015foar\u0103 activit\u0103\u0163i de natur\u0103 na\u0163ionalist-extremist\u0103 \u015fi care pun \u00een pericol siguran\u0163a na\u0163ional\u0103 \u015fi ordinea public\u0103 \u00een Rom\u00e2nia.<\/p>\n<p style=\"text-align: justify;\"><b>Ministerul ungar de Externe dore\u015fte l\u0103muriri \u00een cazul deputatului Jobbik<\/b><\/p>\n<p style=\"text-align: justify;\">Ministerul ungar al Afacerilor Externe \u015fi Rela\u0163iilor Economice Interna\u0163ionale a \u00eentreprins demersurile necesare pentru a clarifica de ce vicepre\u015fedintele Jobbik, Istv\u00e1n Sz\u00e1vay, nu a fost l\u0103sat s\u0103 intre \u00een Rom\u00e2nia. \u00centr-un comunicat remis Agen\u0163iei de pres\u0103 MTI se arat\u0103 c\u0103, dup\u0103 ce Ministerul ungar de Externe a luat la cuno\u015ftin\u0163\u0103 despre interdic\u0163ia pe trei ani de a intra pe teritoriul Rom\u00e2niei impus\u0103 deputatului Istv\u00e1n Sz\u00e1vay, Ambasada Ungariei de la Bucure\u015fti a solicitat printr-o not\u0103 diplomatic\u0103 l\u0103muriri imediate din partea Ministerului rom\u00e2n de Externe. De asemenea, a fost contactat Ministerul rom\u00e2n de Interne \u015fi a fost solicitat\u0103 o \u00eentrevedere pentru clarificarea situa\u0163iei. \u00centr-un comunicat dat publicit\u0103\u0163ii miercuri, Istv\u00e1n Sz\u00e1vay a precizat c\u0103 ar fi dorit s\u0103 c\u0103l\u0103toreasc\u0103 \u00een Transilvania pentru a participa la manifest\u0103rile prilejuite de Ziua Libert\u0103\u0163ii Secuie\u015fti \u015fi pentru a organiza o serie de \u00eent\u00e2lniri la Cluj-Napoca, Odorheiu Secuiesc \u015fi Satu Mare. Dup\u0103 o jum\u0103tate de or\u0103 de a\u015fteptare la punctul de trecere a frontierei de la Bor\u015f, autorit\u0103\u0163ile rom\u00e2ne i-au cominicat c\u0103 nu poate c\u0103l\u0103tori mai departe, deoarece are o interdic\u0163ie de a intra \u00een Rom\u00e2nia pe o perioad\u0103 de trei ani, valabil\u0103 din 21 octombrie 2015.<\/p>\n<p style=\"text-align: justify;\">Traducerea: P\u00e9terffy T\u00fcnde<\/p>\n<p style=\"text-align: justify;\">Foto: szekelyfold.ma<\/p>\n","protected":false},"excerpt":{"rendered":"<p>Vicepre\u015fedintelui Jobbik nu i-a fost permis\u0103 intrarea \u00een Rom\u00e2nia. Acest lucru a fost anun\u0163at miercuri, \u00eentr-un comunicat, chiar de deputatul Jobbik \u00een Legislativul <\/p>\n","protected":false},"author":1,"featured_media":1449,"comment_status":"open","ping_status":"open","sticky":false,"template":"","format":"standard","meta":{"footnotes":""},"categories":[1],"tags":[],"class_list":["post-1448","post","type-post","status-publish","format-standard","has-post-thumbnail","hentry","category-fara-categorie"],"_links":{"self":[{"href":"https:\/\/hatarok-nelkul.com\/ro\/index.php?rest_route=\/wp\/v2\/posts\/1448","targetHints":{"allow":["GET"]}}],"collection":[{"href":"https:\/\/hatarok-nelkul.com\/ro\/index.php?rest_route=\/wp\/v2\/posts"}],"about":[{"href":"https:\/\/hatarok-nelkul.com\/ro\/index.php?rest_route=\/wp\/v2\/types\/post"}],"author":[{"embeddable":true,"href":"https:\/\/hatarok-nelkul.com\/ro\/index.php?rest_route=\/wp\/v2\/users\/1"}],"replies":[{"embeddable":true,"href":"https:\/\/hatarok-nelkul.com\/ro\/index.php?rest_route=%2Fwp%2Fv2%2Fcomments&post=1448"}],"version-history":[{"count":2,"href":"https:\/\/hatarok-nelkul.com\/ro\/index.php?rest_route=\/wp\/v2\/posts\/1448\/revisions"}],"predecessor-version":[{"id":1451,"href":"https:\/\/hatarok-nelkul.com\/ro\/index.php?rest_route=\/wp\/v2\/posts\/1448\/revisions\/1451"}],"wp:featuredmedia":[{"embeddable":true,"href":"https:\/\/hatarok-nelkul.com\/ro\/index.php?rest_route=\/wp\/v2\/media\/1449"}],"wp:attachment":[{"href":"https:\/\/hatarok-nelkul.com\/ro\/index.php?rest_route=%2Fwp%2Fv2%2Fmedia&parent=1448"}],"wp:term":[{"taxonomy":"category","embeddable":true,"href":"https:\/\/hatarok-nelkul.com\/ro\/index.php?rest_route=%2Fwp%2Fv2%2Fcategories&post=1448"},{"taxonomy":"post_tag","embeddable":true,"href":"https:\/\/hatarok-nelkul.com\/ro\/index.php?rest_route=%2Fwp%2Fv2%2Ftags&post=1448"}],"curies":[{"name":"wp","href":"https:\/\/api.w.org\/{rel}","templated":true}]}}