{"id":1598,"date":"2016-05-24T21:15:21","date_gmt":"2016-05-24T18:15:21","guid":{"rendered":"http:\/\/hatarok-nelkul.com\/ro\/?p=1598"},"modified":"2016-05-24T21:15:45","modified_gmt":"2016-05-24T18:15:45","slug":"presedintele-ungariei-a-participat-la-dezvelirea-statuii-episcopului-marton-aron","status":"publish","type":"post","link":"https:\/\/hatarok-nelkul.com\/ro\/?p=1598","title":{"rendered":"Pre\u015fedintele Ungariei a participat la dezvelirea statuii episcopului M\u00e1rton \u00c1ron"},"content":{"rendered":"<p style=\"text-align: justify;\"><a href=\"https:\/\/hatarok-nelkul.com\/ro\/wp-content\/uploads\/2016\/05\/marton-aron.jpg\"><img loading=\"lazy\" decoding=\"async\" class=\"alignleft size-thumbnail wp-image-1599\" alt=\"\u00c1der J\u00e1nos; P\u00e1l S\u00e1ndor\" src=\"https:\/\/hatarok-nelkul.com\/ro\/wp-content\/uploads\/2016\/05\/marton-aron-150x150.jpg\" width=\"150\" height=\"150\" \/><\/a>Cu prilejul s\u0103rb\u0103torii Rusaliilor, pre\u015fedintele Ungariei J\u00e1nos \u00c1der a participat la dezvelirea statuii dedicate episcopului romano-catolic de Alba Iulia, M\u00e1rton \u00c1ron, a informat portalul magyaridok.hu.<\/p>\n<p style=\"text-align: justify;\">La grupul statuar amplasat \u00een centrul municipiului Miercurea Ciuc, J\u00e1nos \u00c1der a rostit un discurs festiv \u00een care a subliniat c\u0103 binecuv\u00eentarea episcopului M\u00e1rton \u00c1ron a celui care porne\u015fte pe drumul vie\u0163ii (Confirmarea pe care o prime\u015fte o feti\u0163\u0103 \u00een prezen\u0163a na\u015fei sale), gest imortalizat prin acest grup statuar, transmite un mesaj fiec\u0103rui maghiar: \u201eDu-te s\u0103 produci roade multiple! Fii brav \u015fi tr\u0103ie\u015fte f\u0103r\u0103 fric\u0103! Nu-\u0163i l\u0103sa inima cuprins\u0103 de ur\u0103! P\u0103streaz\u0103-\u0163i demnitatea \u015fi cinste\u015fte demnitatea altora! Fii credincios patriei tale \u015fi profesiei ce \u0163i-a fost h\u0103r\u0103zit\u0103!\u201d<!--more--><\/p>\n<p style=\"text-align: justify;\">Evoc\u00e2nd abnega\u0163ia de care a dat dovad\u0103 episcopul M\u00e1rton \u00c1ron, \u015feful statului ungar a afirmat: \u201eOmul cu sufletul cinstit poate fi recunoscut cu certitudine prin faptul c\u0103 puterea asupritoare vede \u00een el du\u015fmanul, credin\u0163a omului curat nu poate fi \u00eenfr\u00e2nt\u0103. Moralitatea lui nu e de v\u00e2nzare. Bun\u0103tatea \u015fi statornicia lui dau putere \u015fi altora\u201d.<\/p>\n<p style=\"text-align: justify;\">Pre\u015fedintele Ungariei a amintit c\u0103 \u00een 1944 episcopul M\u00e1rton \u00c1ron, care a sosit cu pa\u015faport rom\u00e2nesc de la Alba Iulia, a fost expulzat de jandarmul maghiar de la Cluj, din cauza criticilor sale aspre rostite despre f\u0103r\u0103delegile comise \u00eempotriva evreilor \u015fi din cauza protestului s\u0103u \u00eempotriva deport\u0103rilor. \u201eM\u00e1rton \u00c1ron a p\u0103r\u0103sit pe jos Clujul. Pa\u015fii s\u0103i calmi au transmis mesajul: via\u0163a omului nu se negociaz\u0103. Nu exist\u0103 crim\u0103 chibzuit\u0103, nu exist\u0103 genocid relativ\u201d, a declarat J\u00e1nos \u00c1der.<\/p>\n<p style=\"text-align: justify;\">Pre\u015fedintele ungar a aminit \u015fi de viziunea episcopului romano-catolic, potrivit c\u0103reia \u201emunca depus\u0103 pentru popor nu este o ocupa\u0163ie aparte, ci o obliga\u0163ie inseparabil\u0103 ca \u015fi \u00een cazul celorlalte \u00eendeletniciri\u201d. Episcopul a fost ca un comandant \u00een fruntea bisericii, comunit\u0103\u0163ii \u015fi poporului s\u0103u, devenind slujitorul tuturor, a mai ad\u0103ugat pre\u015fedintele Ungariei.<\/p>\n<p style=\"text-align: justify;\">La r\u00e2ndul s\u0103u, vicepre\u015fedintele Parlamentului ungar, S\u00e1ndor Lezs\u00e1k, a subliniat c\u0103 M\u00e1rton \u00c1ron a devenit un adev\u0103rat martir \u00een lupta asumat\u0103 pentru poporul s\u0103u. Referitor la presiunea migra\u0163ionist\u0103 a sus\u0163inut c\u0103 \u201e\u015fi azi, to\u0163i liderii cu atitudini responsabile au o responsabilitate, \u00een primul r\u00e2nd, fa\u0163\u0103 de propriul lor popor\u201d.<\/p>\n<p style=\"text-align: justify;\">\u201eF\u0103r\u0103 cre\u015ftinism nu exist\u0103 Europa. F\u0103r\u0103 M\u00e1rton \u00c1ron nu exist\u0103\u00a0 \u0162inut Secuiesc, iar f\u0103r\u0103 \u0162inut Secuiesc nu va avea \u015fi nu poate avea viitor na\u0163iunea maghiar\u0103\u201d, a declarat S\u00e1ndor Lezs\u00e1k.<\/p>\n<p style=\"text-align: justify;\">Fostul primar al ora\u015fului Miercurea Ciuc, R\u00f3bert R\u00e1duly, a relevat importan\u0163a locului ales pentru amplasarea statuii episcopului M\u00e1rton \u00c1ron, \u00een Pia\u0163a central\u0103 a municipiului. \u201ePe vremuri aici, unde se afl\u0103 acum grupul statuar era o capel\u0103, apoi a fost sediul poli\u0163iei politice comuniste\u201d, a amintit R\u00f3bert R\u00e1duly.<\/p>\n<p style=\"text-align: justify;\">Arhiepiscopul romano-catolic de Alba Iulia, Gy\u00f6rgy Jakubinyi, a amintit c\u0103 episcopul M\u00e1rton \u00c1ron a fost respectat chiar \u015fi de regimul comunist din Rom\u00e2nia pentru atitudinea sa sincer\u0103 \u015fi deschis\u0103.<\/p>\n<p style=\"text-align: justify;\">Mul\u0163imea prezent\u0103 la ceremonia de dezvelire a statuii episcopului romano-catolic M\u00e1rton \u00c1ron a putut asculta \u015fi vocea episcopului, \u00eenregistrat\u0103 \u00een urm\u0103 cu 41 de ani cu prilejul unei ceremonii de Confirmare, men\u0163ioneaz\u0103 sursa amintit\u0103.<\/p>\n<p style=\"text-align: justify;\">Traducerea: Bal\u00e1zs Magdolna<\/p>\n<p style=\"text-align: justify;\">Foto:www.3szek.ro<\/p>\n","protected":false},"excerpt":{"rendered":"<p>Cu prilejul s\u0103rb\u0103torii Rusaliilor, pre\u015fedintele Ungariei J\u00e1nos \u00c1der a participat la dezvelirea statuii dedicate episcopului romano-catolic de Alba Iulia, M\u00e1rton \u00c1ron, a informat <\/p>\n","protected":false},"author":1,"featured_media":1599,"comment_status":"open","ping_status":"open","sticky":false,"template":"","format":"standard","meta":{"footnotes":""},"categories":[1],"tags":[],"class_list":["post-1598","post","type-post","status-publish","format-standard","has-post-thumbnail","hentry","category-fara-categorie"],"_links":{"self":[{"href":"https:\/\/hatarok-nelkul.com\/ro\/index.php?rest_route=\/wp\/v2\/posts\/1598","targetHints":{"allow":["GET"]}}],"collection":[{"href":"https:\/\/hatarok-nelkul.com\/ro\/index.php?rest_route=\/wp\/v2\/posts"}],"about":[{"href":"https:\/\/hatarok-nelkul.com\/ro\/index.php?rest_route=\/wp\/v2\/types\/post"}],"author":[{"embeddable":true,"href":"https:\/\/hatarok-nelkul.com\/ro\/index.php?rest_route=\/wp\/v2\/users\/1"}],"replies":[{"embeddable":true,"href":"https:\/\/hatarok-nelkul.com\/ro\/index.php?rest_route=%2Fwp%2Fv2%2Fcomments&post=1598"}],"version-history":[{"count":2,"href":"https:\/\/hatarok-nelkul.com\/ro\/index.php?rest_route=\/wp\/v2\/posts\/1598\/revisions"}],"predecessor-version":[{"id":1601,"href":"https:\/\/hatarok-nelkul.com\/ro\/index.php?rest_route=\/wp\/v2\/posts\/1598\/revisions\/1601"}],"wp:featuredmedia":[{"embeddable":true,"href":"https:\/\/hatarok-nelkul.com\/ro\/index.php?rest_route=\/wp\/v2\/media\/1599"}],"wp:attachment":[{"href":"https:\/\/hatarok-nelkul.com\/ro\/index.php?rest_route=%2Fwp%2Fv2%2Fmedia&parent=1598"}],"wp:term":[{"taxonomy":"category","embeddable":true,"href":"https:\/\/hatarok-nelkul.com\/ro\/index.php?rest_route=%2Fwp%2Fv2%2Fcategories&post=1598"},{"taxonomy":"post_tag","embeddable":true,"href":"https:\/\/hatarok-nelkul.com\/ro\/index.php?rest_route=%2Fwp%2Fv2%2Ftags&post=1598"}],"curies":[{"name":"wp","href":"https:\/\/api.w.org\/{rel}","templated":true}]}}