{"id":1607,"date":"2016-05-26T17:37:14","date_gmt":"2016-05-26T14:37:14","guid":{"rendered":"http:\/\/hatarok-nelkul.com\/ro\/?p=1607"},"modified":"2016-05-26T17:41:29","modified_gmt":"2016-05-26T14:41:29","slug":"cu-ochii-spre-viitor-interviu-cu-noul-presedinte-al-fuen-lorant-vincze","status":"publish","type":"post","link":"https:\/\/hatarok-nelkul.com\/ro\/?p=1607","title":{"rendered":"Cu ochii spre viitor: Interviu cu noul pre\u015fedinte al FUEN, Lor\u00e1nt Vincze"},"content":{"rendered":"<p style=\"text-align: justify;\"><a href=\"https:\/\/hatarok-nelkul.com\/ro\/wp-content\/uploads\/2016\/05\/Vincze-Lorant.jpg\"><img loading=\"lazy\" decoding=\"async\" class=\"alignleft size-thumbnail wp-image-1608\" alt=\"Vincze-Lorant\" src=\"https:\/\/hatarok-nelkul.com\/ro\/wp-content\/uploads\/2016\/05\/Vincze-Lorant-150x150.jpg\" width=\"150\" height=\"150\" \/><\/a>La congresul organizat la Wroclaw (Polonia) \u00een perioada 18-22 mai, Uniunea Federativ\u0103 a Na\u021bionalit\u0103\u021bilor Europene (FUEN) \u015fi-a ales noul s\u0103u pre\u015fedinte, \u00een persoana lui Lor\u00e1nt Vincze, \u00a0nominalizat de Uniunea Democrat\u0103 Maghiar\u0103 din Rom\u00e2nia. \u00cen ultimii trei ani Lor\u00e1nt Vincze a promovat, \u00een calitate de vicepre\u015fedinte al FUEN, interesele minorit\u0103\u0163ilor autohtone europene.<\/p>\n<p style=\"text-align: justify;\">La alegerea sa \u00een fruntea FUEN, Lor\u00e1nt Vincze a fost \u00eens\u0103rcinat, de asemenea, cu sus\u0163inerea \u015fi promovarea intereselor minorit\u0103\u0163ilor na\u0163ionale autohtone europene.<!--more--><\/p>\n<p style=\"text-align: justify;\">La \u00eentrebarea noastr\u0103, ce \u00een\u0163elege prin minorit\u0103\u0163i autohtone \u015fi dac\u0103 exist\u0103 o defini\u0163ie interna\u0163ional\u0103 a acestei minorit\u0103\u0163i, pre\u015fedintele FUEN a men\u0163ionat:<\/p>\n<p style=\"text-align: justify;\">\u201cNu exist\u0103 o asemenea defini\u0163ie. Sunt minorit\u0103\u0163i care se definesc drept o comunitate, sunt unii care se numesc minoritate na\u0163ional\u0103 \u015fi unii care spun c\u0103 sunt o minoritate vorbitoare de limb\u0103 suedez\u0103, cum este \u015fi cazul minorit\u0103\u0163ii din Finlanda, unde se folose\u015fte expresia \u201eminoritate\u201d, sau nem\u0163ii din Belgia care spun c\u0103 sunt cet\u0103\u0163eni belgieni vorbitori de limb\u0103 german\u0103. A\u015fadar, c\u00e2te comunit\u0103\u0163i, at\u00e2tea defini\u0163ii exist\u0103. \u00cens\u0103, exist\u0103 \u015fi un element comun, \u015fi anume c\u0103 ele tr\u0103iesc de mai multe secole pe teritoriul respectiv \u015fi chiar, dac\u0103 \u00eentre timp s-au modificat grani\u0163ele \u0163\u0103rilor ele sunt considerate ca fiind \u00een minoritate fa\u0163\u0103 de locuitorii majoritari. Ei sunt lega\u0163i unii de al\u0163ii prin identitate lingvistic\u0103 \u015fi na\u0163ional\u0103, eventual de ambele identit\u0103\u0163i, precum \u015fi de identitate cultural\u0103. Dat fiind faptul c\u0103 vorbim despre o mare organiza\u0163ie-umbrel\u0103 din care fac parte \u015fi aceste comunit\u0103\u0163i, ele sunt reprezentate printr-o asocia\u0163ie de natur\u0103 politic\u0103 sau cultural\u0103 care face parte din FUEN. Astfel c\u0103 nu exist\u0103 o defini\u0163ie comun\u0103, ei fiind numi\u0163i minorit\u0103\u0163i etnice, autohtone. \u00cen opinia mea cea mai adecvat\u0103 denumire este cea de minoritate autohton\u0103, dar, repet, sunt unii care se numesc doar grupuri lingvistice \u015fi nu minorit\u0103\u0163i na\u0163ionale. A\u015fadar pentru reprezentarea acestei minorit\u0103\u0163i FUEN, care este cea mai mare organiza\u0163ie-umbrel\u0103 minoritar\u0103, num\u0103r\u00e2nd 93 de organiza\u0163ii membre din 35 de \u0163\u0103ri, adopt\u0103 o pozi\u0163ie. Din FUEN fac parte nu numai \u0163\u0103rile din UE, ci \u015fi Ucraina, Rusia, foste \u0163\u0103ri sovietice, precum \u015fi \u0163\u0103rile din Balcanii de Nord, iar astfel se des\u0103v\u00e2r\u015fe\u015fte rolul organiza\u0163iei minorit\u0103\u0163ilor europene\u201d.<\/p>\n<p style=\"text-align: justify;\">La \u00eentrebarea prin ce mijloace contribuie \u00een calitatea sa de pre\u015fedinte al FUEN pentru promovarea intereselor acestor minorit\u0103\u0163i \u015fi, \u00een special ale maghiarilor din Rom\u00e2nia, Lor\u00e1nt Vincze a declarat:<\/p>\n<p style=\"text-align: justify;\">\u201eFUEN are un trecut de 67 de ani, a \u00eenregistrat multe rezultate, este o organiza\u0163ie care se bucur\u0103 de un mare renume, iar \u00een acest sens efortul depus de FUEN p\u00e2n\u0103 acum va trebui s\u0103 fie continuat. \u00cens\u0103, \u00een Europa s-au \u00eent\u00e2mplat multe lucruri, \u00een ultimii ani s-a transformat \u00eentreaga Europ\u0103, s-a transformat \u00een jurul nostru dinamica social\u0103, astfel c\u0103 trebuie s\u0103 fim mult mai activi, mult mai rapizi, pentru a ne face auzi\u0163i. Dorin\u0163a noastr\u0103 este ca problemele privind minorit\u0103\u0163ile s\u0103 fie \u00eenscrise pe ordinea de zi a UE \u015fi a institu\u0163iilor Uniunii Europene, ceea ce nu este un lucru simplu, deoarece aici, la Bruxelles, sunt multe interese \u00een alte ramuri, \u00een alte domenii, iar factorii decizionali sunt realmente bombarda\u0163i, deoarece toat\u0103 lumea dore\u015fte ca problema sa s\u0103 fie \u00eenscris\u0103 pe ordinea de zi, sus\u0163in\u00e2nd c\u0103 problema sa este cea mai important\u0103. Noi credem c\u0103 suntem purt\u0103torii unor valori deosebit de importante, deoarece ca minoritate suntem parte integrant\u0103 a Europei, suntem elemente constitutive ale culturii europene prin limbile \u015fi culturile noastre, iar aceast\u0103 valoare trebuie ap\u0103rat\u0103 de c\u0103tre Europa \u015fi de c\u0103tre UE, \u00een contextul \u00een care multe minorit\u0103\u0163i sunt amenin\u0163ate, se confrunt\u0103 cu n\u0103zuin\u0163ele de asimilare, sau este amenin\u0163at\u0103 siguran\u0163a unei comunit\u0103\u0163i prin \u00eenc\u0103lcarea legilor sau prin unele decizii ale tribunalelor. Prin urmare, acestea sunt subiectele pentru care FUEN, datorit\u0103 renumelui s\u0103u, poate adopta o pozi\u0163ie. Mai mult de at\u00e2t, sunt \u015fi cazuri \u00een care aceast\u0103 organiza\u0163ie poate ajuta la deblocarea rela\u0163iilor majoritate-minoritate, poate ini\u0163ia un dialog cu guvernul respectiv \u00een numele unei minorit\u0103\u0163i care este membr\u0103 a FUEN \u015fi care solicit\u0103 acest lucru.<\/p>\n<p style=\"text-align: justify;\">La o alt\u0103 \u00eentrebare, dac\u0103 prin programul\u00a0 s\u0103u va aduce unele schimb\u0103ri \u00een ac\u0163iunile \u015fi influen\u0163a FUEN la nivel european \u015fi interna\u0163ional, pre\u015fedintele acestei organiza\u0163ii a precizat:<\/p>\n<p style=\"text-align: justify;\">\u201e\u00cen acest moment exist\u0103 o inten\u0163ie de re\u00eennoire, doar acesta este \u015fi motivul pentru care FUEN \u015fi-a ales un nou pre\u015fedinte. Sarcina \u00een s\u0103pt\u0103m\u00e2nile, lunile urm\u0103toare va fi identificarea noilor elemente ale acestei noi direc\u0163ii. \u00cens\u0103 exist\u0103 \u015fi proiecte \u00een cadrul FUEN care ar trebui \u00eencheiate cu succes, a\u015fa cum este, de exemplu, \u015fi Campionatul de Fotbal al Minorit\u0103\u0163ilor din Europa care va avea loc peste o lun\u0103 \u00een Tirolul de Sud \u015fi la care va participa \u015fi echipa maghiarilor din Rom\u00e2nia, pe l\u00e2ng\u0103 celelalte 25 de echipe din Europa. Deci, va fi o \u00eent\u00e2lnire minoritar\u0103. Detaliile muncii noastre comune vor fi analizate \u00een perioada urm\u0103toare\u201d.<\/p>\n<p style=\"text-align: justify;\">La \u00eentrebarea, de cine a fost sus\u0163inut la alegerea sa \u00een func\u0163ia de pre\u015fedinte al FUEN, Vincze Lor\u00e1nt a men\u0163ionat:<\/p>\n<p style=\"text-align: justify;\">\u201e\u00cenainte de toate de pre\u015fedintele organiza\u0163iei de acas\u0103, respectiv al UMDR, Hunor Kelemen, care, dealtmineri, m-a \u015fi propus \u00een aceast\u0103 func\u0163ie, apoi cei mai importan\u0163i parteneri ai no\u015ftri au fost sud-tirolezii, m-au ajutat foarte mult, de asemenea, organiza\u0163iile maghiare de dincolo de grani\u0163ele Rom\u00e2niei, toate fiind membre ale FUEN, precum \u015fi minorit\u0103\u0163ile na\u0163ionale din Ungaria, \u00een mod special pre\u015fedintele Autoguvern\u0103rii pe \u0162ar\u0103 a Germanilor, Heinek Otto, dar \u015fi liderii minorit\u0103\u0163ilor germane din Europa de Est, Forumul Democtrat al Germanilor din Rom\u00e2nia, comunit\u0103\u0163ile germane din Serbia, Rusia, Ucraina, Polonia \u015fi Croa\u0163ia. De asemenea, mul\u0163i m-au sus\u0163inut \u015fi din Europa de Vest, de exemplu bretonii din Fran\u0163a sau frizii din Olanda\u201d.<\/p>\n<p style=\"text-align: justify;\">Interviu realizat de: Bal\u00e1zs Magdolna<\/p>\n<p style=\"text-align: justify;\">Foto: www.bukarestiradio.ro<\/p>\n","protected":false},"excerpt":{"rendered":"<p>La congresul organizat la Wroclaw (Polonia) \u00een perioada 18-22 mai, Uniunea Federativ\u0103 a Na\u021bionalit\u0103\u021bilor Europene (FUEN) \u015fi-a ales noul s\u0103u pre\u015fedinte, \u00een persoana <\/p>\n","protected":false},"author":1,"featured_media":1608,"comment_status":"open","ping_status":"open","sticky":false,"template":"","format":"standard","meta":{"footnotes":""},"categories":[1],"tags":[],"class_list":["post-1607","post","type-post","status-publish","format-standard","has-post-thumbnail","hentry","category-fara-categorie"],"_links":{"self":[{"href":"https:\/\/hatarok-nelkul.com\/ro\/index.php?rest_route=\/wp\/v2\/posts\/1607","targetHints":{"allow":["GET"]}}],"collection":[{"href":"https:\/\/hatarok-nelkul.com\/ro\/index.php?rest_route=\/wp\/v2\/posts"}],"about":[{"href":"https:\/\/hatarok-nelkul.com\/ro\/index.php?rest_route=\/wp\/v2\/types\/post"}],"author":[{"embeddable":true,"href":"https:\/\/hatarok-nelkul.com\/ro\/index.php?rest_route=\/wp\/v2\/users\/1"}],"replies":[{"embeddable":true,"href":"https:\/\/hatarok-nelkul.com\/ro\/index.php?rest_route=%2Fwp%2Fv2%2Fcomments&post=1607"}],"version-history":[{"count":3,"href":"https:\/\/hatarok-nelkul.com\/ro\/index.php?rest_route=\/wp\/v2\/posts\/1607\/revisions"}],"predecessor-version":[{"id":1611,"href":"https:\/\/hatarok-nelkul.com\/ro\/index.php?rest_route=\/wp\/v2\/posts\/1607\/revisions\/1611"}],"wp:featuredmedia":[{"embeddable":true,"href":"https:\/\/hatarok-nelkul.com\/ro\/index.php?rest_route=\/wp\/v2\/media\/1608"}],"wp:attachment":[{"href":"https:\/\/hatarok-nelkul.com\/ro\/index.php?rest_route=%2Fwp%2Fv2%2Fmedia&parent=1607"}],"wp:term":[{"taxonomy":"category","embeddable":true,"href":"https:\/\/hatarok-nelkul.com\/ro\/index.php?rest_route=%2Fwp%2Fv2%2Fcategories&post=1607"},{"taxonomy":"post_tag","embeddable":true,"href":"https:\/\/hatarok-nelkul.com\/ro\/index.php?rest_route=%2Fwp%2Fv2%2Ftags&post=1607"}],"curies":[{"name":"wp","href":"https:\/\/api.w.org\/{rel}","templated":true}]}}