{"id":1613,"date":"2016-06-01T19:14:29","date_gmt":"2016-06-01T16:14:29","guid":{"rendered":"http:\/\/hatarok-nelkul.com\/ro\/?p=1613"},"modified":"2016-06-01T19:14:50","modified_gmt":"2016-06-01T16:14:50","slug":"despre-identitate-in-partium-cu-presedintele-consiliului-de-autonomie-din-partium-ferenc-szilagyi","status":"publish","type":"post","link":"https:\/\/hatarok-nelkul.com\/ro\/?p=1613","title":{"rendered":"Despre identitate \u00een Partium, cu pre\u015fedintele Consiliului de Autonomie din Partium, Ferenc Szil\u00e1gyi"},"content":{"rendered":"<p style=\"text-align: justify;\"><a href=\"https:\/\/hatarok-nelkul.com\/ro\/wp-content\/uploads\/2016\/06\/szilagyi-ferenc.jpg\"><img loading=\"lazy\" decoding=\"async\" class=\"alignleft size-thumbnail wp-image-1614\" alt=\"szilagyi ferenc\" src=\"https:\/\/hatarok-nelkul.com\/ro\/wp-content\/uploads\/2016\/06\/szilagyi-ferenc-150x150.jpg\" width=\"150\" height=\"150\" \/><\/a>\u00cen cadrul \u201eZilelor Salc\u00e2mului \u00een Floare\u201d, care a avut loc \u00een perioada 16-19 mai, la Valea lui Mihai, pre\u015fedintele Consiliului de Autonomie din Partium, dr. Ferenc Szil\u00e1gyi, geograf la Universitatea Cre\u015ftin\u0103 Partium, a prezentat harta regiunii Partium.<\/p>\n<p style=\"text-align: justify;\">La \u00eentrebarea noastr\u0103, din ce considerente a fost elaborat\u0103 aceast\u0103 hart\u0103 \u015fi dac\u0103 s-au bucurat de sprijin \u00een procesul de elaborare a h\u0103r\u0163ii, pre\u015fedintele Consiliului de Autonomie din Partium a declarat:<!--more--><\/p>\n<p style=\"text-align: justify;\">\u201eSunt cercet\u0103tor \u00een geografie la Universitatea Cre\u015ftin\u0103 din Partium \u015fi la nivelul hobby de mult m\u0103 ocup de h\u0103r\u0163i, a\u015fadar aceasta nu este prima hart\u0103 de care este legat numele meu. \u00cens\u0103, este adev\u0103rat c\u0103 harta regiunii Partium este prima care a fost realizat\u0103 \u00een coproduc\u0163ie. Nu de mult am editat o hart\u0103 bilingv\u0103 a jude\u0163ului Bihor \u015fi una a regiunii V\u0103ii Ierului. Ambele au fost \u00een sine unicate, deoarece aceste h\u0103r\u0163i au fost lucr\u0103ri editate pentru prima oar\u0103. \u00cen ultimii 25 de ani au fost publicate \u00een edi\u0163ii multilingve h\u0103r\u0163i ale mai multor regiuni mari. La \u00eenceputul anilor 1990 a fost editat\u0103 o hart\u0103 bilingv\u0103, respectiv \u00een trei limbi, a Transilvaniei \u00een ansamblu, iar mai t\u00e2rziu au fost publicate dou\u0103 h\u0103r\u0163i despre \u0162inutul Secuiesc. Nu de mult a fost editat\u0103 \u015fi o hart\u0103 a \u0162inutului S\u0103sesc. De asemenea, exist\u0103 \u015fi o hart\u0103 cultural\u0103 a Banatului, care a fost, de asemenea, publicat\u0103 \u00een mai multe limbi, sau harta multilingv\u0103 a Mun\u0163ilor Apuseni. Astfel, \u00eencet-\u00eencet va avea hart\u0103 fiecare mare teritoriu sau regiune istoric\u0103. Despre regiunea Partium, ca regiune istoric\u0103, p\u00e2n\u0103 \u00een prezent nu a fost realizat\u0103 vreo hart\u0103. A fost o dorin\u0163\u0103 veche a mea de a suprima aceast\u0103 lacun\u0103 \u015fi era \u015fi timpul s\u0103 fie publicat\u0103 o hart\u0103 a regiunii Partium, care a fost editat\u0103 de Editura Partium, care este editura Universit\u0103\u0163ii Cre\u015ftine Partium. Aceast\u0103 hart\u0103 a fost editat\u0103 cu sprijinul Consiliului de Atunomie din Partium \u015fi Institutul de Cercetare Partium\u201d.<\/p>\n<p style=\"text-align: justify;\">La \u00eentrebarea, ce \u015fans\u0103 are regiunea Partium pentru ob\u0163inerea autonomiei, Ferenc Szil\u00e1gyi a precizat:<\/p>\n<p style=\"text-align: justify;\">\u201eCred c\u0103 regionalismul are \u015fanse \u015fi a\u015f aborda mai degrab\u0103 aceast\u0103 chestiune. Dac\u0103 ne uit\u0103m la \u0163\u0103rile europene \u00een zilele noastre, putem observa c\u0103 func\u0163ioneaz\u0103 bine acele regiuni care sunt \u00eenfiin\u0163ate de &lt;jos \u00een sus&gt;. Regionalismul realizat de &lt;sus \u00een jos&gt; nu are nici un succes. Regionalizarea de &lt;jos \u00een sus&gt; s-a bucurat de succes \u00een Austria, Germania, Elve\u0163ia, \u015fi \u00een aceast\u0103 direc\u0163ie a f\u0103cut pa\u015fi \u015fi Italia \u015fi Spania. Dac\u0103 descoperim\u00a0 o oarecare corela\u0163ie \u00een progresul acestor \u0163\u0103ri, nu o putem pune pe seama \u00eent\u00e2mpl\u0103rii. Regionalismul reprezint\u0103 con\u015ftientizarea intereselor comune, \u015fi func\u0163ioneaz\u0103 bine pe termen lung acolo unde interesele, ini\u0163iativele locale sunt l\u0103sate s\u0103 se manifeste \u00een prim-plan. Cred c\u0103 localnicii \u015ftiu \u00eentotdeauna \u015fi cel mai bine de ce anume au nevoie, de ce resurse dispun \u015fi cum vor s\u0103 valorifice aceste resurse. Acesta este, de fapt, un principiu de baz\u0103. UE are un asemenea exerci\u0163iu obligatoriu privind \u00eenfiin\u0163area regiunilor. \u00cen \u0163\u0103rile \u00een care oamenii au fost l\u0103sa\u0163i s\u0103 \u00eenfiin\u0163eze regiuni func\u0163ionale, implicit func\u0163ioneaz\u0103 bine \u015fi mecanismele de accesare a fondurilor europene. \u00cen \u0163\u0103rile \u00een care a fost impus locuitorilor de sus acest sistem, pur \u015fi simplu nu a func\u0163ionat. La nivelul UE, \u00een Rom\u00e2nia au fost \u00eenfiin\u0163ate regiuni cu cele mai mari dimensiuni, ceea ce \u2013 \u00een opinia mea \u2013 nu serve\u015fte nim\u0103nui. Aceste regiuni au fost \u00eenfiin\u0163ate din motive geopolitice, dar nu a\u015f intra acum \u00een detalii, deoarece nu vreau ca aceast\u0103 discu\u0163ie s\u0103 capete o tr\u0103s\u0103tur\u0103 tehnic\u0103. Regiunile reale pot fi \u00eenfiin\u0163ate acolo unde locuitorii simt c\u0103 regiunea respectiv\u0103 le apar\u0163ine, acolo unde locuitorii au con\u015ftiin\u0163a identit\u0103\u021bii, respectiv produc \u015fi achizi\u0163ioneaz\u0103 produse specifice regiunii respective. O regiune poate fi \u00eenfiin\u0163at\u0103 pe baza unor principii de pia\u0163\u0103 foarte simple. A\u015fadar, dac\u0103 exist\u0103 o identitate \u00een zonele din nord-vest sau \u00een zonele din sud-est \u2013 a\u015fa cum se numesc acum regiunile din Rom\u00e2nia -, atunci pot fi \u00eenfiin\u0163ate asemenea regiuni, dac\u0103 nu exist\u0103 locuitori cu o asemenea identitate, nu vor fi nici asemenea regiuni. \u00cen opinia mea, locuitorii cu identit\u0103\u0163i similare sunt \u015fi secuii, ardelenii, b\u0103n\u0103\u0163enii, oltenii, maramure\u015fenii \u015fi al\u0163ii. Cred c\u0103 \u00een aceast\u0103 baz\u0103 ar trebui creat\u0103 re\u0163eaua de regiuni a Rom\u00e2niei\u201d.<\/p>\n<p style=\"text-align: justify;\">De men\u0163ionat c\u0103 \u00een zilele noastre\u00a0 denumirea Partium se refer\u0103 la regiunea nord-vestic\u0103 a Rom\u00e2niei, mai exact la teritorii din actualele jude\u0163e\u00a0 Arad, Bihor, Satu Mare, S\u0103laj \u015fi Maramure\u015f.<\/p>\n<p style=\"text-align: justify;\">Interviu realizat de: Bal\u00e1zs Magdolna<\/p>\n<p style=\"text-align: justify;\">Foto: nava.hu<\/p>\n","protected":false},"excerpt":{"rendered":"<p>\u00cen cadrul \u201eZilelor Salc\u00e2mului \u00een Floare\u201d, care a avut loc \u00een perioada 16-19 mai, la Valea lui Mihai, pre\u015fedintele Consiliului de Autonomie din <\/p>\n","protected":false},"author":1,"featured_media":1614,"comment_status":"open","ping_status":"open","sticky":false,"template":"","format":"standard","meta":{"footnotes":""},"categories":[1],"tags":[],"class_list":["post-1613","post","type-post","status-publish","format-standard","has-post-thumbnail","hentry","category-fara-categorie"],"_links":{"self":[{"href":"https:\/\/hatarok-nelkul.com\/ro\/index.php?rest_route=\/wp\/v2\/posts\/1613","targetHints":{"allow":["GET"]}}],"collection":[{"href":"https:\/\/hatarok-nelkul.com\/ro\/index.php?rest_route=\/wp\/v2\/posts"}],"about":[{"href":"https:\/\/hatarok-nelkul.com\/ro\/index.php?rest_route=\/wp\/v2\/types\/post"}],"author":[{"embeddable":true,"href":"https:\/\/hatarok-nelkul.com\/ro\/index.php?rest_route=\/wp\/v2\/users\/1"}],"replies":[{"embeddable":true,"href":"https:\/\/hatarok-nelkul.com\/ro\/index.php?rest_route=%2Fwp%2Fv2%2Fcomments&post=1613"}],"version-history":[{"count":2,"href":"https:\/\/hatarok-nelkul.com\/ro\/index.php?rest_route=\/wp\/v2\/posts\/1613\/revisions"}],"predecessor-version":[{"id":1616,"href":"https:\/\/hatarok-nelkul.com\/ro\/index.php?rest_route=\/wp\/v2\/posts\/1613\/revisions\/1616"}],"wp:featuredmedia":[{"embeddable":true,"href":"https:\/\/hatarok-nelkul.com\/ro\/index.php?rest_route=\/wp\/v2\/media\/1614"}],"wp:attachment":[{"href":"https:\/\/hatarok-nelkul.com\/ro\/index.php?rest_route=%2Fwp%2Fv2%2Fmedia&parent=1613"}],"wp:term":[{"taxonomy":"category","embeddable":true,"href":"https:\/\/hatarok-nelkul.com\/ro\/index.php?rest_route=%2Fwp%2Fv2%2Fcategories&post=1613"},{"taxonomy":"post_tag","embeddable":true,"href":"https:\/\/hatarok-nelkul.com\/ro\/index.php?rest_route=%2Fwp%2Fv2%2Ftags&post=1613"}],"curies":[{"name":"wp","href":"https:\/\/api.w.org\/{rel}","templated":true}]}}