{"id":1617,"date":"2016-06-02T09:27:51","date_gmt":"2016-06-02T06:27:51","guid":{"rendered":"http:\/\/hatarok-nelkul.com\/ro\/?p=1617"},"modified":"2016-06-02T09:28:15","modified_gmt":"2016-06-02T06:28:15","slug":"fuen-a-promis-foarte-multe-maghiarilor-din-romania-interviu-cu-presedintele-cns-balazs-izsak","status":"publish","type":"post","link":"https:\/\/hatarok-nelkul.com\/ro\/?p=1617","title":{"rendered":"FUEN a promis foarte multe maghiarilor din Rom\u00e2nia &#8211; Interviu cu pre\u015fedintele CNS, Bal\u00e1zs Izs\u00e1k"},"content":{"rendered":"<p style=\"text-align: justify;\"><a href=\"https:\/\/hatarok-nelkul.com\/ro\/wp-content\/uploads\/2016\/06\/izsak-balazs.jpg\"><img loading=\"lazy\" decoding=\"async\" class=\"alignleft size-thumbnail wp-image-1618\" alt=\"izsak balazs\" src=\"https:\/\/hatarok-nelkul.com\/ro\/wp-content\/uploads\/2016\/06\/izsak-balazs-150x150.jpg\" width=\"150\" height=\"150\" \/><\/a>Dup\u0103 cum se \u015ftie, Tribunalul Uniunii Europene de la Luxemburg a sus\u0163inut Comisia European\u0103 (CE)\u00a0 \u015fi a decis recent\u00a0 c\u0103 CE a respins \u00eentr-un mod justificat \u00eenregistrarea Propunerii Ini\u0163iativei Cet\u0103\u0163ene\u015fti Europene intitulate \u201ePolitica de coeziune pentru egalitatea regiunilor \u0219i men\u021binerea culturilor regionale\u201d \u015fi \u00eenaintate CE de c\u0103tre Consiliul Na\u0163ional Secuiesc (CNS),<\/p>\n<p style=\"text-align: justify;\">L-am \u00eentrebat pe pre\u015fedintele Consiliului Na\u0163ional Secuiesc (SNT), Bal\u00e1zs Izs\u00e1k, despre opinia sa privind aceast\u0103 decizie a Tribunalului UE de la Luxemburg:<!--more--><\/p>\n<p style=\"text-align: justify;\">\u201eAceast\u0103 decizie nu este conform\u0103 nici cu Tratatul privind fun\u0163ionarea Uniunii Europene \u015fi nici cu normele care reglementeaz\u0103 ini\u0163iativele cet\u0103\u0163ene\u015fti europene. Din punct de vedere juridic este o decizie absolut gre\u015fit\u0103, argumentele fiind nesatisf\u0103c\u0103toare.<\/p>\n<p style=\"text-align: justify;\">La \u00eentrebarea, care forma\u0163iune politic\u0103 maghiar\u0103 ar fi demn\u0103 de votul electoratului maghiar, Bal\u00e1zs Izsk a r\u0103spuns:<\/p>\n<p style=\"text-align: justify;\">\u201eCred c\u0103 to\u0163i candida\u0163ii la consiliile locale \u015fi jude\u0163ene \u015fi primarii care sunt angaja\u0163i pentru autonomia \u0162inutului Secuiesc, care au adoptat o pozi\u0163ie ferm\u0103 \u00een ultimii ani pentru sus\u0163inerea autonomiei \u0162inutului Secuiesc, merit\u0103 din plin \u00eencrederea comunit\u0103\u0163ii maghiare. De aceea pot s\u0103 v\u0103 r\u0103spund altfel la \u00eentrebarea dumneavoastr\u0103 pentru c\u0103 \u00een fiecare partid politic maghiar \u2013 Partidul Civic Maghiar, Partidul Popular Maghiar din Transilvania, UDMR \u2013 cunosc politicieni care ocup\u0103 diferite func\u0163ii \u00een administra\u0163iile publice locale \u015fi care s-au angajat pentru sus\u0163inerea autonomiei \u0162inutului Secuiesc. S\u0103 v\u0103 dau un exemplu: fostul primar UDMR al ora\u015fului Miercurea Ciuc, R\u00f3bert R\u00e1duly, sau J\u00e1nos Mezei care a fost ales primar al ora\u015fului Gheorgheni din partea Partidului Civic Maghiar \u015fi mul\u0163i al\u0163ii. A\u015fadar, nu sunt eu \u00een m\u0103sur\u0103 pentru a clasifica \u00eentr-o ordine anume politicienii partidelor maghiare. \u00cens\u0103, indiferent din care partid fac parte, dac\u0103 vor ob\u0163ine mandate, s\u0103 depun\u0103 tot efortul pentru ca administra\u0163iile locale s\u0103 \u00eentreprind\u0103 demersuri ferme \u00een interesul autonomiei\u201d.<\/p>\n<p style=\"text-align: justify;\">La \u00eentrebarea, cum comenteaz\u0103 alegerea lui Lor\u00e1nt Vincze \u00een fruntea FUEN \u015fi \u00een ce rela\u0163ii se afl\u0103 CNS cu aceast\u0103 organiza\u0163ie, Bal\u00e1zs Izs\u00e1k a declarat:<\/p>\n<p style=\"text-align: justify;\">\u201ePot s\u0103 spun c\u0103 rela\u0163iile noastre cu FUEN sunt bune. Am promovat rela\u0163ii bune \u015fi cu fostul pre\u015fedinte al FUEN, Hans Heinrich Hansen, \u015fi cred c\u0103 vom dezvolta rela\u0163ii la fel de bune \u015fi cu Lor\u00e1nt Vincze, pe care \u00eel cunosc personal\u201d.<\/p>\n<p style=\"text-align: justify;\">La \u00eentrebarea, dac\u0103 Lor\u00e1nt Vincze va putea face mai mult, \u00een calitatea sa de pre\u015fedinte FUEN, pentru promovarea intereselor maghiarilor din Rom\u00e2nia, pre\u015fedintele CNS a afirmat:<\/p>\n<p style=\"text-align: justify;\">\u201eNu m-a\u015f lansa \u00een afirma\u0163ii prea \u00eendr\u0103zne\u0163e, deoarece cunosc relativ istoria FUEN de c\u00e2nd UDMR a devenit membr\u0103 a acestei organiza\u0163ii. De atunci a avut loc \u00een Rom\u00e2nia un congres al FUEN. \u015ei atunci ne-au promis foarte multe, ne-au spus c\u0103 alegerea locului pentru organizarea Congresului FUEN va \u00eensemna foarte mult pentru maghiarii din Rom\u00e2nia. Nici m\u0103car congresul din Rom\u00e2nia al FUEN nu s-a \u0163inut de cuv\u00e2nt \u00een privin\u0163a speran\u0163elor. Eu a\u015f aborda mai prudent aceast\u0103 chestiune \u015fi nu pentru c\u0103 m\u0103 \u00eendoiesc \u00een privin\u0163a persoanei lui Lor\u00e1nt Vincze, ci pentru c\u0103 \u2013 \u00een opinia mea \u2013 spa\u0163iul s\u0103u de mi\u015fcare este limitat\u201d.<\/p>\n<p style=\"text-align: justify;\">Interviu realizat de: Bal\u00e1zs Magdolna<\/p>\n<p style=\"text-align: justify;\">Foto:www.nyugatjelen.com<\/p>\n","protected":false},"excerpt":{"rendered":"<p>Dup\u0103 cum se \u015ftie, Tribunalul Uniunii Europene de la Luxemburg a sus\u0163inut Comisia European\u0103 (CE)\u00a0 \u015fi a decis recent\u00a0 c\u0103 CE a respins <\/p>\n","protected":false},"author":1,"featured_media":1618,"comment_status":"open","ping_status":"open","sticky":false,"template":"","format":"standard","meta":{"footnotes":""},"categories":[1],"tags":[],"class_list":["post-1617","post","type-post","status-publish","format-standard","has-post-thumbnail","hentry","category-fara-categorie"],"_links":{"self":[{"href":"https:\/\/hatarok-nelkul.com\/ro\/index.php?rest_route=\/wp\/v2\/posts\/1617","targetHints":{"allow":["GET"]}}],"collection":[{"href":"https:\/\/hatarok-nelkul.com\/ro\/index.php?rest_route=\/wp\/v2\/posts"}],"about":[{"href":"https:\/\/hatarok-nelkul.com\/ro\/index.php?rest_route=\/wp\/v2\/types\/post"}],"author":[{"embeddable":true,"href":"https:\/\/hatarok-nelkul.com\/ro\/index.php?rest_route=\/wp\/v2\/users\/1"}],"replies":[{"embeddable":true,"href":"https:\/\/hatarok-nelkul.com\/ro\/index.php?rest_route=%2Fwp%2Fv2%2Fcomments&post=1617"}],"version-history":[{"count":2,"href":"https:\/\/hatarok-nelkul.com\/ro\/index.php?rest_route=\/wp\/v2\/posts\/1617\/revisions"}],"predecessor-version":[{"id":1620,"href":"https:\/\/hatarok-nelkul.com\/ro\/index.php?rest_route=\/wp\/v2\/posts\/1617\/revisions\/1620"}],"wp:featuredmedia":[{"embeddable":true,"href":"https:\/\/hatarok-nelkul.com\/ro\/index.php?rest_route=\/wp\/v2\/media\/1618"}],"wp:attachment":[{"href":"https:\/\/hatarok-nelkul.com\/ro\/index.php?rest_route=%2Fwp%2Fv2%2Fmedia&parent=1617"}],"wp:term":[{"taxonomy":"category","embeddable":true,"href":"https:\/\/hatarok-nelkul.com\/ro\/index.php?rest_route=%2Fwp%2Fv2%2Fcategories&post=1617"},{"taxonomy":"post_tag","embeddable":true,"href":"https:\/\/hatarok-nelkul.com\/ro\/index.php?rest_route=%2Fwp%2Fv2%2Ftags&post=1617"}],"curies":[{"name":"wp","href":"https:\/\/api.w.org\/{rel}","templated":true}]}}