{"id":1626,"date":"2016-06-14T08:00:46","date_gmt":"2016-06-14T05:00:46","guid":{"rendered":"http:\/\/hatarok-nelkul.com\/ro\/?p=1626"},"modified":"2016-06-14T08:46:25","modified_gmt":"2016-06-14T05:46:25","slug":"in-cazul-drapelului-secuiesc-din-targu-secuiesc-a-fost-pronuntata-sentinta-definitiva","status":"publish","type":"post","link":"https:\/\/hatarok-nelkul.com\/ro\/?p=1626","title":{"rendered":"\u00cen cazul drapelului secuiesc din T\u00e2rgu Secuiesc a fost pronun\u0163at\u0103 sentin\u0163a definitiv\u0103"},"content":{"rendered":"<p style=\"text-align: justify;\"><a href=\"https:\/\/hatarok-nelkul.com\/ro\/wp-content\/uploads\/2016\/06\/szekely-zaszlo1.jpg\"><img loading=\"lazy\" decoding=\"async\" class=\"alignleft size-thumbnail wp-image-1631\" alt=\"szekely-zaszlo1\" src=\"https:\/\/hatarok-nelkul.com\/ro\/wp-content\/uploads\/2016\/06\/szekely-zaszlo1-150x150.jpg\" width=\"150\" height=\"150\" \/><\/a>Conform \u015fentin\u0163ei defintive pronun\u0163ate de Curtea de Apel Bra\u015fov, primarul ora\u015fului T\u00e2rgu Secuiesc, Tibor Bokor, trebuie s\u0103 \u00eendep\u0103rteze cele dou\u0103 drapeluri secuie\u015fti care au fost arborate pe data de 26 iulie 2014, \u00een prezen\u0163a vicepremierului ungar Zsolt Semj\u00e9n \u015fi a consulului Ungariei la Miercurea Ciuc, Barna P\u00e1l Zsigmond, \u00een pia\u0163a din fa\u0163a fostei caz\u0103rmi militare, l\u00e2ng\u0103 Monumentul Eroilor, scrie ziarul H\u00e1romsz\u00e9k. <!--more-->Primarul a solicitat Cur\u0163ii de Apel Bra\u015fov rejudecarea dosarului, dar cererea sa a fost respins\u0103. Instan\u0163a a judecat cazul drapelului secuiesc din T\u00e2rgu Secuiesc \u00een urma sesiz\u0103rii f\u0103cute de bloggerul Dan T\u0103nase \u015fi de Asocia\u0163ia Civic\u0103 pentru Demnitate \u00een Europa, \u00eenfiin\u0163at\u0103 de acesta. At\u00e2t Tribunalul jude\u0163ului Covasna, c\u00e2t \u015fi Curtea de Apel Bra\u015fov s-au pronun\u0163at pentru \u00eendep\u0103rtarea drapelelor secuie\u015fti. Primarul a solicitat, \u00eens\u0103, revizuire sentin\u0163ei, dar \u015fi aceast\u0103 solicitare a fost respins\u0103. Astfel, primarul trebuie s\u0103 \u00eendep\u0103rteze cele dou\u0103 drapeluri secuie\u015fti arborate l\u00e2ng\u0103 Monumentul Eroilor, a\u015fa cum a trebuit s\u0103 procedeze \u015fi \u00een cazul drapelului arborat l\u00e2ng\u0103 statuia lui G\u00e1bor \u00c1ron.<\/p>\n<p style=\"text-align: justify;\">Traducerea: P\u00e9terffy T\u00fcnde<\/p>\n<p>Foto:www.szekelyhon.ro<\/p>\n<p>&nbsp;<\/p>\n","protected":false},"excerpt":{"rendered":"<p>Conform \u015fentin\u0163ei defintive pronun\u0163ate de Curtea de Apel Bra\u015fov, primarul ora\u015fului T\u00e2rgu Secuiesc, Tibor Bokor, trebuie s\u0103 \u00eendep\u0103rteze cele dou\u0103 drapeluri secuie\u015fti care <\/p>\n","protected":false},"author":1,"featured_media":1631,"comment_status":"open","ping_status":"open","sticky":false,"template":"","format":"standard","meta":{"footnotes":""},"categories":[10],"tags":[],"class_list":["post-1626","post","type-post","status-publish","format-standard","has-post-thumbnail","hentry","category-administratie"],"_links":{"self":[{"href":"https:\/\/hatarok-nelkul.com\/ro\/index.php?rest_route=\/wp\/v2\/posts\/1626","targetHints":{"allow":["GET"]}}],"collection":[{"href":"https:\/\/hatarok-nelkul.com\/ro\/index.php?rest_route=\/wp\/v2\/posts"}],"about":[{"href":"https:\/\/hatarok-nelkul.com\/ro\/index.php?rest_route=\/wp\/v2\/types\/post"}],"author":[{"embeddable":true,"href":"https:\/\/hatarok-nelkul.com\/ro\/index.php?rest_route=\/wp\/v2\/users\/1"}],"replies":[{"embeddable":true,"href":"https:\/\/hatarok-nelkul.com\/ro\/index.php?rest_route=%2Fwp%2Fv2%2Fcomments&post=1626"}],"version-history":[{"count":5,"href":"https:\/\/hatarok-nelkul.com\/ro\/index.php?rest_route=\/wp\/v2\/posts\/1626\/revisions"}],"predecessor-version":[{"id":1630,"href":"https:\/\/hatarok-nelkul.com\/ro\/index.php?rest_route=\/wp\/v2\/posts\/1626\/revisions\/1630"}],"wp:featuredmedia":[{"embeddable":true,"href":"https:\/\/hatarok-nelkul.com\/ro\/index.php?rest_route=\/wp\/v2\/media\/1631"}],"wp:attachment":[{"href":"https:\/\/hatarok-nelkul.com\/ro\/index.php?rest_route=%2Fwp%2Fv2%2Fmedia&parent=1626"}],"wp:term":[{"taxonomy":"category","embeddable":true,"href":"https:\/\/hatarok-nelkul.com\/ro\/index.php?rest_route=%2Fwp%2Fv2%2Fcategories&post=1626"},{"taxonomy":"post_tag","embeddable":true,"href":"https:\/\/hatarok-nelkul.com\/ro\/index.php?rest_route=%2Fwp%2Fv2%2Ftags&post=1626"}],"curies":[{"name":"wp","href":"https:\/\/api.w.org\/{rel}","templated":true}]}}