{"id":1635,"date":"2016-06-14T22:49:46","date_gmt":"2016-06-14T19:49:46","guid":{"rendered":"http:\/\/hatarok-nelkul.com\/ro\/?p=1635"},"modified":"2016-06-14T22:50:07","modified_gmt":"2016-06-14T19:50:07","slug":"gabor-vona-va-demisona-daca-jobbik-va-pierde-alegerile-din-2018","status":"publish","type":"post","link":"https:\/\/hatarok-nelkul.com\/ro\/?p=1635","title":{"rendered":"G\u00e1bor Vona va demisona, dac\u0103 Jobbik va pierde alegerile din 2018"},"content":{"rendered":"<p style=\"text-align: justify;\"><a href=\"https:\/\/hatarok-nelkul.com\/ro\/wp-content\/uploads\/2016\/06\/Vona-Gabor.jpg\"><img loading=\"lazy\" decoding=\"async\" class=\"alignleft size-thumbnail wp-image-1636\" alt=\"Vona Gabor\" src=\"https:\/\/hatarok-nelkul.com\/ro\/wp-content\/uploads\/2016\/06\/Vona-Gabor-150x150.jpg\" width=\"150\" height=\"150\" \/><\/a>Pre\u015fedintele partidului radical na\u0163ionalist Jobbik va demisiona din aceast\u0103 func\u0163ie, dac\u0103 partidul s\u0103u va pierde alegerile din 2018, deoarece aceasta ar fi echivalent cu un e\u015fec personal. \u00centr-un interviu acordat ziarului ungar &#8220;Magyar Nemzet&#8221;, G\u00e1bor Vona a subliniat c\u0103 ar putea s\u0103 candideze din nou pentru ob\u0163inerea func\u0163iei de pre\u015fedinte al Jobbik, deoarece dac\u0103 acest partid va ob\u0163ine cu doar 1% mai pu\u0163in fa\u0163\u0103 de alegerile precedente, aceasta nu va \u00eensemna neap\u0103rat &#8220;o fractur\u0103 \u00een actuala sa carier\u0103 politic\u0103\u201d. \u00a0<!--more--><\/p>\n<p style=\"text-align: justify;\">Pre\u015fedintele partidului, care mai \u00eendepline\u015fte \u015fi func\u0163ia de lider al grupului parlamentar al Jobbik, a men\u0163ionat c\u0103 se va folosi de dreptul s\u0103u de veto \u00een privin\u0163a statutului de membru al pre\u015fedin\u0163iei Jobbik al deputatului El\u0151d Nov\u00e1k. &#8220;Criticile nu reprezint\u0103 niciodat\u0103 o problem\u0103, dar El\u0151d Nov\u00e1k de multe ori a \u00eencurcat critica cu indisciplina&#8221;, a subliniat G\u00e1bor Vona.<\/p>\n<p style=\"text-align: justify;\"><b>Grupul parlamentar al Jobbik l-a exclus pe El\u0151d Nov\u00e1k, care va renun\u0163a la mandatul s\u0103u<\/b><\/p>\n<p style=\"text-align: justify;\">\u00a0El\u0151d Nov\u00e1k a pierdut func\u0163ia de vicepre\u015fedinte al Jobbik, dar nu numai, deoarece \u00een urma votului de \u00eencredere care a avut loc \u00een cadrul grupului parlamentar al Jobbik, a pierdut \u015fi mandatul de deputat \u00een Legislativul ungar. Potrivit purt\u0103torului de cuv\u00e2nt al Jobbik, \u00c1d\u00e1m Mirk\u00f3czki, grupul parlamentar al partidului a sus\u0163inut, cu 18 voturi pentru, patru \u00eempotriv\u0103 \u015fi dou\u0103 ab\u0163ineri, excluderea lui El\u0151d Nov\u00e1k. Votul a fost secret, a mai precizat purt\u0103torul de cuv\u00e2nt.<\/p>\n<p style=\"text-align: justify;\">La \u00eentrebarea adresat\u0103 de ziarul \u201eN\u00e9pszabads\u00e1g\u201d, El\u0151d Nov\u00e1k a men\u0163ionat c\u0103 \u00een pofida efortului depus de unii pentru scindarea partidului, el lucreaz\u0103 \u00een continuare pentru \u00eempiedicarea distrugerii partidului.<\/p>\n<p style=\"text-align: justify;\">\u00cen \u00eensemn\u0103rile sale publicate pe pagina de socializare Facebook, El\u0151d Nov\u00e1k a scris, printre altele: \u201eLu\u00e2nd cea mai dureroas\u0103 decizie din via\u0163a mea \u015fi loial fiind jur\u0103m\u00e2ntului meu, voi depune mandatul de parlamentar, deoarece G\u00e1bor Vona m-a informat c\u0103 la ini\u0163iativa sa noua conducerea a partidului m\u0103 va avertiza pentru a renun\u0163a la mandatul de deputat. G\u00e1bor Vona a sim\u0163it nevoia pentru a fi exclus \u015fi din grupul parlamentar al Jobbik. Cred c\u0103 este incorect ca dup\u0103 alegerea noii conduceri a partidului s\u0103 vii cu o asemenea sanc\u0163iune dur\u0103. Pentru mine Jobbik \u00eenseamn\u0103 mai mult dec\u00e2t un partid sau o mi\u015fcare: \u00eel consider \u015fi de-acum \u00eenainte ca pe propriul meu copil. Consider c\u0103 este o obliga\u0163ie fundamental moral\u0103 s\u0103 nu \u00eel p\u0103r\u0103sesc, ci s\u0103 \u00eel ajut cu toat\u0103 puterea \u015fi cuno\u015ftin\u0163ele mele pentru a se dezvolta. Ca fondator al primei organiza\u0163ii de baz\u0103 a Jobbik \u015fi ca pre\u015fedinte al circumscrip\u0163iei electorale ales de Pre\u015fedin\u0163ia Na\u0163ional\u0103 a partidului, voi continua activitatea mea \u00een sectorul XI al Budapestei \u015fi dac\u0103 nu voi fi exlus din partid doresc s\u0103 muncesc mai departe ca activist pentru succesul Jobbik. \u00cen ceea ce prive\u015fte via\u0163a mea personal\u0103: astfel voi avea mai mult timp pentru familia mea, pentru a \u00eenv\u0103\u0163a \u015fi pentru a porni, eventual, o afacere.\u00a0 Din p\u0103cate, \u00een zadar am oferit venitul meu pe un an pentru \u00eenfiin\u0163area unei institu\u0163ii de caritate a partidului, \u00een cadrul pre\u015fedin\u0163iei nu am reu\u015fit ani la r\u00e2nd\u00a0 s\u0103 realizez acest deziderat\u201d.<\/p>\n<p style=\"text-align: justify;\">Traducerea: Becze D\u00e9nes<\/p>\n<p style=\"text-align: justify;\">Foto:www.mno.hu<\/p>\n","protected":false},"excerpt":{"rendered":"<p>Pre\u015fedintele partidului radical na\u0163ionalist Jobbik va demisiona din aceast\u0103 func\u0163ie, dac\u0103 partidul s\u0103u va pierde alegerile din 2018, deoarece aceasta ar fi echivalent <\/p>\n","protected":false},"author":1,"featured_media":1636,"comment_status":"open","ping_status":"open","sticky":false,"template":"","format":"standard","meta":{"footnotes":""},"categories":[1],"tags":[],"class_list":["post-1635","post","type-post","status-publish","format-standard","has-post-thumbnail","hentry","category-fara-categorie"],"_links":{"self":[{"href":"https:\/\/hatarok-nelkul.com\/ro\/index.php?rest_route=\/wp\/v2\/posts\/1635","targetHints":{"allow":["GET"]}}],"collection":[{"href":"https:\/\/hatarok-nelkul.com\/ro\/index.php?rest_route=\/wp\/v2\/posts"}],"about":[{"href":"https:\/\/hatarok-nelkul.com\/ro\/index.php?rest_route=\/wp\/v2\/types\/post"}],"author":[{"embeddable":true,"href":"https:\/\/hatarok-nelkul.com\/ro\/index.php?rest_route=\/wp\/v2\/users\/1"}],"replies":[{"embeddable":true,"href":"https:\/\/hatarok-nelkul.com\/ro\/index.php?rest_route=%2Fwp%2Fv2%2Fcomments&post=1635"}],"version-history":[{"count":2,"href":"https:\/\/hatarok-nelkul.com\/ro\/index.php?rest_route=\/wp\/v2\/posts\/1635\/revisions"}],"predecessor-version":[{"id":1638,"href":"https:\/\/hatarok-nelkul.com\/ro\/index.php?rest_route=\/wp\/v2\/posts\/1635\/revisions\/1638"}],"wp:featuredmedia":[{"embeddable":true,"href":"https:\/\/hatarok-nelkul.com\/ro\/index.php?rest_route=\/wp\/v2\/media\/1636"}],"wp:attachment":[{"href":"https:\/\/hatarok-nelkul.com\/ro\/index.php?rest_route=%2Fwp%2Fv2%2Fmedia&parent=1635"}],"wp:term":[{"taxonomy":"category","embeddable":true,"href":"https:\/\/hatarok-nelkul.com\/ro\/index.php?rest_route=%2Fwp%2Fv2%2Fcategories&post=1635"},{"taxonomy":"post_tag","embeddable":true,"href":"https:\/\/hatarok-nelkul.com\/ro\/index.php?rest_route=%2Fwp%2Fv2%2Ftags&post=1635"}],"curies":[{"name":"wp","href":"https:\/\/api.w.org\/{rel}","templated":true}]}}