{"id":1639,"date":"2016-06-16T20:22:11","date_gmt":"2016-06-16T17:22:11","guid":{"rendered":"http:\/\/hatarok-nelkul.com\/ro\/?p=1639"},"modified":"2016-06-16T20:22:28","modified_gmt":"2016-06-16T17:22:28","slug":"serbia-cere-explicatii-fata-de-noile-proceduri-privind-acordarea-accelerata-de-azil-in-ungaria","status":"publish","type":"post","link":"https:\/\/hatarok-nelkul.com\/ro\/?p=1639","title":{"rendered":"Serbia cere explica\u021bii fa\u021b\u0103 de noile proceduri privind acordarea accelerat\u0103 de azil \u00een Ungaria"},"content":{"rendered":"<p style=\"text-align: justify;\"><a href=\"https:\/\/hatarok-nelkul.com\/ro\/wp-content\/uploads\/2016\/06\/Szerbia-magyarazat.jpeg\"><img loading=\"lazy\" decoding=\"async\" class=\"alignleft size-thumbnail wp-image-1640\" alt=\"Szerbia magyarazat\" src=\"https:\/\/hatarok-nelkul.com\/ro\/wp-content\/uploads\/2016\/06\/Szerbia-magyarazat-150x150.jpeg\" width=\"150\" height=\"150\" \/><\/a>Parlamentul Ungariei a adoptat modificarea regulamentului privind extinderea managementului fluxurilor migra\u0163ioniste la grani\u0163a ungar\u0103, ceea ce va crea posibilitatea pentru imigran\u0163i ca \u00een taberele de tranzit amplasate pe o f\u00e2\u015fie de 8 kilometri de la grani\u0163\u0103 s\u0103 solicite acordarea statului de refugiat, cu condi\u0163ia s\u0103 respecte legile Ungariei, informeaz\u0103 portalul ziarului ungar \u201cMagyar Id\u0151k\u201d.<!--more--><\/p>\n<p style=\"text-align: justify;\">Gy\u00f6rgy Bakondi a declarat c\u0103 extinderea cercului procedurilor cu privire la imigran\u0163i aplicate la grani\u0163a \u0163\u0103rii reprezint\u0103 un demers important f\u0103cut \u00een vederea intensific\u0103rii siguran\u0163ei. Astfel se poate preveni ca \u00een Ungaria s\u0103 fie un num\u0103r mare de imigran\u0163i clandestini \u015fi, implicit, se va diminua \u015fi aglomera\u0163ia din taberele de imgran\u0163i.<\/p>\n<p style=\"text-align: justify;\">A fost nevoie de modificarea reglement\u0103rilor, deoarece \u00een multe cazuri nu se putea dovedi infrac\u0163iunea s\u0103v\u00e2r\u015fit\u0103, iar \u00een unele tabere marea majoritate a imigran\u0163ilor nu au a\u015fteptat \u00eencheierea procedurilor de verificare \u015fi au plecat mai departe, a declarat consilierul principal al prim-ministrului, responsabil cu probleme de securitate intern\u0103, care a ad\u0103ugat: &#8220;Cei care trec grani\u0163a cu for\u0163a se pot a\u015ftepta \u00een continuare la demararea procedurilor penale. Prezent\u00e2nd noile reglement\u0103ri privind procedurile pe f\u00e2\u015fia de grani\u0163\u0103, secretarul de stat \u00een Ministerul de Interne, K\u00e1roly Kontr\u00e1t, a eviden\u0163iat c\u0103 imigran\u0163ii care nu au s\u0103v\u00e2r\u015fit infrac\u0163iuni, ci au \u00eenc\u0103lcat doar unele reglement\u0103ri, de exemplu &#8211; au intrat pe teritoriul Ungariei prin por\u0163iunea gardului care era distrus deja, ascun\u015fi \u00een camion sau \u00een vagoanele de tren, \u015fi sunt re\u0163inu\u0163i de autorit\u0103\u0163ile ungare pe f\u00e2\u015fia de 8 kilometeri de la grani\u0163\u0103, vor fi condu\u015fi la punctul de intrare \u00een \u0163ar\u0103, unde ei \u00eenc\u0103 mai au posibilitatea de a \u00eenainta solicitarea de azil. Modificarea legii privind imigra\u0163ia va permite derularea rapid\u0103 a procedurilor, astfel c\u0103 \u00een aceast\u0103 etap\u0103 imigran\u0163ii respectivi nu vor fi expulza\u0163i, a mai men\u0163ionat secretarul de stat.<\/p>\n<p style=\"text-align: justify;\">\u00cen Parlamentul Ungariei a fost abordat \u015fi subiectul corela\u0163iei dintre masacrul din Orlando (SUA), ca act terorist, \u015fi migra\u0163ia ilegal\u0103. Liderul grupului parlamentar al FIDESZ, Lajos K\u00f3sa, a declarat c\u0103 din cele \u00eent\u00e2mplate rezult\u0103 c\u0103 fluxul migra\u0163ionist &#8211; prin care sose\u015fte incontrolabil o mas\u0103 mare de oameni &#8211; atrage dup\u0103 sine cre\u015fterea pericolului terorist \u015fi al violen\u0163ei.<\/p>\n<p style=\"text-align: justify;\">\u00cen leg\u0103tur\u0103 cu faptul c\u0103 \u00een SUA f\u0103pta\u015ful atacului armat a fost un b\u0103rbat de origine afgan\u0103, polticianul FIDESZ a spus c\u0103 acest aspect demonstreaz\u0103 c\u0103 integrarea imigran\u0163ilor este deosebit grea, c\u0103 este o sarcin\u0103 aproape imposibil\u0103.<\/p>\n<p style=\"text-align: justify;\">Secretarul de stat \u00een cadrul Oficiului Prim-ministrului, Csaba D\u00f6m\u00f6t\u00f6r, a declarat c\u0103 atacul terorist ridic\u0103 probleme serioase \u00een privin\u0163a integr\u0103rii imigran\u0163ilor \u015fi a securit\u0103\u0163ii. Fluxul migra\u0163iei va continua \u015fi vor avea loc, probabil, mai multe acte teroriste \u00een taberele europene, astfel \u015fi \u00een taberele ridicate special pentru imigran\u0163i pe teritoriul Ungariei, a sus\u0163inut secretarul de stat, potrivit c\u0103ruia, \u00een timp ce autorit\u0103\u0163ile de Bruxelles \u00eenainteaz\u0103 \u00een continuare propuneri neviabile privind colonizarea Europei cu imigran\u0163i, Guvernul ungar sus\u0163ine c\u0103 popula\u0163ia trebuie s\u0103 decid\u0103 cu cine dore\u015fte s\u0103 convie\u0163uiasc\u0103.<\/p>\n<p style=\"text-align: justify;\">Informa\u0163ii dare publicit\u0103\u0163ii ulterior de autorit\u0103\u0163ile americane relev\u0103 \u00eens\u0103 c\u0103 atacatorul din Orlando frecventa clubul LGBT \u00een care a comis atacul, gfapt care pune la \u00eendoial\u0103 ipoteza motiva\u0163iei religios-culturale din spatele masacrului.<b><br \/>\n<\/b><\/p>\n<p style=\"text-align: justify;\"><b>Serbia solicit\u0103 explica\u0163ii <\/b><b>Ungariei<\/b><\/p>\n<p style=\"text-align: justify;\">Autorit\u0103\u0163ile s\u00e2rbe nu vor permite retrimiterea imigran\u0163ilor \u00een Serbia din Ungaria sau din oricare alt\u0103 \u0163ar\u0103, iar Belgradul va solicita explica\u0163ii autorit\u0103\u0163ilor ungare cu privire la noua lege a imigran\u0163ilor, potrivit c\u0103reia imigran\u0163ii re\u0163inu\u0163i pe f\u00e2\u015fia de opt kilometri de la grani\u0163\u0103 pot fi retrimi\u015fi la grani\u0163\u0103, a declarat \u00a0ministrul s\u00e2rb pentru probleme sociale, Aleksandar Vulin, citat de portalul ziarului ungar \u201cMagyar Hirlap\u201d. \u00cen opinia secretarului de stat \u00een Ministerul ungar de Interne, K\u00e1roly Kontr\u00e1t, scopul principal este ca \u00een Ungaria nimeni s\u0103 nu stea ilegal. Din toate acestea, mass-media s\u00e2rb\u0103 a \u00een\u0163eles c\u0103 imigran\u0163ii vor fi retrimi\u015fi \u00een Serbia \u015fi la aceast\u0103 informa\u0163ie a reac\u0163ionat ministrul s\u00e2rb pentru probleme sociale.<\/p>\n<p style=\"text-align: justify;\">Aleksandar Vulin a precizat c\u0103 o \u0163ar\u0103 nu poate impune un astfel demers nici unei alte \u0163\u0103ri, f\u0103r\u0103 consecin\u0163e, \u015fi c\u0103, dac\u0103 \u015fi Serbia ar proceda similar, efectul de domino s-ar extinde p\u00e2n\u0103 \u00een Turcia. Ministrul s\u00e2rb a atras aten\u0163ia asupra faptului c\u0103 legile interna\u0163ionale reglementeaz\u0103 motivele pentru care cineva poate fi retrimis \u00eentr-o alt\u0103 \u0163ar\u0103 \u015fi a subliniat c\u0103 Serbia nu va deveni &#8220;locul de parcare&#8221; al imigran\u0163ilor, respectiv un teritoriu unde poate fi retrimis oricine, pe motiv c\u0103 cineva a decis astfel. \u00cen opinia lui Aleksandar Vulin, \u00een urma adopt\u0103rii legii imigran\u0163ilor de c\u0103tre Parlamentul Ungariei &#8220;se poate deduce c\u0103 prin \u00eenc\u0103lcarea tuturor acordurilor, \u00een\u0163elegerilor, sau a dreptului interna\u0163ional poate fi retrimis oricine \u00een Serbia, ceea ce pentru noi este absolut inacceptabil&#8221;.<\/p>\n<p style=\"text-align: justify;\">Potrivit directorului Centrului pentru protejarea solicitan\u0163ilor de azil, Rados Djurovic, dac\u0103 este adev\u0103rat c\u0103 Ungaria ar retrimite \u00een Serbia imigran\u0163ii re\u0163inu\u0163i la grani\u0163\u0103, Ungaria ar transfera \u00eentreaga povar\u0103 migra\u0163ionist\u0103 Serbiei.<\/p>\n<p style=\"text-align: justify;\">Traducerea: Bal\u00e1zs Magdolna<\/p>\n<p style=\"text-align: justify;\">Foto: www.blikk.hu<\/p>\n","protected":false},"excerpt":{"rendered":"<p>Parlamentul Ungariei a adoptat modificarea regulamentului privind extinderea managementului fluxurilor migra\u0163ioniste la grani\u0163a ungar\u0103, ceea ce va crea posibilitatea pentru imigran\u0163i ca \u00een <\/p>\n","protected":false},"author":1,"featured_media":1640,"comment_status":"open","ping_status":"open","sticky":false,"template":"","format":"standard","meta":{"footnotes":""},"categories":[1],"tags":[],"class_list":["post-1639","post","type-post","status-publish","format-standard","has-post-thumbnail","hentry","category-fara-categorie"],"_links":{"self":[{"href":"https:\/\/hatarok-nelkul.com\/ro\/index.php?rest_route=\/wp\/v2\/posts\/1639","targetHints":{"allow":["GET"]}}],"collection":[{"href":"https:\/\/hatarok-nelkul.com\/ro\/index.php?rest_route=\/wp\/v2\/posts"}],"about":[{"href":"https:\/\/hatarok-nelkul.com\/ro\/index.php?rest_route=\/wp\/v2\/types\/post"}],"author":[{"embeddable":true,"href":"https:\/\/hatarok-nelkul.com\/ro\/index.php?rest_route=\/wp\/v2\/users\/1"}],"replies":[{"embeddable":true,"href":"https:\/\/hatarok-nelkul.com\/ro\/index.php?rest_route=%2Fwp%2Fv2%2Fcomments&post=1639"}],"version-history":[{"count":2,"href":"https:\/\/hatarok-nelkul.com\/ro\/index.php?rest_route=\/wp\/v2\/posts\/1639\/revisions"}],"predecessor-version":[{"id":1642,"href":"https:\/\/hatarok-nelkul.com\/ro\/index.php?rest_route=\/wp\/v2\/posts\/1639\/revisions\/1642"}],"wp:featuredmedia":[{"embeddable":true,"href":"https:\/\/hatarok-nelkul.com\/ro\/index.php?rest_route=\/wp\/v2\/media\/1640"}],"wp:attachment":[{"href":"https:\/\/hatarok-nelkul.com\/ro\/index.php?rest_route=%2Fwp%2Fv2%2Fmedia&parent=1639"}],"wp:term":[{"taxonomy":"category","embeddable":true,"href":"https:\/\/hatarok-nelkul.com\/ro\/index.php?rest_route=%2Fwp%2Fv2%2Fcategories&post=1639"},{"taxonomy":"post_tag","embeddable":true,"href":"https:\/\/hatarok-nelkul.com\/ro\/index.php?rest_route=%2Fwp%2Fv2%2Ftags&post=1639"}],"curies":[{"name":"wp","href":"https:\/\/api.w.org\/{rel}","templated":true}]}}