{"id":1644,"date":"2016-07-04T21:40:26","date_gmt":"2016-07-04T18:40:26","guid":{"rendered":"http:\/\/hatarok-nelkul.com\/ro\/?p=1644"},"modified":"2016-07-04T21:40:44","modified_gmt":"2016-07-04T18:40:44","slug":"marea-britanie-nu-va-avea-o-soarta-usoara-in-afara-ue","status":"publish","type":"post","link":"https:\/\/hatarok-nelkul.com\/ro\/?p=1644","title":{"rendered":"\u201cMarea Britanie nu va avea o soart\u0103 u\u015foar\u0103 \u00een afara UE\u201d"},"content":{"rendered":"<p style=\"text-align: justify;\"><b><a href=\"https:\/\/hatarok-nelkul.com\/ro\/wp-content\/uploads\/2016\/07\/sogor-csaba.jpg\"><img loading=\"lazy\" decoding=\"async\" class=\"alignleft size-thumbnail wp-image-1645\" alt=\"sogor csaba\" src=\"https:\/\/hatarok-nelkul.com\/ro\/wp-content\/uploads\/2016\/07\/sogor-csaba-150x150.jpg\" width=\"150\" height=\"150\" \/><\/a>-Interviu cu europarlamentarul Csaba Sog\u00f3r-<\/b><\/p>\n<p style=\"text-align: justify;\">La referendumul din 23 iunie, care a avut loc \u00een Marea Britanie, popula\u0163ia a decis ie\u015firea din Uniunea European\u0103.<\/p>\n<p style=\"text-align: justify;\">Despre situa\u0163ia creat\u0103 dup\u0103 votul britanicilor, l-am \u00eentrebat pe europarlamentarul Csaba Sog\u00f3r:<!--more--><\/p>\n<p style=\"text-align: justify;\">\u201cSitua\u0163ia din Marea Britanie este foarte incert\u0103. Este incert\u0103, deoarece nu sunt elaborate condi\u0163iile \u00een care un stat membru al UE poate p\u0103r\u0103si aceast\u0103 comunitate european\u0103. Cel mai important este, \u00eens\u0103, ca toat\u0103 lumea s\u0103 \u00ee\u015fi p\u0103streze luciditatea. Dup\u0103 r\u0103zboi, de regul\u0103, sunt mul\u0163i viteji. Cel mai important este s\u0103 aib\u0103 loc o desp\u0103r\u0163ire politic\u0103 \u015fi s\u0103 \u00eenceap\u0103 c\u00e2t mai repede negocierile \u00een acest sens. Solicitarea privind \u00eencetarea statului de membru al Marii Britanii \u00een UE trebuie s\u0103 fie \u00eenaintat\u0103 de Parlamentul britanic, dar se pare c\u0103 nici ei nu au reu\u015fit s\u0103 demareze acest proces. Dup\u0103 solicitarea oficial\u0103, timp de doi ani vor trebui stabilite condi\u0163iile privind p\u0103r\u0103sirea UE de c\u0103tre Marea Britanie, iar dac\u0103 nu vor fi stabilite aceste condi\u0163ii, \u00ee\u015fi vor \u00eenceta valabilitatea toate acordurile \u00eencheiate cu UE. \u00cen ceea ce prive\u015fte pe cei veni\u0163i s\u0103 lucreze \u00een Marea Britanie, \u00een cazul lor nu se va schimba nimic, ceea ce \u00eenseamn\u0103 c\u0103, de exemplu, maghiarii din Ungaria sau din Transilvania, sau cet\u0103\u0163enii din Europa de Est vor putea muncii \u00een continuare \u00een acela\u015fi condi\u0163ii.\u00a0 A\u015fa cum observ eu, societatea britanic\u0103 \u00eemb\u0103tr\u00e2nit\u0103 va avea nevoie \u015fi dup\u0103 2019 de for\u0163\u0103 de munc\u0103 est-european\u0103, dar \u015fi acest\u0103 chestiune va fi reglementat\u0103 de pia\u0163\u0103. Credem c\u0103 \u00een 2017 britanicii vor reu\u015fi s\u0103 \u00eenainteze solicitarea lor de ie\u015fire din UE, iar restul se va vedea pe parcurs\u201d.<\/p>\n<p style=\"text-align: justify;\"><i>Abia \u00een 2017 va reu\u015fi?<\/i><\/p>\n<p style=\"text-align: justify;\">\u201cDeocamdat\u0103 \u015ftim doar c\u0103 premierul demisionar crede c\u0103 noul guvern va face demersurile \u00een acest sens, dup\u0103 octombrie 2016. Ei acum \u015fi-au dat seama de realitate \u015fi, probabil, nimeni nu vrea s\u0103 \u00ee\u015fi asume aceast\u0103 responsbilitate. Liderii europeni, politicienii europeni tocmai \u00een acest sens au lansat un apel britanicilor, \u00een ideea de a \u00eencepe c\u00e2t mai repede \u201cprocesul de divor\u0163\u201d. Eu folosesc aceast\u0103 compara\u0163ie \u015fi cred c\u0103, dac\u0103 p\u0103rin\u0163ii nu mai pot convie\u0163ui \u00eempreun\u0103, atunci \u00een interesul copilului este bine dac\u0103 demareaz\u0103, \u00een condi\u0163ii civiliazte, procesul de divor\u0163. Tergiversarea procesului, discu\u0163iilor, certurilor au un impact serios asupra copilului. A\u015fadar, nu ar fi nici \u00een interesul britanicilor, dar nici \u00een\u00a0 interesul UE s\u0103 \u00eencerce s\u0103 \u00ee\u015fi tergiverseze rezolvarea aceestei situa\u0163ii. Cred c\u0103 este bine, totu\u015fi, ceea ce s-a \u00eent\u00e2mplat, dincolo de toate greut\u0103\u0163ile \u015fi consecin\u0163ele grave: dac\u0103 britanicii r\u0103m\u00e2n \u00een UE, continu\u0103 tergiversarea, t\u00e2rguiala, c\u0103 mai vor cutare \u015fi cutare. Unii spun c\u0103 de fapt Marea Britanie nici nu a intrat, propriuzis, \u00een UE. \u00cens\u0103 ea a reu\u015fit s\u0103 ob\u0163in\u0103 o serie de facilit\u0103\u0163i speciale, iar noi acum practic am consfiin\u0163it desp\u0103r\u0163irea. Ceea ce este important, este c\u0103 Marea Britanie \u2013 \u00een afar\u0103 sau \u00een cadrul UE \u2013 este parte a continentului european, chiar dac\u0103 este o \u0163ar\u0103 insular\u0103 \u015fi poate avea un statut special, din punctul de vedere al pie\u0163ii, al economiei. Ea nu va putea exista f\u0103r\u0103 Uniunea European\u0103\u201d<\/p>\n<p style=\"text-align: justify;\"><i>Cum este posibil c\u0103 britanicii s-au lansat acum \u00eentr-o campanie de str\u00e2ngere de semn\u0103truri pentru a repeta referendumul? Este posibil\u0103 abrogarea rezultatelor unui referendum?<\/i><\/p>\n<p style=\"text-align: justify;\">\u201cSe poate \u00eencerca. A\u015fa cum am v\u0103zut, 48% dintre cet\u0103\u0163eni au votat \u00eempotriva ie\u015firii din UE. E greu de spus acum. Este evident c\u0103 nu se poate repeta acest referendum. NU \u00eenseamn\u0103 Nu. Unii politicieni sus\u0163in c\u0103 aceast\u0103 ie\u015fire din UE trebuie s\u0103 fie votat\u0103 \u00een Parlamentul Sco\u0163iei, deoarece \u00een chestiunile referitoare la sco\u0163ieni numai Parlamentul sco\u0163ian este chemat s\u0103 decid\u0103. Acesta a fost un referendum, este sarcina politicienilor, a partidelor politice ca referendumul s\u0103 fie luat \u00een considerare \u015fi este posibil c\u0103 \u00een condi\u0163iile date se va \u0163ine seam\u0103. Dac\u0103 abord\u0103m situa\u0163ia pur teoretic, ar putea exista \u015fi situa\u0163ia \u00een care Parlamentul britanic s\u0103 spun\u0103 NU. \u00cens\u0103 nu cred c\u0103 va fi o asemenea situa\u0163ie, dar \u00een politic\u0103 orice este posibil. Se poate \u00eent\u00e2mpla \u015fi acest lucru. Ideea principal\u0103 este \u2013 \u015fi aici trebuie v\u0103zute avantajele sau trebuie c\u0103utat binele \u00een r\u0103u &#8211; ca acei politicieni, acele partidele politice care nu le-au luat \u00een serios faptul c\u0103 nu este suficient s\u0103 faci bine, s\u0103 \u00een\u0163eleag\u0103, \u00een sf\u00e2r\u015fit, c\u0103 toate ac\u0163iunile trebuiesc explicate cet\u0103\u0163enilor. \u00cen cazul referendumului nu au c\u00e2\u015ftigat argumentele ra\u0163ionale, deoarece dac\u0103 c\u00e2\u015ftigau argumentele ra\u0163ionale, atunci un om lucid nu voteaz\u0103 pentru ie\u015firea Marii Britanii din EU. Chiar \u015fi cifrele demonstreaz\u0103 c\u0103 un stat membru are mai multe avantaje \u00een cadrul UE, dec\u00e2t \u00een afara ei. Ulterior se pot regreta multe lucruri, dar cel mai important este \u2013 a\u015fa cum am spus \u2013 s\u0103 lu\u0103m \u00een serios c\u0103 trebuie \u00eentre\u0163inut\u0103 rela\u0163ia cu cet\u0103\u0163enii UE \u015fi explicate deciziile, ce \u00eenseamn\u0103 responsbilitatea comun\u0103, ce \u00eenseamn\u0103 s\u0103-i ascult\u0103m \u015fi pe cei mici \u2013 aceasta trebuie spus mai cu seam\u0103 Germaniei -, adic\u0103 pe statele membre mai mici, ce \u00eenseamn\u0103 s\u0103 lu\u0103m \u00een serios \u00een chestiunea migra\u0163iei problemele cu care se confrunt\u0103 unele \u0163\u0103ri, cum ar fi Grecia \u015fi Italia sau chiar Ungaria. Azi toat\u0103 lumea este de acord cu ceea ce a sus\u0163inut premierul Ungariei, respectiv c\u0103 trebuie ap\u0103rate grani\u0163ele externe ale UE. Sunt de acord c\u0103 este foarte greu c\u00e2nd nu ai ap\u0103, alimente, dar marile puteri politice, partidele trebuie s\u0103 ia \u00een serios \u015fi pe cei mici \u015fi pe cet\u0103\u0163eni, \u015fi trebuie s\u0103 \u00ee\u015fi \u00eendrepte aten\u0163ia asupra problemelor reale. Aceasta \u00eenseamn\u0103 \u015fi \u00een cazul maghiarilor din Transilvania c\u0103 atunci c\u00e2nd, de exemplu, catalanii sau sco\u0163ienii vorbesc despre dezlipire \u015fi se arat\u0103 cu degetul spre ei, noi spunem \u00een totdeauna c\u0103 noi nu vrem s\u0103 ne desprindem, noi vrem doar ca Rom\u00e2nia s\u0103 \u00ee\u015fi respecte angajamentele asumate \u00een domeniul dreptrurilor minorit\u0103\u0163ilor, vrem s\u0103 fie o lege-cadru pentru minorit\u0103\u0163i, vrem s\u0103 fie autonomie cultural\u0103 \u015fi teritorial\u0103, iar noi atunci vom fi \u00een ordine \u015fi \u00een pace, dar dac\u0103 toate acestea nu se vor respecta, \u015fi problemele vor fi m\u0103turate sub pre\u015f, atunci mereu vor fi probleme.\u00a0 \u00cen acest sens \u015fi Brexit este un bun prilej pentru ca omul s\u0103 se adune a\u015fa cum face c\u00e2nd este o inunda\u0163ie sau un incendiu, atunci omul \u00eencearc\u0103 s\u0103 salveze tot ce se poate, dup\u0103 care se lini\u015fte\u015fte \u015fi \u00eencepe s\u0103 g\u00e2ndeasc\u0103 cum s\u0103 fac\u0103 s\u0103 fie preg\u0103tit mai bine pentru urm\u0103toare inunda\u0163ii sau cum poate s\u0103 se apere de inunda\u0163ii: prin construirea barajelor, sau \u00een cazul incendiului- trebuie s\u0103 aplice m\u0103suri de securitate. Brexit, aceast\u0103 criz\u0103 politic\u0103, este potrivit\u0103 pentru a ne reglementa destinele noastre \u015fi pentru a identifica solu\u0163ii pe termen scurt \u015fi pe termen lung. Marea Britanie nu va avea o soart\u0103 u\u015foar\u0103, deoarece UE va stabilii condi\u0163iile de ie\u015fire, \u015fi va explica \u00een a\u015fa fel costurile \u015fi consecin\u0163ele ie\u015firii c\u0103 dup\u0103 acea oricine ar fi preocupat de aceast\u0103 chestiune \u00een mod sigur se va g\u00e2ndi de dou\u0103 ori. Este normal ca \u00een asemenea situa\u0163ii s\u0103 se arate cu degetul spre vinova\u0163i. Politicienii pro-Brexit \u00eencearc\u0103 acum s\u0103 explice c\u0103 li s-a promis c\u0103 sumele imense care au intrat \u00een bugetul UE sau cheltuite \u00een campanie, vor ajunge \u00een bugetul britanic al s\u0103n\u0103t\u0103\u0163ii. Dar, nu are cum s\u0103 ajung\u0103 \u00een acest buget, a\u015fa ceva nu se poate face, iar cel care promite un lucru care nu se poate realiza, nu este un om serios\u201d.<\/p>\n<p style=\"text-align: justify;\"><i>\u00cen acest an, \u00een Ungaria va fi organizat un referendum despre aplicarea cotelor obligatorii. \u00cen opinia dumneavoastr\u0103 pe l\u00e2ng\u0103 aceast\u0103 chestiune va fi formulat\u0103 \u015fi \u00eentrebarea privind statutul Ungariei \u00een UE, adic\u0103 se va pune problema evantualei ie\u015firi din UE \u015fi a Ungariei?<\/i><\/p>\n<p style=\"text-align: justify;\">\u201e\u00cen acest sens nu am primit nici un semnal, nici din partea partidelor politice \u015fi nici din partea cet\u0103\u0163enilor. \u015ei \u00een Marea Britanie rezultatele referendumului au fost foarte str\u00e2nse, locuitorii mai \u00een v\u00e2rst\u0103 nu au votat at\u00e2t \u00eempotriva UE, c\u00e2t \u00eempotiva Guvernului, deoarece exist\u0103 tendin\u0163a c\u0103 atunci c\u00e2nd ceva nu func\u0163ioneaz\u0103 cum trebuie, spunem c\u0103 guvernul este de vin\u0103, iar dac\u0103 a f\u0103cut bine, este propria sa glorie. A\u015fadar, nu cred c\u0103 \u00een Ungaria va fi o situa\u0163ie similar\u0103. Am avut multe discu\u0163ii \u015fi despre sistemul de cote obligatorii, iar pozi\u0163ia noastr\u0103 a fost exemplar\u0103 pentru Occident. \u00cen ultima perioad\u0103, Polonia a primit, de exemplu, peste 500 de familii de na\u0163ionalitate sirian\u0103,\u00a0 mai cu seam\u0103 cre\u015ftini. \u00cen Polonia condi\u0163ia de via\u0163\u0103 este ceva mai bun\u0103, dec\u00e2t \u00een Rom\u00e2nia \u015fi, totu\u015fi, se pare c\u0103 din cele 500 de familii numai exist\u0103 nici una pe teritoriul Poloniei. Putem primi \u015fi noi \u015fi Ungaria imigran\u0163i, dar ei imediat merg mai departe, deoarece cred c\u0103 \u00een Suedia \u015fi Germania \u2013 \u0163\u0103ri care i-au invitat \u2013 chiar \u015fi ajutorul social este mai mare, dec\u00e2t venitul unui cet\u0103\u0163ean de condi\u0163ie medie. Aceast\u0103 situa\u0163ie se va sf\u00e2r\u015fi \u015fi \u00een Suedia \u015fi \u00een Germnaia, deoarece au atins gradul de suportabilitate. Sistemul de cote nu va rezolva problema. Preo\u0163i, episcopi \u015fi unele ONG-uri care au \u00eenfiin\u0163at tabere pentru cet\u0103\u0163enii sirieni au spus c\u0103 pe termen scurt trebuie s\u0103 li se asigure ap\u0103, alimente \u015fi \u00eembr\u0103c\u0103minte, dar solu\u0163ia final\u0103 este \u00eencheierea r\u0103zboiului. \u00cen momentul \u00een care va exista o voin\u0163\u0103 politic\u0103 pentru \u00eencheierea r\u0103zboaielor, atunci se va termina \u015fi cu afluxul de imigran\u0163i. \u00cens\u0103, \u00eentre timp ne vom confrunta cu alt gen de imigran\u0163i, care vor veni \u00een Europa din cuza schimb\u0103rilor climatice. Europa numai acum vede acele multe facturi neachitate, pe care le-a str\u00e2ns pe parcursul a mai multor sute de ani, prin instituirea imperiilor coloniale, a societ\u0103\u0163ii sclavagiste, prin pr\u0103darea f\u0103r\u0103 scrupule a continentului african, din punct de vedere al z\u0103c\u0103mintelor, iar acum, migra\u0163ia este doar o pic\u0103tur\u0103 \u00een mijlocul Oceanului. De asemenea, vor mai fi \u015fi imigran\u0163i demografici, sau din cauza schim\u0103rilor climatice. S\u0103 ne g\u00e2ndim doar la faptul c\u0103 anual se de\u015fertizeaz\u0103 o suprafa\u0163\u0103 de teren echivalent\u0103 cu suprafa Ungariei \u015fi Transilvaniei. Astfel foarte mul\u0163i oameni numai au nicio o condi\u0163ie de trai \u015fi vor porni la drum.\u00a0 Este \u00een interesul, dar \u015fi responsabilitatea Europei \u015fi a lumii civilizate din Occident crearea p\u0103cii \u015fi a condi\u0163iilor de via\u0163\u0103 corespunz\u0103toare. Cel\u00a0 care tr\u0103ie\u015fte \u00een mizerie \u015fi \u00eei este foame, eu \u00een zadar \u00eei ridic un gard, deoarece foamea este un mare Domn \u015fi el va trece peste gard \u015fi \u00eemi ia zarzavaturile \u015fi recolta, fiindc\u0103 \u00eei este foame \u015fi trebuie s\u0103 m\u0103n\u00e2nce \u015fi el ceva&#8230;\u201d<\/p>\n<p style=\"text-align: justify;\">Interviu realizat de Bal\u00e1zs Magdolna<\/p>\n<p>Foto:<b><\/b> www.szabadsag.ro<\/p>\n","protected":false},"excerpt":{"rendered":"<p>-Interviu cu europarlamentarul Csaba Sog\u00f3r- La referendumul din 23 iunie, care a avut loc \u00een Marea Britanie, popula\u0163ia a decis ie\u015firea din Uniunea <\/p>\n","protected":false},"author":1,"featured_media":1645,"comment_status":"open","ping_status":"open","sticky":false,"template":"","format":"standard","meta":{"footnotes":""},"categories":[1],"tags":[],"class_list":["post-1644","post","type-post","status-publish","format-standard","has-post-thumbnail","hentry","category-fara-categorie"],"_links":{"self":[{"href":"https:\/\/hatarok-nelkul.com\/ro\/index.php?rest_route=\/wp\/v2\/posts\/1644","targetHints":{"allow":["GET"]}}],"collection":[{"href":"https:\/\/hatarok-nelkul.com\/ro\/index.php?rest_route=\/wp\/v2\/posts"}],"about":[{"href":"https:\/\/hatarok-nelkul.com\/ro\/index.php?rest_route=\/wp\/v2\/types\/post"}],"author":[{"embeddable":true,"href":"https:\/\/hatarok-nelkul.com\/ro\/index.php?rest_route=\/wp\/v2\/users\/1"}],"replies":[{"embeddable":true,"href":"https:\/\/hatarok-nelkul.com\/ro\/index.php?rest_route=%2Fwp%2Fv2%2Fcomments&post=1644"}],"version-history":[{"count":2,"href":"https:\/\/hatarok-nelkul.com\/ro\/index.php?rest_route=\/wp\/v2\/posts\/1644\/revisions"}],"predecessor-version":[{"id":1647,"href":"https:\/\/hatarok-nelkul.com\/ro\/index.php?rest_route=\/wp\/v2\/posts\/1644\/revisions\/1647"}],"wp:featuredmedia":[{"embeddable":true,"href":"https:\/\/hatarok-nelkul.com\/ro\/index.php?rest_route=\/wp\/v2\/media\/1645"}],"wp:attachment":[{"href":"https:\/\/hatarok-nelkul.com\/ro\/index.php?rest_route=%2Fwp%2Fv2%2Fmedia&parent=1644"}],"wp:term":[{"taxonomy":"category","embeddable":true,"href":"https:\/\/hatarok-nelkul.com\/ro\/index.php?rest_route=%2Fwp%2Fv2%2Fcategories&post=1644"},{"taxonomy":"post_tag","embeddable":true,"href":"https:\/\/hatarok-nelkul.com\/ro\/index.php?rest_route=%2Fwp%2Fv2%2Ftags&post=1644"}],"curies":[{"name":"wp","href":"https:\/\/api.w.org\/{rel}","templated":true}]}}