{"id":1648,"date":"2016-07-04T22:36:39","date_gmt":"2016-07-04T19:36:39","guid":{"rendered":"http:\/\/hatarok-nelkul.com\/ro\/?p=1648"},"modified":"2016-07-04T22:36:55","modified_gmt":"2016-07-04T19:36:55","slug":"brexit-un-proces-irreversibil","status":"publish","type":"post","link":"https:\/\/hatarok-nelkul.com\/ro\/?p=1648","title":{"rendered":"\u201eBrexit \u2013 un proces irreversibil\u201d"},"content":{"rendered":"<p style=\"text-align: justify;\"><b><a href=\"https:\/\/hatarok-nelkul.com\/ro\/wp-content\/uploads\/2016\/07\/borbely.jpg\"><img loading=\"lazy\" decoding=\"async\" class=\"alignleft size-thumbnail wp-image-1649\" alt=\"borbely\" src=\"https:\/\/hatarok-nelkul.com\/ro\/wp-content\/uploads\/2016\/07\/borbely-150x150.jpg\" width=\"150\" height=\"150\" \/><\/a>-Interviu cu pre\u015fedintele Comisiei de politic\u0103 extern\u0103 din Camera Deputa\u0163ilor, L\u00e1szl\u00f3 Borb\u00e9ly-<\/b><\/p>\n<p style=\"text-align: justify;\">La referendumul din 23 iunie, care a avut loc \u00een Marea Britanie, popula\u0163ia a decis ie\u015firea din Uniunea European\u0103.<\/p>\n<p style=\"text-align: justify;\">Despre situa\u0163ia creat\u0103 dup\u0103 referendumul din Marea Britanie l-am \u00eentrebat pe pre\u015fedintele Comisiei de politic\u0103 extern\u0103 din Camera Deputa\u0163ilor, L\u00e1szl\u00f3 Borb\u00e9ly:<!--more--><\/p>\n<p style=\"text-align: justify;\">\u00a0\u201eCred c\u0103 a fost o surpriz\u0103 pentru foarte mul\u0163i oameni, mai ales pentru c\u0103 am avut \u00eencredere c\u0103 cet\u0103\u0163enii britanici \u015ftiu ce \u00eenseamn\u0103 renun\u0163area la statutul de membru al UE. Dar, la final, a rezultat c\u0103 nu prea au \u015ftiut, deoarece au votat pe baza unor informa\u0163ii minime, pe baza unor date prin care chiar au fost dezinforma\u0163i de unii politicieni care aveau anumite scopuri \u00een politica intern\u0103 \u015fi nu au avut \u00een vedere consecin\u0163ele acestei ie\u015firi din UE. Noi \u00eenc\u0103 nu ne putem da seama de consecin\u0163ele p\u0103r\u0103sirii UE de\u00a0 c\u0103tre Marea Britanie, deoarece este un proces lung. Marea Britanie este una din \u0163\u0103rile membre ale UE cu cea mai puternic\u0103 economie. \u00cen ceea ce prive\u015fte Rom\u00e2nia, \u00eenc\u0103 nu putem \u015fti care va fi soarta celor care \u00een prezent lucreaz\u0103 \u00een Marea Britanie, mai ales \u00een condi\u0163iile \u00een care unul din principalele subiecte de campanie a fost acela c\u0103 nu trebuie l\u0103sat ca locurile de munc\u0103 ale cet\u0103\u0163enilor britanici s\u0103 fie ocupate de muncitorii din str\u0103in\u0103tate. A doua chestiune este c\u0103 nu \u015ftim, deocamdat\u0103, ce fel de m\u0103suri de austeritate vor fi luate. Desigur, UE va sl\u0103bi, indiferent de pozi\u0163ia unitar\u0103, deoarece acum Marea Britanie va avea un statut similar cu Norvegia \u015fi Elve\u0163ia \u00een rela\u0163iile sale cu UE\u201d.<\/p>\n<p style=\"text-align: justify;\"><i>Cet\u0103\u0163enii britanici s-au lansat acum \u00eentr-o campanie de str\u00e2ngere de semn\u0103turi pentru a repeta acest referendum. Pot fi abrogate rezultatele unui refrendum, sau \u00een cazul de fa\u0163\u0103 a fost doar de natur\u0103 consultativ\u0103?<\/i><\/p>\n<p style=\"text-align: justify;\">\u201eNu cred c\u0103 aceast\u0103 campanie va avea drept rezultat reluarea referendumului. Dar, chiar dac\u0103 va fi abrogat sau repetat cred c\u0103 sunt\u00a0 foarte periculoase abuzurile fa\u0163\u0103 de referendum. \u00cen opinia mea, de acea au fost ale\u015fi europarlamentarii, parlamentarii na\u0163ionali pentru ca ei s\u0103 decid\u0103 asupra unor asemenea chestiuni \u015fi nu popula\u0163ia, dat fiind faptul c\u0103 aceasta este o chestiune care are leg\u0103tur\u0103 cu Uuniunea European\u0103. \u015ei \u00een alte \u0163\u0103ri putem observa c\u0103 unele partide \u00eencearc\u0103 s\u0103 provoace organizarea unui asemenea referendum. Nu cred c\u0103 acest proces poate fi reversibil printr-un alt referendum\u201d.<\/p>\n<p style=\"text-align: justify;\"><i>\u00cen urma Brexit-ului poate acum \u015fi sco\u0163ienii vor pleda pentru organizarea referendumului pentru independen\u0163a lor fa\u0163\u0103 de Marea Britanie!?<\/i><\/p>\n<p style=\"text-align: justify;\">\u201eDa, Brexit-ul a rico\u015fat \u015fi s-a \u00eentors ca un bumerang la care nu se g\u00e2ndeau politicienii populi\u015fti. De exemplu, Nigel Farage a declarat imediat dup\u0103 referendum c\u0103 Marea Britanie s-a eliberat de Uniunea European\u0103 pentru ca la pu\u0163in timp s\u0103 rezulte c\u0103 ar putea declan\u015fa, acest referendum, un proces care chiar dac\u0103 nu va conduce la destr\u0103marea Marii Britanii, dar dac\u0103 va avea loc un referendum \u00een Sco\u0163ia, sco\u0163ienii vor vota pentru independen\u0163\u0103 \u015fi vor putea solicita separat aderarea lor la UE. Se pot \u00eent\u00e2mpla multe lucruri, \u00eens\u0103 ceea ce s-a \u00eent\u00e2mplat acum nu este bine nici pentru Marea Britanie, nici pentru Europa \u015fi nim\u0103nui\u201d.<\/p>\n<p style=\"text-align: justify;\"><i>\u00cen urma Brexit-ului se poate a\u015ftepta ca \u015fansele s\u0103 fie mai mari pentru \u00eendeplinirea n\u0103zuin\u0163elor de autonomie sau pentru adoptarea ini\u0163iativelor cet\u0103\u0163ene\u015fti, c\u0103 politicienii UE vor acorda o aten\u0163ie mai mare acestor probleme?<\/i><\/p>\n<p style=\"text-align: justify;\">\u201eNu. UE va avea \u015fi mai multe probleme \u015fi nu va fi preocupat\u0103 de aceste n\u0103zuin\u0163e \u015fi va spune c\u0103 este o problem\u0103 intern\u0103 a \u0163\u0103rii respective. Am vorbit de Sco\u0163ia, dar putem aminti \u015fi pe catalanii care lupt\u0103 tot pentru independen\u0163\u0103. Nu cred c\u0103 UE s-ar raporta altfel fa\u0163\u0103 de n\u0103zuin\u0163ele de autonomie, dec\u00e2t p\u00e2n\u0103 acum\u201d.<\/p>\n<p style=\"text-align: justify;\">Interviu realizat de Bal\u00e1zs Magdolna<\/p>\n<p style=\"text-align: justify;\">Foto:www.maszol.ro<\/p>\n","protected":false},"excerpt":{"rendered":"<p>-Interviu cu pre\u015fedintele Comisiei de politic\u0103 extern\u0103 din Camera Deputa\u0163ilor, L\u00e1szl\u00f3 Borb\u00e9ly- La referendumul din 23 iunie, care a avut loc \u00een Marea <\/p>\n","protected":false},"author":1,"featured_media":1649,"comment_status":"open","ping_status":"open","sticky":false,"template":"","format":"standard","meta":{"footnotes":""},"categories":[1],"tags":[],"class_list":["post-1648","post","type-post","status-publish","format-standard","has-post-thumbnail","hentry","category-fara-categorie"],"_links":{"self":[{"href":"https:\/\/hatarok-nelkul.com\/ro\/index.php?rest_route=\/wp\/v2\/posts\/1648","targetHints":{"allow":["GET"]}}],"collection":[{"href":"https:\/\/hatarok-nelkul.com\/ro\/index.php?rest_route=\/wp\/v2\/posts"}],"about":[{"href":"https:\/\/hatarok-nelkul.com\/ro\/index.php?rest_route=\/wp\/v2\/types\/post"}],"author":[{"embeddable":true,"href":"https:\/\/hatarok-nelkul.com\/ro\/index.php?rest_route=\/wp\/v2\/users\/1"}],"replies":[{"embeddable":true,"href":"https:\/\/hatarok-nelkul.com\/ro\/index.php?rest_route=%2Fwp%2Fv2%2Fcomments&post=1648"}],"version-history":[{"count":3,"href":"https:\/\/hatarok-nelkul.com\/ro\/index.php?rest_route=\/wp\/v2\/posts\/1648\/revisions"}],"predecessor-version":[{"id":1652,"href":"https:\/\/hatarok-nelkul.com\/ro\/index.php?rest_route=\/wp\/v2\/posts\/1648\/revisions\/1652"}],"wp:featuredmedia":[{"embeddable":true,"href":"https:\/\/hatarok-nelkul.com\/ro\/index.php?rest_route=\/wp\/v2\/media\/1649"}],"wp:attachment":[{"href":"https:\/\/hatarok-nelkul.com\/ro\/index.php?rest_route=%2Fwp%2Fv2%2Fmedia&parent=1648"}],"wp:term":[{"taxonomy":"category","embeddable":true,"href":"https:\/\/hatarok-nelkul.com\/ro\/index.php?rest_route=%2Fwp%2Fv2%2Fcategories&post=1648"},{"taxonomy":"post_tag","embeddable":true,"href":"https:\/\/hatarok-nelkul.com\/ro\/index.php?rest_route=%2Fwp%2Fv2%2Ftags&post=1648"}],"curies":[{"name":"wp","href":"https:\/\/api.w.org\/{rel}","templated":true}]}}