{"id":1653,"date":"2016-07-04T23:40:32","date_gmt":"2016-07-04T20:40:32","guid":{"rendered":"http:\/\/hatarok-nelkul.com\/ro\/?p=1653"},"modified":"2016-07-04T23:40:57","modified_gmt":"2016-07-04T20:40:57","slug":"brexit-intreaga-responsabilitate-ii-revine-domnului-juncker-company","status":"publish","type":"post","link":"https:\/\/hatarok-nelkul.com\/ro\/?p=1653","title":{"rendered":"Brexit \u2013 \u201e\u00centreaga responsabilitate \u00eei revine domnului Juncker &#038; company"},"content":{"rendered":"<p style=\"text-align: justify;\"><b><a href=\"https:\/\/hatarok-nelkul.com\/ro\/wp-content\/uploads\/2016\/07\/izsak-balazs.jpg\"><img loading=\"lazy\" decoding=\"async\" class=\"alignleft size-thumbnail wp-image-1654\" alt=\"izsak balazs\" src=\"https:\/\/hatarok-nelkul.com\/ro\/wp-content\/uploads\/2016\/07\/izsak-balazs-150x150.jpg\" width=\"150\" height=\"150\" \/><\/a>\u2013 Interviu cu pre\u015fedintele Consiliului Na\u0163ional Secuiesc, Bal\u00e1zs Izs\u00e1k &#8211;<\/b><\/p>\n<p style=\"text-align: justify;\">La \u00eentrebarea portalului nostru privind rezultatele referendumului britanic care a avut loc recent cu privire la apartenen\u0163a Marii Britanii la Uniunea European\u0103, pre\u015fedintele Consiliului Na\u0163ional Secuiesc, Bal\u00e1zs Izs\u00e1k a declarat:<!--more--><\/p>\n<p style=\"text-align: justify;\">\u201eMarea Britanie nu a ie\u015fit, deocamdat\u0103, din Uniunea European\u0103, este membru cu drepturi depline al acestei comunit\u0103\u0163i europene. F\u0103r\u0103 \u00eendoial\u0103, ie\u015firea Marii Britanii este urgentat\u0103, absolut ilegal \u015fi ne\u00eentemeiat, de conducera de tip Juncker. Regret nespus de mult c\u0103 a\u015fa s-a \u00eent\u00e2mplat, dar cred c\u0103 este nu numai o pierdere, dar \u015fi un avertisment lansat la adresa liderilor Uniunii Europene, asupra faptului c\u0103 au urmat o cale gre\u015fit\u0103. Rezultatul referendumului este, \u00een primul r\u00e2d, e\u015fecul lor. Civiliza\u0163ia, cultura anglo-saxon\u0103 este parte a culturii europene de secole la r\u00e2nd \u015fi a\u015fa va r\u0103m\u00e2ne. Uniunea European\u0103 ar trebuie s\u0103 scape de conducerea lui Juncker, de acea conducere care i-a subordonat integral pe cet\u0103\u0163enii europeni, \u00een interesele b\u0103ncilor \u015fi ale firmelor multina\u0163ionale\u201d.<\/p>\n<p style=\"text-align: justify;\"><i>Referendumul ar putea s\u0103 reprezinte un semnal c\u0103tre liderii politici ai UE pentru ca ei s\u0103 \u00ee\u015fi \u00eendrepte aten\u0163ia asupra statelor membre mai mici?<\/i><\/p>\n<p style=\"text-align: justify;\">\u201eLiderii UE sunt responsabili pentru ceea ce se \u00eent\u00e2mpl\u0103 acum. At\u00e2t domnul Juncker, c\u00e2t si domnul Shultz sunt responsabili personal. Este regretabil c\u0103 ei nu observ\u0103 acest lucru. Nu cred c\u0103 este o exagerare, dac\u0103 \u00eei compar cu dictatorii regimurilor comuniste, care chiar \u015fi \u00een momentele \u00een care \u0163\u0103rile conduse de ei s-au aflat \u00een situa\u0163ii catastrofale, au adoptat\u00a0 pozi\u0163ii dure, au avertizat, adic\u0103 s-au comportat, de parc\u0103 ei nu ar fi avut nicio responsabilitate. A\u015fa se comport\u0103 \u015fi Juncker\u201d.<\/p>\n<p style=\"text-align: justify;\"><i>Dup\u0103 toate aceste evenimente nu ne putem a\u015ftepta la o schimbare din partea liderilor politici europeni care s\u0103 analizeze eventual: unde \u015fi ce anume au gre\u015fit?<\/i><\/p>\n<p style=\"text-align: justify;\">\u201eA\u015fa ar trebui s\u0103 fie, dar cred c\u0103 pentru schimbarea de atitudine, a modului de abordare este nevoie de o nou\u0103 conducere a UE. Eu sunt foarte sceptic. \u00cen contextul ini\u0163iativei cet\u0103\u0163ene\u015fti \u015fi a proceselor am avut ocazia s\u0103 cunosc personal aceast\u0103 Comisie European\u0103. \u00cen leg\u0103tur\u0103 cu ini\u0163iativa cet\u0103\u0163eneasc\u0103 odat\u0103 am avut ocazia s\u0103 m\u0103 \u00eent\u00e2lnesc, la Strasbourg, cu membrii Comisiei Europene, c\u00e2nd am fost invita\u0163i s\u0103 mergem acolo, dup\u0103 p\u0103rerea mea, absolut inutil, deoarece am primit acela\u015fi r\u0103spuns \u2013 verbal \u2013 primitiv \u015fi stupid pe care \u00eel primisem mai \u00eenainte, \u00een scris. Atunci i-am \u015fi spus: \u201eM\u0103 scuza\u0163i, de ce am fost invita\u0163i? Ce sens a avut s\u0103 venim p\u00e2n\u0103 aici, dac\u0103 nu sunte\u0163i \u00een stare s\u0103 ne comunica\u0163i, verbal,\u00a0 nimic nou fa\u0163\u0103 de r\u0103spunsul pe care ni l-a\u0163i trimis, \u00een scris?\u201d V-am spus despre aceast\u0103 \u00eent\u00e2mplare, deoarecea institu\u0163ia lor privind ini\u0163iativele cet\u0103\u0163ene\u015fti \u2013 care nu func\u0163ioneaz\u0103 \u2013 tot la acest aspect se refer\u0103, respectiv la faptul c\u0103: Comisia European\u0103 este incapabil\u0103 \u015fi nici nu are voin\u0163\u0103 pentru ca aceast\u0103 institu\u0163ie a ini\u0163iativelor cet\u0103\u0163ene\u015fti s\u0103 func\u0163ioneze, deoarece nu vrea s\u0103-\u015fi \u00eempart\u0103 puterea \u015fi deciziile nici cu cet\u0103\u0163enii UE. Unele state membre sunt chiar excluse de la decizii de Juncker, care nici nu a fost ales \u00een func\u0163ia pe care o \u00eendepline\u015fte\u201d.<\/p>\n<p style=\"text-align: justify;\"><i>Acum, poate va exista o \u015fans\u0103 mai mare pentru adoptarea ini\u0163iativelor cet\u0103\u0163ene\u015fti \u015fi pentru acordarea unei aten\u0163ii mai mari \u015fi n\u0103zuin\u0163elor de autonomie!?<\/i><\/p>\n<p style=\"text-align: justify;\">\u201eComisia European\u0103 a primit un avertisment, iar statele membre ale UE ar trebuie s\u0103 fie mai puternice \u015fi ferme, \u015fi s\u0103 se impun\u0103 pentru ca aceast\u0103 echip\u0103 a lui Juncker <b>s\u0103 plece!<\/b> Evident c\u0103 \u00een spatele lor se afl\u0103 uria\u015fe interese, dar \u015fi un capital imens, pozi\u0163ia, puterea lor \u00eenseman\u0103 numai bani, \u015fi cred c\u0103 \u015fi acum se poate observa c\u0103 au demarat o campanie \u00eempotriva Marii Britanii \u2013 \u00een care investesc foarte mul\u0163i bani -, prin instigarea oamenilor \u00eempotriva Londrei, ceea ce est o absurditate. A\u015fa cum\u00a0 s-a comportat ieri Juncker, c\u00e2nd a acuzat direct poporul britanic, spun\u00e2nd: \u201eCe mai caut\u0103 aici?\u201d&#8230; A\u015fa ceva nu se poate, nu se poate vorbi a\u015fa&#8230;\u201d<\/p>\n<p style=\"text-align: justify;\"><i>Cet\u0103\u0163enii britanici s-au lansat acum \u00eentr-o campanie de str\u00e2ngere de semn\u0103turi pentru reluarea acestui referendum. Pot fi abrogate rezultatele unui refrendum, sau \u00een cazul de fa\u0163\u0103 a fost doar de natur\u0103 consultativ\u0103?<\/i><\/p>\n<p style=\"text-align: justify;\">\u00a0\u201eToate aceste chestiuni sunt problemele interne ale Regatului Unit. Est o problem\u0103 intern\u0103 a unei societ\u0103\u0163i democtratice, \u00een care democra\u0163ia este mult mai veche \u2013 cu c\u00e2teva secole \u2013 fa\u0163\u0103 de democra\u0163ia francez\u0103 sau german\u0103. Evident c\u0103 acum vorbim despre o democra\u0163ie modern\u0103. Celelalte \u0163\u0103ri nu au democra\u0163ii care au o asemenea continuitate. Grecia de azi, de exemplu, nu are nicio leg\u0103tur\u0103 cu Greacia antic\u0103. A\u015fadar, este f\u0103r\u0103 doar \u015fi poate, c\u0103 democra\u0163ia britanic\u0103 este cea mai veche, \u015fi cred c\u0103 \u015fi acum func\u0163ioneaz\u0103 foarte bine\u201d.<\/p>\n<p style=\"text-align: justify;\"><i>O asemenea chestiune poate fi supus\u0103 unui referendum sau ar trebuie s\u0103 decid\u0103 parlamentarii ale\u015fi \u00een parlamentele na\u0163ionale sau deputa\u0163ii europarlamentari, doar sunt reprezentan\u0163ii poporului!?<\/i><\/p>\n<p style=\"text-align: justify;\">\u201eDecizia care comport\u0103 cea mai \u00eenalt\u0103 legitimitate este \u2013 referendumul. Aleg\u0103torul este cel care poate spune ce dore\u015fte. Referendumul britanic a fost legitim, iar \u00eentreaga responsabilitate pentru situa\u0163ia creat\u0103 le revine birocra\u0163ilor de la Bruxelles, respectiv: domnului Juncker &amp; company\u201d<\/p>\n<p style=\"text-align: justify;\">Interviu realizat de Bal\u00e1zs Magdolna<\/p>\n<p style=\"text-align: justify;\">Foto: www.NyugatiJelen.com<\/p>\n","protected":false},"excerpt":{"rendered":"<p>\u2013 Interviu cu pre\u015fedintele Consiliului Na\u0163ional Secuiesc, Bal\u00e1zs Izs\u00e1k &#8211; La \u00eentrebarea portalului nostru privind rezultatele referendumului britanic care a avut loc recent <\/p>\n","protected":false},"author":1,"featured_media":1654,"comment_status":"open","ping_status":"open","sticky":false,"template":"","format":"standard","meta":{"footnotes":""},"categories":[1],"tags":[],"class_list":["post-1653","post","type-post","status-publish","format-standard","has-post-thumbnail","hentry","category-fara-categorie"],"_links":{"self":[{"href":"https:\/\/hatarok-nelkul.com\/ro\/index.php?rest_route=\/wp\/v2\/posts\/1653","targetHints":{"allow":["GET"]}}],"collection":[{"href":"https:\/\/hatarok-nelkul.com\/ro\/index.php?rest_route=\/wp\/v2\/posts"}],"about":[{"href":"https:\/\/hatarok-nelkul.com\/ro\/index.php?rest_route=\/wp\/v2\/types\/post"}],"author":[{"embeddable":true,"href":"https:\/\/hatarok-nelkul.com\/ro\/index.php?rest_route=\/wp\/v2\/users\/1"}],"replies":[{"embeddable":true,"href":"https:\/\/hatarok-nelkul.com\/ro\/index.php?rest_route=%2Fwp%2Fv2%2Fcomments&post=1653"}],"version-history":[{"count":2,"href":"https:\/\/hatarok-nelkul.com\/ro\/index.php?rest_route=\/wp\/v2\/posts\/1653\/revisions"}],"predecessor-version":[{"id":1656,"href":"https:\/\/hatarok-nelkul.com\/ro\/index.php?rest_route=\/wp\/v2\/posts\/1653\/revisions\/1656"}],"wp:featuredmedia":[{"embeddable":true,"href":"https:\/\/hatarok-nelkul.com\/ro\/index.php?rest_route=\/wp\/v2\/media\/1654"}],"wp:attachment":[{"href":"https:\/\/hatarok-nelkul.com\/ro\/index.php?rest_route=%2Fwp%2Fv2%2Fmedia&parent=1653"}],"wp:term":[{"taxonomy":"category","embeddable":true,"href":"https:\/\/hatarok-nelkul.com\/ro\/index.php?rest_route=%2Fwp%2Fv2%2Fcategories&post=1653"},{"taxonomy":"post_tag","embeddable":true,"href":"https:\/\/hatarok-nelkul.com\/ro\/index.php?rest_route=%2Fwp%2Fv2%2Ftags&post=1653"}],"curies":[{"name":"wp","href":"https:\/\/api.w.org\/{rel}","templated":true}]}}