{"id":1659,"date":"2016-07-13T09:46:14","date_gmt":"2016-07-13T06:46:14","guid":{"rendered":"http:\/\/hatarok-nelkul.com\/ro\/?p=1659"},"modified":"2016-07-13T09:46:14","modified_gmt":"2016-07-13T06:46:14","slug":"viktor-orban-invitat-la-universitatea-de-vara-balvanyos","status":"publish","type":"post","link":"https:\/\/hatarok-nelkul.com\/ro\/?p=1659","title":{"rendered":"Viktor Orb\u00e1n, invitat la Universitatea de Var\u0103 B\u00e1lv\u00e1nyos"},"content":{"rendered":"<p style=\"text-align: justify;\"><a href=\"https:\/\/hatarok-nelkul.com\/ro\/wp-content\/uploads\/2016\/07\/tusvanyos-2016-balvanyosi-nyari-szabadegyetem-es-diaktabor-639-1-l.jpg\"><img loading=\"lazy\" decoding=\"async\" class=\"alignleft size-thumbnail wp-image-1660\" alt=\"tusvanyos-2016-balvanyosi-nyari-szabadegyetem-es-diaktabor-639-1-l\" src=\"https:\/\/hatarok-nelkul.com\/ro\/wp-content\/uploads\/2016\/07\/tusvanyos-2016-balvanyosi-nyari-szabadegyetem-es-diaktabor-639-1-l-150x150.jpg\" width=\"150\" height=\"150\" \/><\/a>&#8220;Am fost, suntem \u015fi vom fi acas\u0103 \u00een Europa!&#8221; &#8211; acesta este mottoul din acest an al celei de-a XXVII-a edi\u0163ii a Universit\u0103\u0163ii de Var\u0103 \u015fi Taberei Studen\u0163e\u015fti B\u00e1lv\u00e1nyos, care va fi g\u0103zduit\u0103, conform tradi\u0163iei, de B\u0103ile Tu\u015fnad, \u00een perioada 19-24 iulie 2016. La manifestarea din acest an este a\u015fteptat \u015fi premierul ungar, Viktor Orb\u00e1n, informeaz\u0103 Agen\u0163ia ungar\u0103 de Pres\u0103 MTI.<!--more--><\/p>\n<p style=\"text-align: justify;\">Pre\u015fedintele Comisiei pentru politica extern\u0103 a Parlamentului Ungariei, Zsolt N\u00e9meth, a declarat la o conferin\u0163\u0103 de pres\u0103 sus\u0163inut\u0103 luni (4 iulie), la Budapesta, c\u0103 \u00een zilele noastre grani\u0163ele politicii externe \u015fi interne s-au diluat, iar aceasta are leg\u0103tur\u0103 cu faptul c\u0103 \u00een Europa s-a creat, se pare, o adev\u0103rat\u0103 situa\u0163ie de criz\u0103. Zsolt N\u00e9meth s-a referit, pe l\u00e2ng\u0103 migra\u0163ie, \u015fi la instinctul de imperiu al Rusiei, la faptul c\u0103 \u00eentre Rusia \u015fi Ucraina exist\u0103 o situa\u0163ie permanent conflictual\u0103, la toate acestea ad\u0103ug\u00e2ndu-se \u015fi \u201cBrexit\u201d-ul. Dintre acestea ar fi suficient\u0103 \u015fi o singur\u0103 problem\u0103, \u00eens\u0103 toate acestea se adun\u0103, respectiv \u00eentre ele se formeaz\u0103 o corela\u0163ie cauz\u0103-efect. Iar efectul, per ansamblu, este c\u0103 \u00een Europa aceste fenomene genereaz\u0103 team\u0103 \u00een r\u00e2ndurile oamenilor, care a devenit general\u0103, a afimat oficialul ungar.<\/p>\n<p style=\"text-align: justify;\">\u00cen opinia sa, Comisia European\u0103 nu a reu\u015fit s\u0103 identifice un r\u0103spuns potrivit \u015fi \u00eencearc\u0103 s\u0103 reglementeze situa\u0163ia cu o atitudine agresiv\u0103 \u015fi prin \u015fantaj. Potrivit societ\u0103\u0163ii ungare, aceasta reprezint\u0103 un r\u0103spuns negativ, a precizat Zsolt N\u00e9meth, care a ad\u0103ugat: Viitorul Ungariei este inseparabil de viitorul Uniunii Europene, dar este neap\u0103rat\u0103 nevoie de schimbare. De aceea spune societatea ungar\u0103 NU la provocarea fricii, precum \u015fi la amenin\u0163\u0103ri. Despre aceste aspecte va fi vorba \u015fi la referendumul din aceast\u0103 toamn\u0103. Votul popula\u0163iei nu se va referi la statutul Ungariei de membr\u0103 a UE, a subliniat Zsolt N\u00e9meth, care ar vota cu DA referitor la statutul Ungariei \u00een UE.<\/p>\n<p style=\"text-align: justify;\">Pre\u015fedintele Comisiei pentru politic\u0103 extern\u0103 a Legislativului ungar a mai precizat c\u0103 maghiarii de dincolo de grani\u0163ele Ungariei sunt de acord cu aceast\u0103 imagine de viitor, iar cu mai multe \u0163\u0103ri central-europene s-a reu\u015fit s\u0103 se ajung\u0103 la un numitor comun \u00een acest sens.<\/p>\n<p style=\"text-align: justify;\">Referitor la Universitatea de Var\u0103 de la B\u0103ile Tu\u015fnad, Zsolt N\u00e9meth a spus c\u0103 secretul succesului acestui eveniment este c\u0103 \u00een perioada de var\u0103 se formeaz\u0103 un aliaj \u00eentre caracterul de universitate \u015fi cel de festival al taberei. Potrivit politicianului ungar, aceast\u0103 tab\u0103r\u0103 este locul unui &#8220;brainstorming&#8221; \u00een domeniul politicii na\u0163ionale, ceea ce poate fi considerat timp de o s\u0103pt\u0103mn\u0103 drept o consf\u0103tuire permanent\u0103 maghiar\u0103. \u00cen acest an, \u00een tab\u0103ra de la B\u0103ile Tu\u015fnad sunt a\u015ftepta\u0163i liderii grupurilor parlamentare \u015fi pre\u015fedin\u0163ii partidelor maghiare de dincolo de grani\u0163ele Ungariei.<\/p>\n<p style=\"text-align: justify;\">La r\u00e2ndul s\u0103u, pre\u015fedintele Partidului Popular Maghiar din Transilvania (PPMT), Tibor T. Tor\u00f3, a declarat c\u0103 tab\u0103ra de var\u0103 nu a renun\u0163at la scopurile sale definite acum peste un sfert de secol. Printre obiectivele taberei, Tibor T. Tor\u00f3 a amintit faptul c\u0103 nu s-a modificat nici scara de valori. Programele privind politica na\u0163ional\u0103 vor avea loc \u00een trei tabere, iar mai multe programe se vor referi la autonomie, a mai spus pre\u015fedintele PPMT, aun\u0163\u00e2nd c\u0103 premierul ungar Viktor Orb\u00e1n va fi \u015fi \u00een acest an oaspetele taberei.<\/p>\n<p style=\"text-align: justify;\">\u00a0Traducerea: P\u00e9terffy T\u00fcnde<\/p>\n<p style=\"text-align: justify;\">Foto: www.utazzerdelybe.hu<\/p>\n","protected":false},"excerpt":{"rendered":"<p>&#8220;Am fost, suntem \u015fi vom fi acas\u0103 \u00een Europa!&#8221; &#8211; acesta este mottoul din acest an al celei de-a XXVII-a edi\u0163ii a Universit\u0103\u0163ii <\/p>\n","protected":false},"author":1,"featured_media":1660,"comment_status":"open","ping_status":"open","sticky":false,"template":"","format":"standard","meta":{"footnotes":""},"categories":[1],"tags":[],"class_list":["post-1659","post","type-post","status-publish","format-standard","has-post-thumbnail","hentry","category-fara-categorie"],"_links":{"self":[{"href":"https:\/\/hatarok-nelkul.com\/ro\/index.php?rest_route=\/wp\/v2\/posts\/1659","targetHints":{"allow":["GET"]}}],"collection":[{"href":"https:\/\/hatarok-nelkul.com\/ro\/index.php?rest_route=\/wp\/v2\/posts"}],"about":[{"href":"https:\/\/hatarok-nelkul.com\/ro\/index.php?rest_route=\/wp\/v2\/types\/post"}],"author":[{"embeddable":true,"href":"https:\/\/hatarok-nelkul.com\/ro\/index.php?rest_route=\/wp\/v2\/users\/1"}],"replies":[{"embeddable":true,"href":"https:\/\/hatarok-nelkul.com\/ro\/index.php?rest_route=%2Fwp%2Fv2%2Fcomments&post=1659"}],"version-history":[{"count":1,"href":"https:\/\/hatarok-nelkul.com\/ro\/index.php?rest_route=\/wp\/v2\/posts\/1659\/revisions"}],"predecessor-version":[{"id":1661,"href":"https:\/\/hatarok-nelkul.com\/ro\/index.php?rest_route=\/wp\/v2\/posts\/1659\/revisions\/1661"}],"wp:featuredmedia":[{"embeddable":true,"href":"https:\/\/hatarok-nelkul.com\/ro\/index.php?rest_route=\/wp\/v2\/media\/1660"}],"wp:attachment":[{"href":"https:\/\/hatarok-nelkul.com\/ro\/index.php?rest_route=%2Fwp%2Fv2%2Fmedia&parent=1659"}],"wp:term":[{"taxonomy":"category","embeddable":true,"href":"https:\/\/hatarok-nelkul.com\/ro\/index.php?rest_route=%2Fwp%2Fv2%2Fcategories&post=1659"},{"taxonomy":"post_tag","embeddable":true,"href":"https:\/\/hatarok-nelkul.com\/ro\/index.php?rest_route=%2Fwp%2Fv2%2Ftags&post=1659"}],"curies":[{"name":"wp","href":"https:\/\/api.w.org\/{rel}","templated":true}]}}