{"id":1675,"date":"2016-07-18T23:41:33","date_gmt":"2016-07-18T20:41:33","guid":{"rendered":"http:\/\/hatarok-nelkul.com\/ro\/?p=1675"},"modified":"2016-07-18T23:41:55","modified_gmt":"2016-07-18T20:41:55","slug":"zsolt-semjen-pana-in-prezent-850-de-mii-de-maghiari-din-afara-granitelor-ungariei-au-obtinut-cetatenie-ungara","status":"publish","type":"post","link":"https:\/\/hatarok-nelkul.com\/ro\/?p=1675","title":{"rendered":"Zsolt Semj\u00e9n &#8211; P\u00e2n\u0103 \u00een prezent 850 de mii de maghiari din afara grani\u0163elor Ungariei au ob\u0163inut cet\u0103\u0163enie ungar\u0103"},"content":{"rendered":"<p style=\"text-align: justify;\"><a href=\"https:\/\/hatarok-nelkul.com\/ro\/wp-content\/uploads\/2016\/07\/semjen.jpg\"><img loading=\"lazy\" decoding=\"async\" class=\"alignleft size-thumbnail wp-image-1676\" alt=\"semjen\" src=\"https:\/\/hatarok-nelkul.com\/ro\/wp-content\/uploads\/2016\/07\/semjen-150x150.jpg\" width=\"150\" height=\"150\" \/><\/a>\u00cen ultimii \u015fase ani, peste 850 de mii de maghiari din afara grani\u0163elor Ungariei au ob\u0163inut cet\u0103\u0163enie ungar\u0103 prin procedura simplificat\u0103, a anun\u0163at vicepremierul Zsolt Semj\u00e9n, la o conferin\u0163\u0103 de pres\u0103 sus\u0163inut\u0103 \u00een cadrul taberei de var\u0103 organizate de Uniunea Tineretului Cre\u015ftin-Democrat (IKSZ), la Kisv\u00e1rda, jude\u0163ul Szabolcs-Szatm\u00e1r-Bereg (Ungaria), citat de Agen\u0163ia ungar\u0103 de Pres\u0103 MTI.<!--more--><\/p>\n<p style=\"text-align: justify;\">\u00cen cadrul procesului simplificat au depus sau vor depune \u00een aceste zile jur\u0103m\u00e2ntul de credin\u0163\u0103 fa\u0163\u0103 de Ungaria 780 de mii de maghiari din afara grani\u0163elor Ungariei. De asemenea, au fost respinse 23 de mii cereri, ceea ce demonstreaz\u0103 disciplina sever\u0103 a adminsitra\u0163iei de stat, a men\u0163ionat politicianul cre\u015ftin-democrat.<\/p>\n<p style=\"text-align: justify;\">La conferin\u0163a de pres\u0103 sus\u0163inut\u0103 \u00een comun cu reprezentan\u0163ii maghiarilor din afara grani\u0163elor Ungariei, Zsolt Semj\u00e9n a lansat un apel maghiarilor care au ob\u0163inut cet\u0103\u0163enia ungar\u0103, dar care nu au renun\u0163at la cet\u0103\u0163enia rom\u00e2n\u0103, s\u0103 participe la alegerile parlamentare care vor fi oganizate la sf\u00e2r\u015fitul acestui an, \u00een Rom\u00e2nia. Cei aproximativ trei milioane de cet\u0103\u0163eni rom\u00e2ni care lucreaz\u0103 \u00een Europa de Vest \u00ee\u015fi pot exprima votul prin coresponden\u0163\u0103, iar absen\u0163a de la vot a acestora ar putea s\u0103 aib\u0103 un impact serios asupra reprezent\u0103rii intereselor comunit\u0103\u0163ii maghiare din Rom\u00e2nia. &#8220;Dup\u0103 ce am devenit f\u0103r\u0103 voia noastr\u0103 o na\u0163iune mondial\u0103, nu putem s\u0103 fim indiferen\u0163i fa\u0163\u0103 de ceea ce se \u00eent\u00e2mpl\u0103, din punctul de vedere al maghiarilor, \u00een \u0163\u0103rile din jurul nostru, a subliniat vicepremierul ungar, care a reiterat c\u0103 este important ca at\u00e2t maghiarii cu dubl\u0103 cet\u0103\u0163enie, c\u00e2t \u015fi rom\u00e2nii din Ungaria, care \u015fi-au p\u0103strat \u015fi cet\u0103\u0163enia rom\u00e2n\u0103, s\u0103 participe la scrutin.<\/p>\n<p style=\"text-align: justify;\">Pre\u015fedintele Uniunii Democrate Maghiare din Rom\u00e2nia, Hunor Kelemen, a declarat la conferin\u0163a de pres\u0103 c\u0103 dup\u0103 alegerile locale la care aceast\u0103 forma\u0163iune politic\u0103 a ob\u0163inut mai multe succese, este important\u0103 men\u0163inerea reprezent\u0103rii parlamentare a maghiarilor din Transilvania, deoarece for\u0163a autorit\u0103\u0163ilor locale ar putea fi dublat\u0103 dac\u0103 va fi sus\u0163inut\u0103 de un grup parlamentar. \u00cen vederea exercit\u0103rii votului prin corespnden\u0163\u0103, introdus de Guvernul de la Bucure\u015fti, cet\u0103\u0163enii cu drept de vot din str\u0103in\u0103tate trebuie s\u0103 se \u00eenregistreze, iar UDMR \u00eei \u00eendeamn\u0103 pe to\u0163i cei \u00een cauz\u0103 ca \u00een lunile care urmeaz\u0103 s\u0103 se \u00eenregistreze prin intermediul internetului, pentru a participa la votul prin coresponden\u0163\u0103. Hunor Kelemen a mai men\u0163ionat c\u0103 detaliile tehnice ale votului vor fi publicate, cu ajutorul Guvernului ungar, \u00een mass-media de limb\u0103 maghiar\u0103, pentru informarea maghiarilor cu cet\u0103\u0163enie rom\u00e2n\u0103.<\/p>\n<p style=\"text-align: justify;\">Sursa: MTI<\/p>\n<p style=\"text-align: justify;\">Traducerea: Sz\u00e9kely D\u00e9nes<\/p>\n<p>Foto: www.szatmar.ro<\/p>\n<p>&nbsp;<\/p>\n","protected":false},"excerpt":{"rendered":"<p>\u00cen ultimii \u015fase ani, peste 850 de mii de maghiari din afara grani\u0163elor Ungariei au ob\u0163inut cet\u0103\u0163enie ungar\u0103 prin procedura simplificat\u0103, a anun\u0163at <\/p>\n","protected":false},"author":1,"featured_media":1676,"comment_status":"open","ping_status":"open","sticky":false,"template":"","format":"standard","meta":{"footnotes":""},"categories":[1],"tags":[],"class_list":["post-1675","post","type-post","status-publish","format-standard","has-post-thumbnail","hentry","category-fara-categorie"],"_links":{"self":[{"href":"https:\/\/hatarok-nelkul.com\/ro\/index.php?rest_route=\/wp\/v2\/posts\/1675","targetHints":{"allow":["GET"]}}],"collection":[{"href":"https:\/\/hatarok-nelkul.com\/ro\/index.php?rest_route=\/wp\/v2\/posts"}],"about":[{"href":"https:\/\/hatarok-nelkul.com\/ro\/index.php?rest_route=\/wp\/v2\/types\/post"}],"author":[{"embeddable":true,"href":"https:\/\/hatarok-nelkul.com\/ro\/index.php?rest_route=\/wp\/v2\/users\/1"}],"replies":[{"embeddable":true,"href":"https:\/\/hatarok-nelkul.com\/ro\/index.php?rest_route=%2Fwp%2Fv2%2Fcomments&post=1675"}],"version-history":[{"count":2,"href":"https:\/\/hatarok-nelkul.com\/ro\/index.php?rest_route=\/wp\/v2\/posts\/1675\/revisions"}],"predecessor-version":[{"id":1678,"href":"https:\/\/hatarok-nelkul.com\/ro\/index.php?rest_route=\/wp\/v2\/posts\/1675\/revisions\/1678"}],"wp:featuredmedia":[{"embeddable":true,"href":"https:\/\/hatarok-nelkul.com\/ro\/index.php?rest_route=\/wp\/v2\/media\/1676"}],"wp:attachment":[{"href":"https:\/\/hatarok-nelkul.com\/ro\/index.php?rest_route=%2Fwp%2Fv2%2Fmedia&parent=1675"}],"wp:term":[{"taxonomy":"category","embeddable":true,"href":"https:\/\/hatarok-nelkul.com\/ro\/index.php?rest_route=%2Fwp%2Fv2%2Fcategories&post=1675"},{"taxonomy":"post_tag","embeddable":true,"href":"https:\/\/hatarok-nelkul.com\/ro\/index.php?rest_route=%2Fwp%2Fv2%2Ftags&post=1675"}],"curies":[{"name":"wp","href":"https:\/\/api.w.org\/{rel}","templated":true}]}}