{"id":1695,"date":"2016-07-23T21:39:51","date_gmt":"2016-07-23T18:39:51","guid":{"rendered":"http:\/\/hatarok-nelkul.com\/ro\/?p=1695"},"modified":"2016-07-23T21:40:10","modified_gmt":"2016-07-23T18:40:10","slug":"tusvanyos-2016-am-fost-suntem-si-vom-fi-acasa-in-europa","status":"publish","type":"post","link":"https:\/\/hatarok-nelkul.com\/ro\/?p=1695","title":{"rendered":"Tusv\u00e1nyos 2016: \u201cAm fost, suntem \u015fi vom fi acas\u0103 \u00een Europa!\u201d"},"content":{"rendered":"<p style=\"text-align: justify;\"><a href=\"https:\/\/hatarok-nelkul.com\/ro\/wp-content\/uploads\/2016\/07\/tusvanyos.jpg\"><img loading=\"lazy\" decoding=\"async\" class=\"alignleft size-thumbnail wp-image-1696\" alt=\"tusvanyos\" src=\"https:\/\/hatarok-nelkul.com\/ro\/wp-content\/uploads\/2016\/07\/tusvanyos-150x150.jpg\" width=\"150\" height=\"150\" \/><\/a>Edi\u0163ia a 27 a Universit\u0103\u0163ii de Var\u0103 \u015fi Tab\u0103ra Studen\u0163easc\u0103 de la B\u0103ile Tu\u015fnad \u00a0a fost organizat\u0103 \u00een acest an, \u00een perioad\u0103 19-24 iulie, de Funda\u0163ia Pentru Minorit\u0103\u0163i &#8211; Pro Minoritate din Budapesta \u015fi Consiliul Tineretului Maghiar din Rom\u00e2nia \u2013 Cluj, sub motoul: \u201cAm fost, suntem \u015fi vom fi acas\u0103 \u00een Europa!\u201d<\/p>\n<p style=\"text-align: justify;\">Motoul Universit\u0103\u0163ii de Var\u0103 Tusv\u00e1nyos s-a referit la unele subiecte actuale pe scena politic\u0103 european\u0103, cum ar fi identitatea cre\u015ftin\u0103 european\u0103, locul Europei Centrale \u015fi de Est, viitorul Uniunii Europene, fenomenul migra\u0163ionist, pericolul pe care-l reprezint\u0103 terorismul sau Brexit-ul.\u00a0 La acest forum, pe l\u00e2ng\u0103 al\u0163i invita\u0163i, \u015fi \u00een acest an au fost prezen\u0163i mai mul\u0163i reprezentan\u0163i ai Guvernului Ungariei. <!--more--><\/p>\n<p style=\"text-align: justify;\">\u00cen cadrul expozeului sus\u0163inut la Universitatea de Var\u0103 \u015fi Tab\u0103r\u0103 Studen\u0163easc\u0103 de la B\u0103ile Tu\u015fnad, secretarul de stat pentru politic\u0103 na\u0163ional\u0103, <b>\u00c1rp\u00e1d J\u00e1nos Pot\u00e1pi<\/b>, a vorbit despre posibilit\u0103\u0163ile create pentru \u00eentreprinz\u0103torii maghiari din afara grani\u0163elor Ungariei.<\/p>\n<p style=\"text-align: justify;\">P\u00e2n\u0103 \u00een prezent, aproximativ 1.400 de \u00eentreprinz\u0103tori tineri maghiari din afara grani\u0163elor Ungariei au manifestat interes fa\u0163\u0103 de Programul anului tematic din acest an, din care 964 s-au \u00eenscris \u00een aceast\u0103 competi\u0163ie pentru care s-au alocat 525 de milioane de forin\u0163i, a declarat \u00c1rp\u00e1d J\u00e1nos Pot\u00e1pi. Secretarul de stat a precizat: Tinerii provin din aproape toate domeniile economiei, cei mai mul\u0163i fiind din agricultur\u0103 \u015fi din sectorul de produc\u0163ie, precum \u015fi din industria serviciilor, din domeniul comer\u0163ului, turismului, din sectorul restaurantelor \u015fi hotelier, dar un interes mare a fost menifestat \u015fi din domeniul design-ului, al organiz\u0103rii unor manifest\u0103ri \u015fi al gastronomiei.<\/p>\n<p style=\"text-align: justify;\">\u00c1rp\u00e1d J\u00e1nos Pot\u00e1pi a mai men\u0163ionat c\u0103 964 de tineri concureaz\u0103 pentru ob\u0163inerea unei finan\u0163\u0103ri nerambursabile \u00een valoare de 3-6 milioane de forin\u0163i fiecare, alocate din fondul de finan\u0163are, \u00een valoare total\u0103 de 525 de milioane de forin\u0163i. Dintre ace\u015fti tineri, 510 au venit din Transilvania, 154 din Voivodina, 146 din Slovacia, 138 din Transcarpatia, \u015fapte din Croa\u0163ia \u015fi nou\u0103 din Slovenia. Potrivit secretarului de stat, autorit\u0103\u0163ile ungare se a\u015fteapt\u0103 ca num\u0103rul c\u00e2\u015ftig\u0103torilor s\u0103 fie \u00eentre 110 \u015fi130, din care jum\u0103tate ar putea fi din Transilvania.<\/p>\n<p style=\"text-align: justify;\">La forumul de la B\u0103ile Tu\u015fnad a avut loc o mas\u0103 rotund\u0103 despre consolidarea con\u015ftiin\u0163elor regionale europene la care au participat politiceni \u015fi exper\u0163i din regiunea Flamand\u0103, din \u0162ara Bascilor, din Bavaria, din regiunea Cornwal, din sudul Angliei, precum \u015fi din Transilvania.<\/p>\n<p style=\"text-align: justify;\">Directorul Alian\u0163ei Libere Europene (EFA), <b>G\u00fcnther Dauwen<\/b>, a declarat, ar\u0103t\u00e2nd spre tricoul pe care \u00eel purta \u015fi pe care scria &#8220;\u0162inut Secuiesc &#8211; \u00een curs de dezvoltare&#8221; (Sekler land &#8211; under construction), c\u0103 multe regiuni din Europa doresc s\u0103 ob\u0163in\u0103 o mai mare autonomie.<\/p>\n<p style=\"text-align: justify;\">\u00cen opinia sa, referendumul care a avut loc recent \u00een Marea Britanie, cu privire la ie\u015firea acestei \u0163\u0103ri din Uniunea European\u0103, ar putea accelera dorin\u0163a de independen\u0163\u0103.<\/p>\n<p style=\"text-align: justify;\">\u00a0Pre\u015fedintele Partidului Popular Maghiar din Transilvania (PPMT), <b>Zsolt Szil\u00e1gyi<\/b>, a declarat c\u0103 Uniunea European\u0103 \u015fi statele membre ar trebui s\u0103 \u00ee\u015fi dea seama c\u0103 toat\u0103 lumea va fi mai puternic\u0103 prin consolidarea comunit\u0103\u0163ilor \u015fi a regiunilor.<\/p>\n<p style=\"text-align: justify;\">Avocatul poporului pentru drepturi \u00een domeniul educa\u0163iei din Ungaria, <b>Lajos A\u00e1ry-Tam\u00e1s<\/b>, consider\u0103 c\u0103 universit\u0103\u0163ile care se confrunt\u0103 cu diminuarea num\u0103rului cursan\u0163ilor \u015fi-ar putea \u00eembun\u0103t\u0103\u0163ii situa\u0163ia economic\u0103 precar\u0103 printr-o deschidere spre \u00eenv\u0103\u0163\u0103m\u00e2ntul pentru adul\u0163i. Oficialul ungar \u015fi-a expus viziunea la o mas\u0103 rotund\u0103 pe tema \u00eenv\u0103\u0163\u0103m\u00e2ntului superior din Bazinul Carpatic, care a fost organizat\u0103 tot \u00een cadrul Universit\u0103\u0163ii de Var\u0103 \u015fi Tab\u0103r\u0103 Studen\u0163easc\u0103 Tusv\u00e1nyos, de la B\u0103ile Tu\u015fnad.<\/p>\n<p style=\"text-align: justify;\">Lajos A\u00e1ry-Tam\u00e1s a subliniat: Azi, universit\u0103\u0163ile intr\u0103 \u00een concuren\u0163\u0103 unele cu celelalte \u00een impulsionarea genera\u0163iilor care termin\u0103 studiile liceale pentru a se \u00eenscrie la facult\u0103\u0163i. Dar, dac\u0103 ar stimula \u015fi genera\u0163ia mai v\u00e2rstnic\u0103 doritoare s\u0103 \u00eenve\u0163e ar exista posibilitatea pentru identificarea unor cursan\u0163i care sunt mai motiva\u0163i fa\u0163\u0103 de tineri \u015fi care ar fi dispu\u0219i s\u0103 pl\u0103teasc\u0103 pentru acumularea cuno\u015ftin\u0163elor. \u00cen opinia lui Lajos A\u00e1ry-Tam\u00e1s, nu se poate pune sub semnul \u00eentreb\u0103rii c\u0103 Ungaria trebuie s\u0103 sprijine \u00eenv\u0103\u0163\u0103m\u00e2ntul superior din Bazinul Carpatic.<\/p>\n<p style=\"text-align: justify;\">Rectorul \u015ecolii Superioare R\u00e1k\u00f3czi Ferenc al II-lea, din Transcarpatia, <b>Ildik\u00f3 Orosz<\/b>, a spus, printre altele, c\u0103 de la an la an se \u00eenscriu tot mai mul\u0163i tineri din Ucraina \u00een aceast\u0103 institu\u0163ie de \u00eenv\u0103\u0163\u0103m\u00e2nt, iar scopul \u00een perspectiv\u0103 al acestora este s\u0103 se stabilesc\u0103 \u00een Ungaria. \u00cen opinia rectorului, acest fenomen nu este at\u00e2t de r\u0103u, deoarece \u015fi Ungaria trebuie s\u0103 \u00eei completeze pe cei care pleac\u0103 din \u0163ar\u0103.<\/p>\n<p style=\"text-align: justify;\">Prorectorul Universit\u0103\u0163ii Babe\u0219-Bolyai<b>, B\u00e1lint Mark\u00f3<\/b>, a men\u0163ionat c\u0103 tinerii nu pleac\u0103 numai spre Occident. Este un fenomen faptul c\u0103 unii copii ai p\u0103rin\u0163ilor care au plecat mai demult din Rom\u00e2nia spre Europa de Vest acum se \u00eentorc pentru a studia la universit\u0103\u0163ile rom\u00e2ne\u015fti, a subliniat Balint Marko.<\/p>\n<p style=\"text-align: justify;\">Rectorul Universit\u0103\u0163ii Cre\u015ftine Partium, <b>G\u00e1bor Flora<\/b>, \u015fi-a exprimat nemul\u0163umirea sa pentru c\u0103 statul rom\u00e2n \u00eenc\u0103 nu contribuie la sus\u0163inerea Universit\u0103\u0163ii Cre\u015ftine Partium \u015fi a Universit\u0103\u0163ii Sapentia din Transilvania, \u00een condi\u0163iile \u00een care acestea sunt institu\u0163ii publice destinate maghiarilor din Transilvania, pl\u0103titori de impozite.<\/p>\n<p style=\"text-align: justify;\">Comentatori de cealalt\u0103 parte afirm\u0103 \u00eens\u0103 c\u0103 universit\u0103\u0163ile statului rom\u00e2n sunt deschise tinerilor de etnie maghiar\u0103, exist\u00e2nd linii de studiu \u00een limba maghiar\u0103 pentru toate specializ\u0103rile la institu\u0163iile de \u00eenv\u0103\u0163\u0103m\u00e2nt superior din Transilvania. \u00cen plus, nicio universitate particular\u0103 din Rom\u00e2nia nu este sprijinit\u0103 de stat, impozitarea acestora pentru veniturile ob\u0163inute nefiind un criteriu nic\u0103ieri \u00een Europa pentru preluarea cheltuielilor universit\u0103\u0163ilor de c\u0103tre stat.<\/p>\n<p style=\"text-align: justify;\">\u00a0De men\u0163ionat c\u0103 \u015ecoala Superioar\u0103 R\u00e1k\u00f3czi Ferenc al II-lea, din Transcarpatia, Universitatea Cre\u015ftin\u0103 Partium \u015fi Universitatea Sapientia din Transilvania sunt sus\u0163inute financiar de statul ungar.<\/p>\n<p style=\"text-align: justify;\">De asemenea, vorbitorii la o mas\u0103 rotund\u0103 care a avut loc vineri \u00een cadrul Universit\u0103\u0163ii de Var\u0103 \u015fi Tab\u0103r\u0103 Studen\u0163easc\u0103 Tusvanyos, de la B\u0103ile Tu\u015fnad, au exprimat opinii diferite \u00een privin\u0163a efectului evolu\u0163iei politicii mondiale din ultima perioad\u0103 asupra n\u0103zuin\u0163elor de autonomie, respectiv dac\u0103 aceste evolu\u0163ii ajut\u0103 sau \u00eempiedica \u00eendeplinirea n\u0103zuin\u0163elor de autonomie ale comunit\u0103\u0163ilor maghiare.<\/p>\n<p style=\"text-align: justify;\">Potrivit pre\u015fedintelui Institutului de Cercetare a Strategiei Na\u0163ionale, <b>Jen\u0151 Sz\u00e1sz<\/b>, chestiunea privind minorit\u0103\u0163ile na\u0163ionale autohtone a ajuns pe planul secundar din cauza crizei migra\u0163iei, dar cre\u015fte valoarea regiunii central \u015fi est-europene, iar cooperarea \u00eentre \u0163\u0103rile regiunii va face posibil\u0103 declan\u015farea dialogului referitor la autonomia comunit\u0103\u0163ilor na\u0163ionale.<\/p>\n<p style=\"text-align: justify;\">Comisarul ministerial pentru politic\u0103 de vecin\u0103tate a \u00een Ministerul ungar de Externe, <b>Ferenc Ka<\/b><b>lm\u00e1r<\/b>, consider\u0103, \u00een schimb, c\u0103 aceast\u0103 perioad\u0103 \u00eencepe s\u0103 fie dominat\u0103 de &#8220;politica fricii&#8221;, perioad\u0103 \u00een care pot fi suspendate sub presiunea terorismului \u015fi a migra\u0163iei anumite drepturi democratice.<\/p>\n<p style=\"text-align: justify;\">\u00cen cadrul edi\u0163iei 27 a Universit\u0103\u0163ii de Var\u0103 \u015fi Tab\u0103r\u0103 Studen\u0163easc\u0103 Tusv\u00e1nyos, de la B\u0103ile Tu\u015fnad, a fost organizat\u0103, conform tradi\u0163iei, \u015fi masa rotund\u0103 pe tema politicii na\u0163ionale, la care au participat opt lideri ai partidelor maghiare din Bazinul Carpatic.<\/p>\n<p style=\"text-align: justify;\">Moderatorul dezbaterii a fost expertul ungar \u00een domeniul politicii na\u0163ionale, <b>R\u00e9p\u00e1s Zsuzsanna<\/b>, care la \u00eenceputul forumului a declarat: Liderii ale\u015fi ai maghiarilor din Bazinul Carpatic au condamnat, printr-o declara\u0163ie comun\u0103, &#8220;politica gresit\u0103 a UE privind migra\u0163ia \u015fi colonizarea for\u0163at\u0103 a imigran\u0163ilor&#8221; \u015fi i-au \u00eendemnat pe maghiari la solidarizare \u015fi s\u0103 participe la referendum. Secretarul de stat pentru politica na\u0163ional\u0103, <b>J\u00e1nos \u00c1rp\u00e1d Pot\u00e1pi<\/b>, a apreciat c\u0103 dup\u0103 un declin temporar din anii trecu\u0163i, \u00een 2010 s-a produs o schimbare radical\u0103, cu rezultate importante \u00een politica na\u0163ional\u0103 a c\u0103rui scop este sus\u0163inerea d\u0103inuirii maghiarilor pe p\u0103m\u00e2ntul lor natal, diminuarea emigr\u0103rii \u015fi schimbarea \u00eentr-o direc\u0163ie pozitiv\u0103 a situa\u0163ei demografice.&#8221;Scopul este ca \u00een Bazinul Carpatic s\u0103 se nasc\u0103 tot mai mul\u0163i copii maghiari, ca acestor copii s\u0103 li se confere o puternic\u0103 con\u015ftiin\u0163\u0103 de identitate, precum \u015fi cre\u015fterea \u00een urm\u0103toarele decenii a unui tineret maghiar, cet\u0103\u0163eni maghiari, care vor izbuti pe p\u0103m\u00e2ntul lor natal&#8221;, a subliniat secretarul de stat.<\/p>\n<p style=\"text-align: justify;\">Pre\u015fedintele Uniunii Culturale Maghiare din Transcarpatia (KMKSZ), <b>L\u00e1szl\u00f3 Brenzovics<\/b>, a declarat c\u0103 drepturile minorit\u0103\u0163ilor nu pot fi asigurate cu tancuri. Dup\u0103 ce Ucraina a luat o decizie cu serioase consecin\u0163e, respectiv c\u0103 nu dore\u015fte o apropiere de &#8220;imperiul rusesc&#8221;, ci de Uniunea European\u0103, pentru cet\u0103\u0163enii din Ucraina \u00eenc\u0103 nu a fost ridicat\u0103 obligativitatea vizelor, \u00een timp ce milioane de imigran\u0163i care vin f\u0103r\u0103 acte sunt l\u0103sa\u0163i s\u0103 intre \u00een Spa\u0163iul Schengen, a subliniat <b>L\u00e1szl\u00f3 Brenzovics<\/b>. Pre\u015fedintele Uniunii Maghiare din Voivodina (VMSZ), Istv\u00e1n P\u00e1sztor, a declarat: Este inadmisibil ca &#8220;\u00een final, locul de parcare&#8221; al imigran\u0163ilor de care nu are nevoie pia\u0163a for\u0163ei de munc\u0103 din Germania s\u0103 fie Ungaria sau Voivodina. Pre\u015fedintele VMSZ a mul\u0163umit Guvernului ungar pentru sprijinul oferit pentru p\u0103strarea identit\u0103\u0163ii maghiarilor din Voivodina \u015fi pentru declan\u015farea programului de dezvoltare economic\u0103 menit s\u0103 contribuie la d\u0103nuirea pe p\u0103m\u00e2ntul natal a maghiarilor.<\/p>\n<p style=\"text-align: justify;\">Noul pre\u015fedinte al Partidului Comunit\u0103\u0163ii Maghiare din Slovacia (MKP), <b>J\u00f3zsef Menyh\u00e9rt<\/b>, a precizat: Cu toate c\u0103 MKP nu a ob\u0163inut nici un mandat parlamentar, politica promovat\u0103 de acest partid are viitor. Scopul MKP nu este \u00eenvingerea altora, ci edificarea comunit\u0103\u0163ii maghiare. La aceast\u0103 mas\u0103 rotund\u0103, din Transilvania au fost reprezentate cele tei forma\u0163iuni politice maghiare care au participat \u00een mod sistematic la alegeri. Pre\u015fedintele Partidului Civic Maghiar (PCM), <b>Zsolt Bir\u00f3<\/b>, a afirmat c\u0103 se preg\u0103tesc pentr negocieri cu Uniunea Democrat\u0103 Maghiar\u0103 din Transilvania pentru a desemna liste comune la alegerile parlamentare din acest an.<\/p>\n<p style=\"text-align: justify;\">Pre\u015fedintele grupului parlamentar din Senat al UDMR, <b>Barna T\u00e1nczos,<\/b> a declarat c\u0103 Rom\u00e2nia a protestat \u00eempotriva sistemului cotelor obligatorii doar la nivel de principiu, astfel c\u0103 va fi sarcina politicienilor maghiari din Transilvania \u00a0con\u015ftientizarea mizei particip\u0103rii la referendum privind sistemul de cote obligatorii. Referitor la miza alegerilor din Rom\u00e2nia, Barna T\u00e1nczos a precizat: Rom\u00e2nia se preg\u0103te\u015fte s\u0103 modifice Constitu\u0163ia \u015fi pentru alc\u0103tuirea regiunilor, iar \u00een acest context este interesul elementar al maghiarilor de a influen\u0163a prin reprezentan\u0163ii lor aceste decizii. Pre\u015fedintele Partidului Popular Maghiar din Transilvania (PPMT), <b>Zsolt Szil\u00e1gyi<\/b>, a sus\u0163inut c\u0103 prin acest referendum nu numai Ungaria, dar \u00eentreaga na\u0163iune maghiar\u0103 va transmite un mesaj Bruxelles-ului, \u015fi de acea este important ca maghiari care au ob\u0163inut cet\u0103\u0163enie ungar\u0103 s\u0103 participe \u00eentr-un num\u0103r mare la vot. \u00cen vederea rec\u00e2\u015ft\u0103g\u0103rii \u00eencrederii electoratului maghiar din Transilvania, care \u00eentr-un procent de 70% a \u00eentors spatele politicii, este important ca reprezentan\u0163ii maghiarilor s\u0103 nu se implice \u00een acte de corup\u0163ie.<\/p>\n<p style=\"text-align: justify;\">La forumul de B\u0103ile Tu\u015fnad a fost abordat\u0103 \u015fi subiectul privind dezvoltarea rela\u0163iilor agrare \u00eentre maghiarii de dincolo de grani\u0163ele Ungariei. Potrivit Ministerului ungar al Agriculturii, dezvoltarea rela\u0163iilor agrare \u00eentre maghiarii de dincolo de grani\u0163ele Ungariei este o sarcin\u0103 important\u0103, a declarat la forumul de la B\u0103ile Tu\u015fnad secretarul de stat al acestui minister, Istv\u00e1n Nagy.<\/p>\n<p style=\"text-align: justify;\">Comunicatul Ministerului ungar al Agriculturii men\u0163ioneaz\u0103 c\u0103 ministerul a alocat 45 de milioane de forin\u0163i, \u00een 2015, pentru sus\u0163inerea programelor mai importante, implementate de organiza\u0163iile partenere ale maghiarilor de dincolo de grani\u0163ele Ungariei. Istv\u00e1n Nagy a subliniat c\u0103 \u00een interesul edific\u0103rii unui viitor unitar al maghiarilor din Bazinul Carpatic, Ministerul ungar al Agriculturii \u00a0a \u00eenceput din 2012 s\u0103 contribuie la dezvoltarea rela\u0163iilor agrare \u00eentre maghiarii din afara grani\u0163elor Ungariei. Ministerul a sprijint \u00eenfiin\u0163area unor organiza\u0163ii agrare din Slovacia, Slovenia, Croa\u0163ia, Partium \u015fi Transilvania. De men\u0163ionat c\u0103 70% din maghiarii de dincolo de grani\u0163ele Ungariei tr\u0103iesc \u00een mediul rural, din care aproximativ o treime desf\u0103\u015foar\u0103 par\u0163ial sau integral o activitate \u00een domeniul agriculturii, din care \u00ee\u015fi \u00eentre\u0163in familiile.<\/p>\n<p style=\"text-align: justify;\">Traducerea: Redac\u0163ia<\/p>\n<p style=\"text-align: justify;\">Sursa: mass-media din Ungaria<\/p>\n<p style=\"text-align: justify;\">Foto:www.programtirizmus.hu<\/p>\n<p>&nbsp;<\/p>\n","protected":false},"excerpt":{"rendered":"<p>Edi\u0163ia a 27 a Universit\u0103\u0163ii de Var\u0103 \u015fi Tab\u0103ra Studen\u0163easc\u0103 de la B\u0103ile Tu\u015fnad \u00a0a fost organizat\u0103 \u00een acest an, \u00een perioad\u0103 19-24 <\/p>\n","protected":false},"author":1,"featured_media":1696,"comment_status":"open","ping_status":"open","sticky":false,"template":"","format":"standard","meta":{"footnotes":""},"categories":[1],"tags":[],"class_list":["post-1695","post","type-post","status-publish","format-standard","has-post-thumbnail","hentry","category-fara-categorie"],"_links":{"self":[{"href":"https:\/\/hatarok-nelkul.com\/ro\/index.php?rest_route=\/wp\/v2\/posts\/1695","targetHints":{"allow":["GET"]}}],"collection":[{"href":"https:\/\/hatarok-nelkul.com\/ro\/index.php?rest_route=\/wp\/v2\/posts"}],"about":[{"href":"https:\/\/hatarok-nelkul.com\/ro\/index.php?rest_route=\/wp\/v2\/types\/post"}],"author":[{"embeddable":true,"href":"https:\/\/hatarok-nelkul.com\/ro\/index.php?rest_route=\/wp\/v2\/users\/1"}],"replies":[{"embeddable":true,"href":"https:\/\/hatarok-nelkul.com\/ro\/index.php?rest_route=%2Fwp%2Fv2%2Fcomments&post=1695"}],"version-history":[{"count":2,"href":"https:\/\/hatarok-nelkul.com\/ro\/index.php?rest_route=\/wp\/v2\/posts\/1695\/revisions"}],"predecessor-version":[{"id":1698,"href":"https:\/\/hatarok-nelkul.com\/ro\/index.php?rest_route=\/wp\/v2\/posts\/1695\/revisions\/1698"}],"wp:featuredmedia":[{"embeddable":true,"href":"https:\/\/hatarok-nelkul.com\/ro\/index.php?rest_route=\/wp\/v2\/media\/1696"}],"wp:attachment":[{"href":"https:\/\/hatarok-nelkul.com\/ro\/index.php?rest_route=%2Fwp%2Fv2%2Fmedia&parent=1695"}],"wp:term":[{"taxonomy":"category","embeddable":true,"href":"https:\/\/hatarok-nelkul.com\/ro\/index.php?rest_route=%2Fwp%2Fv2%2Fcategories&post=1695"},{"taxonomy":"post_tag","embeddable":true,"href":"https:\/\/hatarok-nelkul.com\/ro\/index.php?rest_route=%2Fwp%2Fv2%2Ftags&post=1695"}],"curies":[{"name":"wp","href":"https:\/\/api.w.org\/{rel}","templated":true}]}}