{"id":1707,"date":"2016-07-28T22:10:49","date_gmt":"2016-07-28T19:10:49","guid":{"rendered":"http:\/\/hatarok-nelkul.com\/ro\/?p=1707"},"modified":"2016-07-28T22:11:08","modified_gmt":"2016-07-28T19:11:08","slug":"concluziile-din-punctul-de-vedere-al-organizatorilor-dupa-incheierea-universitatii-de-vara-tusvanyos","status":"publish","type":"post","link":"https:\/\/hatarok-nelkul.com\/ro\/?p=1707","title":{"rendered":"Concluziile din punctul de vedere al organizatorilor dup\u0103 \u00eencheierea Universit\u0103\u0163ii de Var\u0103 Tusv\u00e1nyos"},"content":{"rendered":"<p style=\"text-align: justify;\"><a href=\"https:\/\/hatarok-nelkul.com\/ro\/wp-content\/uploads\/2016\/07\/tusvanyos1.jpg\"><img loading=\"lazy\" decoding=\"async\" class=\"alignleft size-thumbnail wp-image-1708\" alt=\"tusvanyos\" src=\"https:\/\/hatarok-nelkul.com\/ro\/wp-content\/uploads\/2016\/07\/tusvanyos1-150x150.jpg\" width=\"150\" height=\"150\" \/><\/a>\u00cen perioada 19-24 iulie a avut loc Universitatea de Var\u0103 \u015fi Tab\u0103ra Studen\u0163easc\u0103 Tusv\u00e1nyos, de la B\u0103ile Tu\u015fnad. \u00cen ultima zi, \u00eenainte de febra concertului de s\u00e2mb\u0103t\u0103 seara, redactorii Tusv\u00e1nyos Press au realizat c\u00e2te un interviu cu unii organizatori \u015fi responsabili ai taberei. Din materialul lor am spicuit \u015fi noi c\u00e2teva idei.<\/p>\n<p style=\"text-align: justify;\">Astfel am aflat c\u0103 pre\u015fedintele Consiliului Administra\u0163iei Funda\u0163iei Pro Minoritate (unul dintre organizatorii taberei \u2013 n.r.), <strong>M\u00e1ria T\u00e1rnok<\/strong>, a vorbit cu m\u00e2ndrie \u015fi cu satisfac\u0163ie pentru faptul c\u0103 anul acesta forumul de la B\u0103ile Tu\u015fnad s-a \u00eembog\u0103\u0163it cu dou\u0103 noi corturi: Cortul muzicii populare Kriza J\u00e1nos \u015fi Cafeneaua Literar\u0103 Janus Pannonius, \u015fi pentru c\u0103 ambele corturi au avut un con\u0163inut valoros \u015fi foarte popular. \u00cen opinia sa, cea mai grea zi s-a dovedit a fi ziua de joi, c\u00e2nd la concertele de muzic\u0103 sus\u0163inute de forma\u0163ia Tankcsapda \u015fi de R\u00fazsa Magdi au venit 18 mii de oameni, \u00eens\u0103 datorit\u0103 muncii \u00een echip\u0103 \u015fi a coordon\u0103rii activit\u0103\u0163ii, aceast\u0103 mare mas\u0103 de oameni nu a reprezentat nici o problem\u0103.<!--more--><\/p>\n<p style=\"text-align: justify;\">La capitolul noutate \u015fi organizatorul principal al taberei, <strong>R\u00e9ka Fekete,<\/strong> s-a referit la Cortul muzicii populare Kriza J\u00e1nos. Vorbind despre\u00a0 succesul taberei, a men\u0163ionat c\u0103 \u00een calitate de organizator de fiecare dat\u0103 are sentimentul c\u0103 \u00een anul urm\u0103tor se poate face \u015fi mai mult. Datorit\u0103 excep\u0163ionalei echipe de organizatori, totul a decurs f\u0103r\u0103 nici o problem\u0103, a conchis R\u00e9ka Fekete.<\/p>\n<p style=\"text-align: justify;\">Organizatorul responsabil pentru programele politice, <strong>Krisztina S\u00e1ndor<\/strong>, a avut ca sarcin\u0103 principal\u0103 stabilirea acestor programe, care \u00een opinia sa de multe ori reprezint\u0103 o provocare. O provocare este \u015fi publicarea programului din timp, fapt pe care \u00een fiecare an \u00eencearc\u0103 s\u0103 \u00eel respecte \u00eentocmai, dar din cauza chestiunilor de actualitate acesta sufer\u0103 modific\u0103ri. Krisztina S\u00e1ndor a eviden\u0163iat, de asemenea, munca \u00een echip\u0103, care a func\u0163ionat excep\u0163ional \u015fi care este bine \u00eenchegat\u0103 dup\u0103 at\u00e2\u0163a ani.<\/p>\n<p style=\"text-align: justify;\">Pentru directorul taberei<strong>, Huba Vad\u00e1sz Szatm\u00e1ri<\/strong>, o adev\u0103rat\u0103 provocare au reprezentat-o butoaiele de bere de 63 de kilograme fiecare, cu toate c\u0103 din spusele sale, nu a rezultat c\u0103 \u015fi domnia sa ar fi ridicat vreunul din acestea. Dar, totul pentru stingerea setei participan\u0163ilor, nu-i a\u015fa?\u00a0 \u00cen cazul s\u0103u, str\u00e2ngerea taberei nu este un lucru tocmai simplu, \u015fi de aceea mesajul s\u0103u spre lume este: \u201es\u0103 transform\u0103m tab\u0103ra Tusv\u00e1nyos \u00eentr-o tab\u0103r\u0103 non-stop\u201d.<\/p>\n<p style=\"text-align: justify;\">\u00a0Echipa lui <strong>Szabolcs Fazakas,<\/strong> coordonatorul \u015fi responsabilul a tot ce se mi\u015fc\u0103 \u00een tabar\u0103, sufletul echipei de organizatori, a stat &#8211; \u00een trei schimburi &#8211; la dispozi\u0163ia organizatorilor taberei. Ei au fost cei care au solu\u0163ionat toate problemele din tab\u0103r\u0103.<\/p>\n<p style=\"text-align: justify;\">Responsabilul de scen\u0103, <strong>Barna Erdei<\/strong>, a fost maestrul backstage-lui \u015fi al protocolului forma\u0163iilor de muzic\u0103. Pentru el, marea provocare a fost respectarea programelor de concerte.\u00a0 Pu\u0163in mai complicat a fost pentru echipa sa format\u0103 din trei membri, pentru c\u0103 to\u0163i r\u0103spundeau la numele Barni, astfel c\u0103 uneori se amestecau sarcinile cu numele. La \u00eenceput a fost o adev\u0103rat\u0103 dilem\u0103 pentru c\u0103 nu se \u015ftia care Barni trebuie s\u0103 fie sunat pentru a rezolva o problem\u0103 sau alta, a spus Barna Erdei.<\/p>\n<p style=\"text-align: justify;\">Organizatorul \u015fi responsabilul pentru cazarea participan\u0163ilor,<strong> Zamfirescu Andreea<\/strong>, a declarat c\u0103 totul s-a desf\u0103\u015furat \u00een ordine \u00een cadrul taberei de corturi. \u00cen opinia sa, o noutate a fost \u00een acest an num\u0103rul mare al ma\u015finilor cu rulote. De asemenea, a apreciat cu satisfac\u0163ie activitatea depus\u0103 timp de o s\u0103pt\u0103m\u00e2n\u0103 de cei 220-230 de organizatori \u015fi voluntari, care \u00een opinia sa a fost rodnic\u0103 \u015fi s-a bucurat de succes.<\/p>\n<p style=\"text-align: justify;\">Statutul de organizator principal al doamnei<strong> Popa Ilona<\/strong> a \u00eensemnat anul acesta un \u201eproces pas cu pas\u201d. Pe parcursul anilor ea a fost, printre altele, responsabil pentru caietele de program, de corturi, dar a lucrat \u015fi \u00een magazia de m\u0103rfuri, astfel c\u0103 a putut\u00a0 s\u0103 fac\u0103 fa\u0163\u0103 mai u\u015for atribu\u0163iilor ce \u00eei revenau \u00een calitate de organizator principal, av\u00e2nd deja o\u00a0 viziune de ansamblu.<\/p>\n<p style=\"text-align: justify;\">Responsabilul pentru sistemul de acces \u00een tab\u0103r\u0103,<strong> P\u00e9ter Kedves,<\/strong> a apreciat c\u0103 metoda de banderole \u00eentrodus\u0103 anul trecut pentru minori a fost o idee excelent\u0103, deoarece astfel pot fi evitate multe situa\u0163ii nepl\u0103cute. Dup\u0103 cum a men\u0163ionat, pe teritoriul taberei joi s-au aflat 16 mii de oameni, iar vineri, 13.500. Num\u0103rul mare de participan\u0163i din acest an a fost explicat de el prin varietatea mai mare a programului taberei. Domnul P\u00e9ter Kedves a avut parte \u015fi de o situa\u0163ie amuzant\u0103 imediat dup\u0103 \u00een\u0103sprirea regulilor privind intrarea cu c\u00e2ini \u00een tab\u0103r\u0103: Gazda unui c\u00e2ine l-a sunat la telefon \u015fi l-a \u00eentrebat: \u201eNu \u015ftii c\u00e2t cost\u0103 la Ciuc o botni\u0163\u0103?&#8230;<\/p>\n<p style=\"text-align: justify;\">Traducerea: P\u00e9terffy T\u00fcnde<\/p>\n<p style=\"text-align: justify;\">Foto:www.tusvanyos.ro<\/p>\n","protected":false},"excerpt":{"rendered":"<p>\u00cen perioada 19-24 iulie a avut loc Universitatea de Var\u0103 \u015fi Tab\u0103ra Studen\u0163easc\u0103 Tusv\u00e1nyos, de la B\u0103ile Tu\u015fnad. \u00cen ultima zi, \u00eenainte de <\/p>\n","protected":false},"author":1,"featured_media":1708,"comment_status":"open","ping_status":"open","sticky":false,"template":"","format":"standard","meta":{"footnotes":""},"categories":[1],"tags":[],"class_list":["post-1707","post","type-post","status-publish","format-standard","has-post-thumbnail","hentry","category-fara-categorie"],"_links":{"self":[{"href":"https:\/\/hatarok-nelkul.com\/ro\/index.php?rest_route=\/wp\/v2\/posts\/1707","targetHints":{"allow":["GET"]}}],"collection":[{"href":"https:\/\/hatarok-nelkul.com\/ro\/index.php?rest_route=\/wp\/v2\/posts"}],"about":[{"href":"https:\/\/hatarok-nelkul.com\/ro\/index.php?rest_route=\/wp\/v2\/types\/post"}],"author":[{"embeddable":true,"href":"https:\/\/hatarok-nelkul.com\/ro\/index.php?rest_route=\/wp\/v2\/users\/1"}],"replies":[{"embeddable":true,"href":"https:\/\/hatarok-nelkul.com\/ro\/index.php?rest_route=%2Fwp%2Fv2%2Fcomments&post=1707"}],"version-history":[{"count":3,"href":"https:\/\/hatarok-nelkul.com\/ro\/index.php?rest_route=\/wp\/v2\/posts\/1707\/revisions"}],"predecessor-version":[{"id":1711,"href":"https:\/\/hatarok-nelkul.com\/ro\/index.php?rest_route=\/wp\/v2\/posts\/1707\/revisions\/1711"}],"wp:featuredmedia":[{"embeddable":true,"href":"https:\/\/hatarok-nelkul.com\/ro\/index.php?rest_route=\/wp\/v2\/media\/1708"}],"wp:attachment":[{"href":"https:\/\/hatarok-nelkul.com\/ro\/index.php?rest_route=%2Fwp%2Fv2%2Fmedia&parent=1707"}],"wp:term":[{"taxonomy":"category","embeddable":true,"href":"https:\/\/hatarok-nelkul.com\/ro\/index.php?rest_route=%2Fwp%2Fv2%2Fcategories&post=1707"},{"taxonomy":"post_tag","embeddable":true,"href":"https:\/\/hatarok-nelkul.com\/ro\/index.php?rest_route=%2Fwp%2Fv2%2Ftags&post=1707"}],"curies":[{"name":"wp","href":"https:\/\/api.w.org\/{rel}","templated":true}]}}