{"id":1712,"date":"2016-07-28T22:27:19","date_gmt":"2016-07-28T19:27:19","guid":{"rendered":"http:\/\/hatarok-nelkul.com\/ro\/?p=1712"},"modified":"2016-07-28T22:27:31","modified_gmt":"2016-07-28T19:27:31","slug":"tabara-ue-a-consfatuirii-tinerilor-maghiari-din-transilvania-va-avea-in-acest-an-un-alt-loc-de-desfasurare","status":"publish","type":"post","link":"https:\/\/hatarok-nelkul.com\/ro\/?p=1712","title":{"rendered":"Tab\u0103ra UE a Consf\u0103tuirii Tinerilor Maghiari din Transilvania va avea \u00een acest an un alt loc de desf\u0103\u015furare"},"content":{"rendered":"<p style=\"text-align: justify;\"><a href=\"https:\/\/hatarok-nelkul.com\/ro\/wp-content\/uploads\/2016\/07\/MIERT.jpg\"><img loading=\"lazy\" decoding=\"async\" class=\"alignleft size-thumbnail wp-image-1713\" alt=\"MIERT\" src=\"https:\/\/hatarok-nelkul.com\/ro\/wp-content\/uploads\/2016\/07\/MIERT-150x150.jpg\" width=\"150\" height=\"150\" srcset=\"https:\/\/hatarok-nelkul.com\/ro\/wp-content\/uploads\/2016\/07\/MIERT-150x150.jpg 150w, https:\/\/hatarok-nelkul.com\/ro\/wp-content\/uploads\/2016\/07\/MIERT-300x300.jpg 300w, https:\/\/hatarok-nelkul.com\/ro\/wp-content\/uploads\/2016\/07\/MIERT.jpg 600w\" sizes=\"auto, (max-width: 150px) 100vw, 150px\" \/><\/a>Tab\u0103ra UE a Consf\u0103tuirii Tinerilor Maghiari din Transilvania (MI\u00c9RT) va fi organizat\u0103 \u00een acest an \u00eentr-u alt loc, anume \u00een Parcul Natur Air din satul Subcetate, comuna Zetea, jude\u0163ul Harghita, sub motoul &#8220;Europa tinerilor&#8221;, a informat luni portalul de limb\u0103 maghiar\u0103 Maszol.ro. MI\u00c9RT, care grupeaz\u0103 organiza\u0163ii de tineret afiliate Uniunii Democrate Maghiare din Rom\u00e2nia, se a\u015fteapt\u0103 la prezen\u0163a a aproximativ 350-400 de participan\u0163i. Manifestarea va avea loc \u00een perioada 27-31 iulie.<!--more--> Anul trecut au participat aproape 300 de tineri la programele taberei care atunci a fost organizat\u0103 la Izvorul Mure\u015fului. Tab\u0103ra UE a MI\u00c9RT va fi organizat\u0103 \u00een comun de pre\u015fedin\u0163ia UDMR \u015fi Academia &#8220;K\u00f3s K\u00e1roly&#8221;, organiza\u0163ie condus\u0103 de fostul pre\u015fedinte al UDMR, senatorul B\u00e9la Mark\u00f3. Motivul schimb\u0103rii locului de desf\u0103\u015furare al taberei a fost dorin\u0163a organizatorilor de a sprijini tinerii \u00eentreprinz\u0103tori, iar anul acesta concursul de selec\u0163ie a locului a fost c\u00e2\u015ftigat de proprietarul Natur Air Park, situat l\u00e2ng\u0103 lacul de acumulare Zetea, scrie portalul Maszol.ro. \u00cen cadrul taberei vor fi analizate rezultatele alegerilor locale din punctul de vedere al tinerilor, \u00een condi\u0163iile \u00een care la aceste alegeri s-au \u00eenscris pe listele electorale, din partea UDMR, 750 de tineri, actuali sau fo\u015fti membri ai MI\u00c9RT. Dintre ace\u015ftia, 12 au ob\u0163inut mandate de primar, 16 au c\u00e2\u015ftigat mandate de consilier jude\u0163ean, iar trei au ob\u0163inut func\u0163ia de vicepre\u015fedinte ai unor consilii jude\u0163ene, iar mai multe sute de tineri sunt membri ai consiliilor locale, a precizat referentul de pres\u0103 al MI\u00c9RT, Zsuzsanna Bal\u00e1zsi.<\/p>\n<p style=\"text-align: justify;\">De asemenea, vor fi prezen\u0163i \u015fi europarlamentarii Csaba Sog\u00f3r \u015fi Iuliu Winkler, care vor sus\u0163ine c\u00e2te un expozeu, sub titlul: &#8220;Democra\u0163ia \u00een UE, Europa regiunilor versus Europa statelor na\u0163ionale&#8221;.<\/p>\n<p style=\"text-align: justify;\">Anul aceasta MI\u00c9RT organizeaz\u0103 pentru a 13-a oar\u0103 acest forum pentru tinerii care aspir\u0103 la func\u0163ii publice. Seminariul de tineret a fost \u00eenfiin\u0163at \u00een anul 2000, ca preg\u0103tire pentru aderarea Ungariei la UE, iar dup\u0103 aderare, tab\u0103ra a fost transferat\u0103 din ora\u015ful ungar Orosh\u00e1za la B\u0103ile Tu\u015fnad, localitate din \u0162inutul Secuiesc \u00eenfr\u0103\u0163it\u0103 cu Orosh\u00e1za. \u00cen c\u00e2\u0163iva ani, aceast\u0103 tab\u0103r\u0103 \u00a0a devenit o manifestare proprie a MI\u00c9RT. Din 2010 tab\u0103ra a fost organizat\u0103 \u00een fiecare an la Izvorul Mure\u015fului.<\/p>\n<p style=\"text-align: justify;\">\u00a0Sursa: maszol.ro<\/p>\n<p style=\"text-align: justify;\">Traducerea: Becze D\u00e9nes<\/p>\n<p style=\"text-align: justify;\">Foto:miert.ro<\/p>\n","protected":false},"excerpt":{"rendered":"<p>Tab\u0103ra UE a Consf\u0103tuirii Tinerilor Maghiari din Transilvania (MI\u00c9RT) va fi organizat\u0103 \u00een acest an \u00eentr-u alt loc, anume \u00een Parcul Natur Air <\/p>\n","protected":false},"author":1,"featured_media":1713,"comment_status":"open","ping_status":"open","sticky":false,"template":"","format":"standard","meta":{"footnotes":""},"categories":[1],"tags":[],"class_list":["post-1712","post","type-post","status-publish","format-standard","has-post-thumbnail","hentry","category-fara-categorie"],"_links":{"self":[{"href":"https:\/\/hatarok-nelkul.com\/ro\/index.php?rest_route=\/wp\/v2\/posts\/1712","targetHints":{"allow":["GET"]}}],"collection":[{"href":"https:\/\/hatarok-nelkul.com\/ro\/index.php?rest_route=\/wp\/v2\/posts"}],"about":[{"href":"https:\/\/hatarok-nelkul.com\/ro\/index.php?rest_route=\/wp\/v2\/types\/post"}],"author":[{"embeddable":true,"href":"https:\/\/hatarok-nelkul.com\/ro\/index.php?rest_route=\/wp\/v2\/users\/1"}],"replies":[{"embeddable":true,"href":"https:\/\/hatarok-nelkul.com\/ro\/index.php?rest_route=%2Fwp%2Fv2%2Fcomments&post=1712"}],"version-history":[{"count":2,"href":"https:\/\/hatarok-nelkul.com\/ro\/index.php?rest_route=\/wp\/v2\/posts\/1712\/revisions"}],"predecessor-version":[{"id":1715,"href":"https:\/\/hatarok-nelkul.com\/ro\/index.php?rest_route=\/wp\/v2\/posts\/1712\/revisions\/1715"}],"wp:featuredmedia":[{"embeddable":true,"href":"https:\/\/hatarok-nelkul.com\/ro\/index.php?rest_route=\/wp\/v2\/media\/1713"}],"wp:attachment":[{"href":"https:\/\/hatarok-nelkul.com\/ro\/index.php?rest_route=%2Fwp%2Fv2%2Fmedia&parent=1712"}],"wp:term":[{"taxonomy":"category","embeddable":true,"href":"https:\/\/hatarok-nelkul.com\/ro\/index.php?rest_route=%2Fwp%2Fv2%2Fcategories&post=1712"},{"taxonomy":"post_tag","embeddable":true,"href":"https:\/\/hatarok-nelkul.com\/ro\/index.php?rest_route=%2Fwp%2Fv2%2Ftags&post=1712"}],"curies":[{"name":"wp","href":"https:\/\/api.w.org\/{rel}","templated":true}]}}