{"id":1717,"date":"2016-07-29T21:06:29","date_gmt":"2016-07-29T18:06:29","guid":{"rendered":"http:\/\/hatarok-nelkul.com\/ro\/?p=1717"},"modified":"2016-08-02T13:20:56","modified_gmt":"2016-08-02T10:20:56","slug":"opinii-din-presa-despre-motivatiile-tensiunilor-dintre-laszlo-tokes-si-urmasul-sau-episcopul-istvan-csury","status":"publish","type":"post","link":"https:\/\/hatarok-nelkul.com\/ro\/?p=1717","title":{"rendered":"Opinii din pres\u0103 despre motiva\u021biile tensiunilor dintre L\u00e1szl\u00f3 T\u0151k\u00e9s \u0219i urma\u015ful s\u0103u, episcopul Istv\u00e1n Cs\u0171ry"},"content":{"rendered":"<p style=\"text-align: justify;\"><a href=\"https:\/\/hatarok-nelkul.com\/ro\/wp-content\/uploads\/2016\/07\/Tokes-Csury.jpg\"><img loading=\"lazy\" decoding=\"async\" class=\"alignleft size-thumbnail wp-image-1718\" alt=\"Tokes-Csury\" src=\"https:\/\/hatarok-nelkul.com\/ro\/wp-content\/uploads\/2016\/07\/Tokes-Csury-150x150.jpg\" width=\"150\" height=\"150\" \/><\/a>Istv\u00e1n Cs\u0171ry a fost considerat m\u00e2na dreapt\u0103, managerul fostului episcop L\u00e1szl\u00f3 T\u0151k\u00e9s. \u00cen anul 2007, c\u00e2nd T\u0151k\u00e9s a c\u00e2\u015ftigat primul s\u0103u mandat de european de doi ani, i-a transferat toate competen\u0163ele episcopale lui Istv\u00e1n Cs\u0171ry, care de atunci a coordonat Eparhia Reformat\u0103 de Piatra Craiului, \u00een calitate de episcop delegat.<\/p>\n<p style=\"text-align: justify;\">Ob\u0163inera mandatului de europarlamentar de c\u0103tre L\u00e1szl\u00f3 T\u0151k\u00e9s a fost, realmente, o u\u015furare pentru marea majoritate a preo\u0163ilor din Eparhia Reformat\u0103 de Piatra Craiului.<!--more--><\/p>\n<p style=\"text-align: justify;\">\u00cen timpul mandatului de episcop al lui T\u0151k\u00e9s, Eparhia Reformat\u0103 de Piatra Craiului s-a izolat absolut. Nu a \u00eentre\u0163inut nicio rela\u0163ie cu organiza\u0163iile reformate din str\u0103in\u0103tate, cu institu\u0163iile protestante. Dup\u0103 c\u00e2\u015ftigarea celui de-al doilea mandat de europarlamentar, pe lista UDMR, \u00een 2009, Istv\u00e1n Cs\u0171ry a fost ales episcop al Eparhiei Reformate. Istv\u00e1n Cs\u0171ry a schimbat direc\u0163ia politicii bisericii reformate, a promovat reconcilierea, scopul s\u0103u fiind edificarea bisericii, \u00eencheierea rela\u0163iilor cu str\u0103in\u0103tatea \u015fi cel de a munci \u00een interesul comunit\u0103\u0163ii maghiare. O component\u0103 a acestei activit\u0103\u0163i a fost \u015fi propunerea pentru dezvoltarea unor rela\u0163ii cu for\u0163ele organizatorice ale societ\u0103\u0163ii, bazate pe cooperare, consider\u00e2nd drept parterner, printre altele, \u015fi UDMR.<\/p>\n<p style=\"text-align: justify;\">Din acest moment s-a produs fractura \u00eentre fostul \u015fi actualul episcop. \u00cen timpt ce L\u00e1szl\u00f3 T\u0151k\u00e9s a avut preten\u0163ia ca Eparhia Reformat\u0103 de Piatra Craiului s\u0103-i acorde \u00een continuare un sprijin absolut, Istv\u00e1n Cs\u0171ry a manifestat deschidere spre UDMR. La alegerile locale din 2012 Cs\u0171ry a negociat cu UDMR pentru ca persoane din cadrul bisercii reformate s\u0103 fie \u00eenscrise pe locurile eligibile din listele UDMR. De asemenea, cu un gest similar s-a adresat \u015fi Partidului Popular Maghiar din Transilvania (PPMT), \u00eens\u0103 aceast\u0103 solicitare a fost respins\u0103 de T\u0151k\u00e9s.<\/p>\n<p style=\"text-align: justify;\">La \u00eenr\u0103ut\u0103\u0163irea situa\u0163iei dintre T\u0151k\u00e9s \u015fi Cs\u0171ry au contribuit \u015fi dou\u0103 situa\u0163ii anterioare: Una dintre situa\u0163ii a fost aceea c\u00e2nd T\u0151k\u00e9s a solicitat \u00eemputernicirea lui Cs\u0171ry, pentru a discuta cu FIDESZ, \u00een numele Eparhiei Reformate de Piatra Craiului, cu privire la \u00eemp\u0103r\u0163irea finan\u0163\u0103rilor alocate bisericii, de Ungaria. Cs\u0171ry, care cuno\u015ftea deja interesele bisericii reformate, a refuzat aceast\u0103 solicitare. Era de temut c\u0103 banii nu vor ajunge \u00een folosul bisericii, ci, \u00een interesele sale politice, T\u0151k\u00e9s va face totul pentru ca aceast\u0103 finan\u0163are s\u0103 ajung\u0103 la clientela sa.<\/p>\n<p style=\"text-align: justify;\">Cea de-a doua situa\u0163ie se refer\u0103 la divor\u0163ul lui T\u0151k\u00e9s.<\/p>\n<p style=\"text-align: justify;\">So\u0163ia sa s-a adresat Comisiei de disciplin\u0103 a Eparhiei Reformate din Bihor, solicit\u00e2nd deschiderea procedurilor disciplinare \u00eempotriva so\u0163ului s\u0103u. Atunci T\u0151k\u00e9s a\u015ftepta ca biserica s\u0103 fie pe partea sa \u015fi cazul s\u0103 fie trecut sub pre\u015f f\u0103r\u0103 s\u0103 fie supus dezbaterii. Ceea ce nu s-a \u00eent\u00e2mplat, ba mai mult dec\u00e2t at\u00e2t, Eparhia Reformat\u0103 l-a amendat cu 500 lei, \u00een toamna anului 2011, din cauza divor\u0163ului \u015fi a vie\u0163ii private scandaloase pe care o ducea. Pe l\u00e2ng\u0103 aceasta, episcopul a primit \u015fi o mustrare scris\u0103, deoarece \u201ea p\u0103c\u0103tuit \u00eempotriva canonului, a normelor omului, precum \u015fi a regulilor etice privind preo\u0163ii\u201d, prin a faptul c\u0103 a \u00eenc\u0103lcat leg\u0103m\u00e2ntul c\u0103s\u0103toriei \u015fi nu s-a \u00eengrijit \u00een mod corespunz\u0103tor de so\u0163ia sa \u015fi de copiii s\u0103i\u201d. (transidex.ro)<\/p>\n<p style=\"text-align: justify;\">\u00cen ultimii ani, L\u00e1szl\u00f3 T\u0151k\u00e9s l-a atacat de mai multe ori pe actualul episcop, \u00een public sau prin scrisori, din cauza atitudinii sale \u201epro-UDMR\u201d \u015fi a politicii sale promovate fa\u0163\u0103 de biseric\u0103. Din acest motiv, la sf\u00e2r\u015fitul anului 2013, Eparhia Bisericii Reformate l-a avertizat pe europarlamentar s\u0103 \u00eenceteze cu aceast\u0103 \u201eatitudine nedemn\u0103 fa\u0163\u0103 de biseric\u0103\u201d.(maszol.ro)<\/p>\n<p style=\"text-align: justify;\">L\u00e1szl\u00f3 T\u0151k\u00e9s a dat publicit\u0103\u0163ii mai multe note informative despre Istv\u00e1n Cs\u0171ry, care potrivit lui T\u0151k\u00e9s dovedesc \u00een mod direct c\u0103 episcopul Eparhiei Reformate de Piatra Craiului a fost colaborator al fostei Securit\u0103\u0163i, al poli\u0163iei politice a regimului Ceau\u015fescu.<\/p>\n<p style=\"text-align: justify;\">\u00cen data de 29 iunie a.c., Istv\u00e1n Cs\u0171ry a solicitat, f\u0103r\u0103 s\u0103 reac\u0163ioneze de fapt la acuza\u0163iile lui L\u00e1szl\u00f3 T\u0151k\u00e9s, \u00een ziarul Bihari Napl\u00f3, \u201eresponsabililor Guvernului FIDESZ-KDNP\u201d, s\u0103 verifice munca depus\u0103 \u015fi activitatea d\u0103un\u0103toare a eurodeputatului, pe care l-au delegat \u00een numele lor\u201d. Organiza\u0163iile UDMR din jude\u0163ele Bihor, Satu Mare \u015fi S\u0103laj l-au avertizat, printr-o declara\u0163ie comun\u0103, pe L\u00e1szl\u00f3 T\u0151k\u00e9s, solicit\u00e2nd \u201es\u0103 \u00eenceteze cu manifest\u0103rile sale iresponsabile, d\u0103un\u0103toare comunit\u0103\u0163ii noastre, precum \u015fi cu def\u0103imarea liderilor comunit\u0103\u0163ii, care se bucur\u0103 de respect, mai cu seam\u0103 a reprezentan\u0163ilor Eparhiei Reformate de Piatra Craiului\u201d.<\/p>\n<p style=\"text-align: justify;\">Mandatul de episcop al lui Istv\u00e1n Cs\u0171ry expir\u0103 \u00een toamn\u0103, \u00eens\u0103 episcopul poate candida la un nou mandat. L\u00e1szl\u00f3 T\u0151k\u00e9s a infirmat ferm Agen\u0163iei ungare de Pres\u0103 MTI c\u0103 ar dori s\u0103 se \u00eentoarc\u0103 \u00een func\u0163ia de episcop al Eparhiei Reformate de Piatra Craiului.(transidex.ro)<\/p>\n<p style=\"text-align: justify;\">\u00a0Pe de alt\u0103 parte, \u00een ultimii \u015fase ani, Guvernul ungar a alocat o finan\u0163are \u00een valoare de peste 1,3 miliarde de forin\u0163i pentru sus\u0163inerea aspira\u0163iilor \u00een domeniul educa\u0163iei \u015fi \u00eenv\u0103\u0163\u0103m\u00e2ntului, precum \u015fi pentru o via\u0163\u0103 religioas\u0103 de Eparhia Reformat\u0103 de Piatra Craiului, a declarat recent, la Oradea, secretarul de stat Mikl\u00f3s Solt\u00e9sz. Secretarul de stat pentru culte, na\u0163ionalit\u0103\u0163i \u015fi rela\u0163ia cu societatea civil\u0103 din cadrul Ministerului ungar al Resurselor Umane a sus\u0163inut o conferin\u0163\u0103 de pres\u0103 \u00eempreun\u0103 cu episcopul reformat Istv\u00e1n Cs\u00fcry. Secretarul de stat a men\u0163ionat: \u00cen domeniul sus\u0163inerii bisericii, Eparhia Reformat\u0103 a primit \u00een ultimii \u015fase ani \u2013 de c\u00e2nd se afl\u0103 \u00een fruntea Bisericii Reformate episcopul Istv\u00e1n Cs\u0171ry &#8211; un sprijin \u00een valoare de 1,244 miliarde de forin\u0163i, iar pe l\u00e2ng\u0103 acest sprijin, Secretariatul pentru politic\u0103 na\u0163ional\u0103 a alocat \u00eenc\u0103 150 de milioane de forin\u0163i pentru realizarea proiectelor eparhiei. Toate acestea dovedesc &#8211; a spus Mikl\u00f3s Solt\u00e9sz &#8211; c\u0103 Guvernul condus de Viktor Orb\u00e1n acord\u0103 o aten\u0163ia mai mare maghiarilor din afara grani\u0163elor Ungariei \u015fi din Partium care demonstreaz\u0103 prin faptele lor c\u0103 stau \u00een slujba comunit\u0103\u0163ii.<\/p>\n<p style=\"text-align: justify;\">\u00a0La r\u00e2ndul s\u0103u, episcopul Istv\u00e1n Cs\u00fcry a mul\u0163umit Guvernului ungar pentru sprijinul acordat Eparhiei Reformate. Epsicopul \u015fi-a exprimat recuno\u015ftin\u0163a sa \u00een numele a 40-50 de congrega\u0163ii care au beneficiat de un sprijin guvernamental mai mare sau mai mic. (MTI)<\/p>\n<p style=\"text-align: justify;\">\u00a0Traducerea: Bal\u00e1zs Magdolna<\/p>\n<p style=\"text-align: justify;\">Foto:itthon.transindex.ro<\/p>\n","protected":false},"excerpt":{"rendered":"<p>Istv\u00e1n Cs\u0171ry a fost considerat m\u00e2na dreapt\u0103, managerul fostului episcop L\u00e1szl\u00f3 T\u0151k\u00e9s. \u00cen anul 2007, c\u00e2nd T\u0151k\u00e9s a c\u00e2\u015ftigat primul s\u0103u mandat de <\/p>\n","protected":false},"author":1,"featured_media":1718,"comment_status":"open","ping_status":"open","sticky":false,"template":"","format":"standard","meta":{"footnotes":""},"categories":[1],"tags":[],"class_list":["post-1717","post","type-post","status-publish","format-standard","has-post-thumbnail","hentry","category-fara-categorie"],"_links":{"self":[{"href":"https:\/\/hatarok-nelkul.com\/ro\/index.php?rest_route=\/wp\/v2\/posts\/1717","targetHints":{"allow":["GET"]}}],"collection":[{"href":"https:\/\/hatarok-nelkul.com\/ro\/index.php?rest_route=\/wp\/v2\/posts"}],"about":[{"href":"https:\/\/hatarok-nelkul.com\/ro\/index.php?rest_route=\/wp\/v2\/types\/post"}],"author":[{"embeddable":true,"href":"https:\/\/hatarok-nelkul.com\/ro\/index.php?rest_route=\/wp\/v2\/users\/1"}],"replies":[{"embeddable":true,"href":"https:\/\/hatarok-nelkul.com\/ro\/index.php?rest_route=%2Fwp%2Fv2%2Fcomments&post=1717"}],"version-history":[{"count":4,"href":"https:\/\/hatarok-nelkul.com\/ro\/index.php?rest_route=\/wp\/v2\/posts\/1717\/revisions"}],"predecessor-version":[{"id":1726,"href":"https:\/\/hatarok-nelkul.com\/ro\/index.php?rest_route=\/wp\/v2\/posts\/1717\/revisions\/1726"}],"wp:featuredmedia":[{"embeddable":true,"href":"https:\/\/hatarok-nelkul.com\/ro\/index.php?rest_route=\/wp\/v2\/media\/1718"}],"wp:attachment":[{"href":"https:\/\/hatarok-nelkul.com\/ro\/index.php?rest_route=%2Fwp%2Fv2%2Fmedia&parent=1717"}],"wp:term":[{"taxonomy":"category","embeddable":true,"href":"https:\/\/hatarok-nelkul.com\/ro\/index.php?rest_route=%2Fwp%2Fv2%2Fcategories&post=1717"},{"taxonomy":"post_tag","embeddable":true,"href":"https:\/\/hatarok-nelkul.com\/ro\/index.php?rest_route=%2Fwp%2Fv2%2Ftags&post=1717"}],"curies":[{"name":"wp","href":"https:\/\/api.w.org\/{rel}","templated":true}]}}