{"id":1744,"date":"2016-08-25T21:12:23","date_gmt":"2016-08-25T18:12:23","guid":{"rendered":"http:\/\/hatarok-nelkul.com\/ro\/?p=1744"},"modified":"2016-08-25T21:12:40","modified_gmt":"2016-08-25T18:12:40","slug":"zilele-culturale-maghiare-partium-la-satu-mare","status":"publish","type":"post","link":"https:\/\/hatarok-nelkul.com\/ro\/?p=1744","title":{"rendered":"Zilele Culturale Maghiare Partium, la Satu Mare"},"content":{"rendered":"<p style=\"text-align: justify;\"><a href=\"https:\/\/hatarok-nelkul.com\/ro\/wp-content\/uploads\/2016\/08\/pataki-csaba-283x300.jpg\"><img loading=\"lazy\" decoding=\"async\" class=\"alignleft size-thumbnail wp-image-1745\" alt=\"pataki-csaba-283x300\" src=\"https:\/\/hatarok-nelkul.com\/ro\/wp-content\/uploads\/2016\/08\/pataki-csaba-283x300-150x150.jpg\" width=\"150\" height=\"150\" \/><\/a>Zilele Culturale Maghiare Partium, care au fost organizate la Satu Mare, au ajuns \u00een acest an la cea de-a XV-a edi\u0163ie \u015fi vor \u0163ine \u00een premier\u0103, 10 zile. Organizatorii au inclus \u00een program peste 150 de programe cultural.<\/p>\n<p style=\"text-align: justify;\">\u00a0\u201eAceast\u0103 manifestare, care are loc \u00een perioada 19-28 august, este s\u0103rb\u0103toarea tuturor \u2013 a maghiarilor, a rom\u00e2nilor \u015fi a \u015fvabilor \u2013 locuitorilor din Satu Mare \u015fi chiar \u015fi din \u00eemprejurimi, cu at\u00e2t mai mult cu c\u00e2t aici tr\u0103iesc multe familii mixte\u201d, a declarat portalului nostru pre\u015fedinte CJ Satu Mare, Csaba Pataki.<!--more--><\/p>\n<p style=\"text-align: justify;\">Referitor la finan\u0163are, Csaba Pataki a men\u0163ionat c\u0103 la bugetul evenimentului au contribuit mai multe zeci de firme din zon\u0103, dar au primit ajutor \u015fi din partea unor institu\u0163ii publice din Rom\u00e2nia \u015fi Ungaria.<\/p>\n<p style=\"text-align: justify;\">Zilele Culturale Maghiare Partium se vor \u00eencheia cu un program prezentat de orchestra Magna Cum Laude, din Ungaria, \u015fi cu focuri de artificii.<\/p>\n<p style=\"text-align: justify;\">Realizat de: P\u00e9terffy T\u00fcnde<\/p>\n<p style=\"text-align: justify;\">Foto: portalsm.ro<\/p>\n","protected":false},"excerpt":{"rendered":"<p>Zilele Culturale Maghiare Partium, care au fost organizate la Satu Mare, au ajuns \u00een acest an la cea de-a XV-a edi\u0163ie \u015fi vor <\/p>\n","protected":false},"author":1,"featured_media":1745,"comment_status":"open","ping_status":"open","sticky":false,"template":"","format":"standard","meta":{"footnotes":""},"categories":[1],"tags":[],"class_list":["post-1744","post","type-post","status-publish","format-standard","has-post-thumbnail","hentry","category-fara-categorie"],"_links":{"self":[{"href":"https:\/\/hatarok-nelkul.com\/ro\/index.php?rest_route=\/wp\/v2\/posts\/1744","targetHints":{"allow":["GET"]}}],"collection":[{"href":"https:\/\/hatarok-nelkul.com\/ro\/index.php?rest_route=\/wp\/v2\/posts"}],"about":[{"href":"https:\/\/hatarok-nelkul.com\/ro\/index.php?rest_route=\/wp\/v2\/types\/post"}],"author":[{"embeddable":true,"href":"https:\/\/hatarok-nelkul.com\/ro\/index.php?rest_route=\/wp\/v2\/users\/1"}],"replies":[{"embeddable":true,"href":"https:\/\/hatarok-nelkul.com\/ro\/index.php?rest_route=%2Fwp%2Fv2%2Fcomments&post=1744"}],"version-history":[{"count":3,"href":"https:\/\/hatarok-nelkul.com\/ro\/index.php?rest_route=\/wp\/v2\/posts\/1744\/revisions"}],"predecessor-version":[{"id":1747,"href":"https:\/\/hatarok-nelkul.com\/ro\/index.php?rest_route=\/wp\/v2\/posts\/1744\/revisions\/1747"}],"wp:featuredmedia":[{"embeddable":true,"href":"https:\/\/hatarok-nelkul.com\/ro\/index.php?rest_route=\/wp\/v2\/media\/1745"}],"wp:attachment":[{"href":"https:\/\/hatarok-nelkul.com\/ro\/index.php?rest_route=%2Fwp%2Fv2%2Fmedia&parent=1744"}],"wp:term":[{"taxonomy":"category","embeddable":true,"href":"https:\/\/hatarok-nelkul.com\/ro\/index.php?rest_route=%2Fwp%2Fv2%2Fcategories&post=1744"},{"taxonomy":"post_tag","embeddable":true,"href":"https:\/\/hatarok-nelkul.com\/ro\/index.php?rest_route=%2Fwp%2Fv2%2Ftags&post=1744"}],"curies":[{"name":"wp","href":"https:\/\/api.w.org\/{rel}","templated":true}]}}