{"id":1749,"date":"2016-09-01T10:14:40","date_gmt":"2016-09-01T07:14:40","guid":{"rendered":"http:\/\/hatarok-nelkul.com\/ro\/?p=1749"},"modified":"2016-09-01T10:20:08","modified_gmt":"2016-09-01T07:20:08","slug":"din-sighisoara-catre-regiunile-minoritare-si-pro-minoritare-ale-europei-cu-presedintele-fuen-lorant-vincze","status":"publish","type":"post","link":"https:\/\/hatarok-nelkul.com\/ro\/?p=1749","title":{"rendered":"Din Sighi\u0219oara c\u0103tre regiunile minoritare \u0219i pro-minoritare ale Europei, cu pre\u015fedintele FUEN, Lor\u00e1nt Vincze"},"content":{"rendered":"<p style=\"text-align: justify;\"><a href=\"https:\/\/hatarok-nelkul.com\/ro\/wp-content\/uploads\/2016\/09\/vincze-lorant.jpg\"><img loading=\"lazy\" decoding=\"async\" class=\"alignleft size-thumbnail wp-image-1751\" alt=\"vincze lorant\" src=\"https:\/\/hatarok-nelkul.com\/ro\/wp-content\/uploads\/2016\/09\/vincze-lorant-150x150.jpg\" width=\"150\" height=\"150\" \/><\/a>La invita\u0163ia Asocia\u0163iei Divers, \u00een cadrul programului \u015ftiin\u0163ific \u015fi cultural al celei de-a XIV-a edi\u0163ie a Festivalului Pro Etnica, pre\u015fedintele Uniunii Federative a Na\u0163ionalit\u0103\u0163ilor Europene (FUEN), Lor\u00e1nt Vincze, a \u0163inut o prelegere intitulat\u0103:<i> &#8220;Provoc\u0103ri identitare: de la transilvanism la europenism&#8221;<\/i>.<\/p>\n<p style=\"text-align: justify;\">Referitor la acest subiect l-am \u00eentrebat pe pre\u015fedintele FUEN, cum a interpretat publicul aceste concepte \u015fi dac\u0103 s-a implicat \u00een dezbatere?<!--more--><\/p>\n<p style=\"text-align: justify;\">\u201cA fost o discu\u0163ie care a provocat un viu interes \u00een cadrul unui public mai pu\u0163in numeros. Cei prezen\u0163i au manifestat un interes mare, au fost formulate multe \u00eentreb\u0103ri. Au fost prezen\u0163i ziari\u015fti, reprezentan\u0163i ai minorit\u0103\u0163ilor, precum \u015fi din partea majorit\u0103\u0163ii, cei care erau interesa\u0163i fa\u0163\u0103 de acest subiect. Astfel c\u0103 \u00eentreb\u0103rile au fost foarte variate. Din unele \u00eentreb\u0103ri a rezultat c\u0103 respectivul cunoa\u015fte \u00eentr-o oarecare m\u0103sur\u0103 problematica minoritar\u0103, iar al\u0163ii \u2013 mai ales cei care erau din partea majorit\u0103\u0163ii \u2013 au adresat \u00eentreb\u0103ri foarte na\u00efve, prin care au fost puse la \u00eendoial\u0103 necesitatea c\u00e2torva drepturi de care beneficiaz\u0103 minorit\u0103\u0163ile na\u0163ionale\u201d, ne-a explicat Lor\u00e1nt Vincze.<\/p>\n<p style=\"text-align: justify;\">\u00cen realitate este destul de greu realizarea unui dialog \u00eentre minoritate \u015fi majoritate, mai cu seam\u0103 dac\u0103 exist\u0103 \u015fi asemenea abord\u0103ri!?<\/p>\n<p style=\"text-align: justify;\">\u201cVariaz\u0103 foarte mult comunitatea din care se compune auditoriul unei conferin\u0163e. Este mai bine, dac\u0103 publicul este format din persoane care au cuno\u015ftin\u0163e \u00een domeniul respectiv \u015fi, implicit, \u00een\u0163eleg despre ce este vorba, dar poate este mai util, dac\u0103 particip\u0103 \u015fi persoane care nu a avut nicio leg\u0103tur\u0103 cu acest subiect, dar totu\u015fi manifest\u0103 interes. Asupra unei asemenea categorii de persoane poate s\u0103 aib\u0103 efect un asemenea discurs, ceea ce din punctul meu de vedere este un succes. Chiar, dac\u0103 au fost formulate c\u00e2teva \u00eentreb\u0103ri naive sau care au pus sub semnul \u00eentreb\u0103rii necesitatea respect\u0103rii drepturilor minorit\u0103\u0163ilor, r\u0103spunsurile pe care le-au primit se pare c\u0103 i-au convins \u015fi au recunoscut c\u0103 nu se poate privi societatea \u00een ansamblu doar din punctul de vedere al majorit\u0103\u0163ii, ci trebuie observat\u0103 \u015fi existen\u0163a acelor grupuri care, prin diversitatea \u015fi valorile lor, contribuie la dezvoltarea societ\u0103\u0163ii, \u00een ansamblu. Prin urmare, aceste minorit\u0103\u0163i trebuie ap\u0103rate \u015fi trebuie s\u0103 li se acorde o aten\u0163ie. Au fost formulate \u015fi \u00eentreb\u0103ri privind finan\u0163area lor, \u00een sensul c\u0103 eventual trebuie diminuat bugetul unor domenii importante. \u00cen esen\u0163\u0103, minorit\u0103\u0163ile nu cost\u0103 chiar at\u00e2t de mult, precum multe alte domenii. \u015ei ace\u015fti oameni sunt contribuabili, contribuie la dezvoltarea \u0163\u0103rii, ceea ce impune ca noi s\u0103 le asigur\u0103m protec\u0163ie chiar \u015fi sub aspect material. A\u015fadar, cei care au pus aceast\u0103 \u00eentrebare au \u00een\u0163eles mesajul. La discu\u0163ii au participat oameni diferi\u0163i, chiar \u015fi persoane care apar\u0163in minorit\u0103\u0163ior foarte mici. Este cunoscut c\u0103 \u00een Rom\u00e2nia tr\u0103iesc 19 minorit\u0103\u0163i na\u0163ionale din care minoritatea maghiar\u0103 reprezint\u0103 cea mai mare comunitate. Minorit\u0103\u0163ile\u00a0 foarte mici \u0163in foarte mult, \u00een primul r\u00e2nd, la p\u0103starea limbii lor materne \u015fi a tradi\u0163iilor, nu au nevoie de drepturi colective pentru a beneficia de mijloace ca o comunitate\u201d, a afirmat pre\u015fedintele FUEN.<\/p>\n<p style=\"text-align: justify;\">Lor\u00e1nt Vincze s-a \u00eent\u00e2lnit \u00een data de 15 august cu pre\u015fedintele Consiliului Jude\u0163ului Bihor, Sandor Pasztor, prilej cu care a prezentat propunerea FUEN privind crearea unui forum privind regiunile minoritare \u015fi pro-minoritare?<\/p>\n<p style=\"text-align: justify;\">La \u00eentrebarea cum se poate defini conceptul regiune pro-minoritar\u0103, Lorant Vincze ne-a explicat:<\/p>\n<p style=\"text-align: justify;\">\u201c\u00cen acest caz, vorbim despre regiuni din Europa care dispun de drepturi administrative, conform defini\u0163iei respectivului stat-membru al UE, pe al c\u0103rui teritoriu tr\u0103iesc minorit\u0103\u0163i, fa\u0163\u0103 de care regiunea \u015fi-a asumat anumite responsabilit\u0103\u0163i \u015fi \u00eei ajut\u0103 \u00een existen\u0163a lor prin diferite mijloace. Prin faptul c\u0103 \u00een regiunea respectiv\u0103 exist\u0103 o diversitate etnic\u0103, lingvistic\u0103 \u015fi religioas\u0103, aceast\u0103 regiune poate ajuta minorit\u0103\u0163ile unei regiuni dintr-un alt stat, \u015fi \u00een acest sens v\u0103 dau un exemplu, ca s\u0103 fie mai clar: \u00een regiunea de frontiere\u0103 dintre Germania \u015fi Danemarca, \u00een landul Schleswig-Holstein, din Germania, minoritatea danez\u0103 \u00eentre\u0163ine rela\u0163ii str\u00e2nse cu comunitatea german\u0103, de l\u00e2ng\u0103 frontiera cu Danemarca. Prin urmare, landul Schleswig-Holstein a elaborat, \u00een urm\u0103 cu c\u00e2teva decenii, anumite politici care promoveaz\u0103 coabitarea \u015fi dialogul, respectiv \u00ee\u015fi asum\u0103 rolul la nivelul UE pentru a face cunoscut\u0103 existen\u0163a monorit\u0103\u0163ilor care t\u0103riesc pe teritoriile lor \u015fi a diversit\u0103\u0163ii. \u00centr-o situa\u0163ie similar\u0103 se afl\u0103 \u015fi Tirolul de Sud sau minoritatea german\u0103 din Belgia care sunt exemple pozitive \u015fi dac\u0103 lu\u0103m \u00een considerare aceste regiuni, cred c\u0103 se va putea crea un forum care va contribui la promovarea dialogului intercultural. La acest forum ar putea adera regiunile europene pe teritoriile c\u0103rora tr\u0103iesc minorit\u0103\u0163i. \u00cen cazul acestor minorit\u0103\u0163i variaz\u0103 nivelul la care sunt recunoscute \u015fi ap\u0103rate. Din acest considerent regiunile se impart \u00een regiuni minoritare \u015fi pro-minoritare. Aceste regiuni nu pot fi separate \u00een \u00eentregime, deoarece despre chestiunile, despre destinul minorit\u0103\u0163ilor nu pot vorbi, nu pot decide doar minorit\u0103\u0163ile, fiind necesar un dialog permanent, ca s\u0103 numai vorbim de necesitatea implic\u0103rii factorilor decizionali, deoarece tocmai ace\u015fti factori au posibilitatea de a influen\u0163a opinia public\u0103 \u015fi ei sunt cei care pot forma o majoritatea politic\u0103 \u00een \u0163ara respectiv\u0103 pentru a urni lucrurile \u00eentr-o direc\u0163ie pozitiv\u0103\u201d.<\/p>\n<p style=\"text-align: justify;\">Interviu realizat de Bal\u00e1zs Magdolna<\/p>\n<p style=\"text-align: justify;\">Foto:www.maszol.ro<\/p>\n","protected":false},"excerpt":{"rendered":"<p>La invita\u0163ia Asocia\u0163iei Divers, \u00een cadrul programului \u015ftiin\u0163ific \u015fi cultural al celei de-a XIV-a edi\u0163ie a Festivalului Pro Etnica, pre\u015fedintele Uniunii Federative a <\/p>\n","protected":false},"author":1,"featured_media":1751,"comment_status":"open","ping_status":"open","sticky":false,"template":"","format":"standard","meta":{"footnotes":""},"categories":[1],"tags":[],"class_list":["post-1749","post","type-post","status-publish","format-standard","has-post-thumbnail","hentry","category-fara-categorie"],"_links":{"self":[{"href":"https:\/\/hatarok-nelkul.com\/ro\/index.php?rest_route=\/wp\/v2\/posts\/1749","targetHints":{"allow":["GET"]}}],"collection":[{"href":"https:\/\/hatarok-nelkul.com\/ro\/index.php?rest_route=\/wp\/v2\/posts"}],"about":[{"href":"https:\/\/hatarok-nelkul.com\/ro\/index.php?rest_route=\/wp\/v2\/types\/post"}],"author":[{"embeddable":true,"href":"https:\/\/hatarok-nelkul.com\/ro\/index.php?rest_route=\/wp\/v2\/users\/1"}],"replies":[{"embeddable":true,"href":"https:\/\/hatarok-nelkul.com\/ro\/index.php?rest_route=%2Fwp%2Fv2%2Fcomments&post=1749"}],"version-history":[{"count":4,"href":"https:\/\/hatarok-nelkul.com\/ro\/index.php?rest_route=\/wp\/v2\/posts\/1749\/revisions"}],"predecessor-version":[{"id":1755,"href":"https:\/\/hatarok-nelkul.com\/ro\/index.php?rest_route=\/wp\/v2\/posts\/1749\/revisions\/1755"}],"wp:featuredmedia":[{"embeddable":true,"href":"https:\/\/hatarok-nelkul.com\/ro\/index.php?rest_route=\/wp\/v2\/media\/1751"}],"wp:attachment":[{"href":"https:\/\/hatarok-nelkul.com\/ro\/index.php?rest_route=%2Fwp%2Fv2%2Fmedia&parent=1749"}],"wp:term":[{"taxonomy":"category","embeddable":true,"href":"https:\/\/hatarok-nelkul.com\/ro\/index.php?rest_route=%2Fwp%2Fv2%2Fcategories&post=1749"},{"taxonomy":"post_tag","embeddable":true,"href":"https:\/\/hatarok-nelkul.com\/ro\/index.php?rest_route=%2Fwp%2Fv2%2Ftags&post=1749"}],"curies":[{"name":"wp","href":"https:\/\/api.w.org\/{rel}","templated":true}]}}