{"id":1756,"date":"2016-09-01T23:39:58","date_gmt":"2016-09-01T20:39:58","guid":{"rendered":"http:\/\/hatarok-nelkul.com\/ro\/?p=1756"},"modified":"2016-09-01T23:40:25","modified_gmt":"2016-09-01T20:40:25","slug":"concluzii-ale-festivalul-valtoarea-mureseana-cu-vilmos-portik","status":"publish","type":"post","link":"https:\/\/hatarok-nelkul.com\/ro\/?p=1756","title":{"rendered":"Concluzii ale Festivalul V\u00e2ltoarea Mure\u015fean\u0103 cu Vilmos Portik"},"content":{"rendered":"<p style=\"text-align: justify;\"><a href=\"https:\/\/hatarok-nelkul.com\/ro\/wp-content\/uploads\/2016\/09\/1470394676-forgatag-portik.jpg\"><img loading=\"lazy\" decoding=\"async\" class=\"alignleft size-thumbnail wp-image-1757\" alt=\"1470394676-forgatag-portik\" src=\"https:\/\/hatarok-nelkul.com\/ro\/wp-content\/uploads\/2016\/09\/1470394676-forgatag-portik-150x150.jpg\" width=\"150\" height=\"150\" \/><\/a>Recent s-a \u00eencheiat a IV-a edi\u0163ie a Festivalului V\u00e2ltoarea Mure\u015fean\u0103 care a fost organizat cu scopul promov\u0103rii dialogului maghiaro-rom\u00e2n.<\/p>\n<p style=\"text-align: justify;\">L-am \u00eentrebat pe organizatorul principal al festivalului, Vilmos Portik, cum apreciaz\u0103 reu\u015fita acestei manifest\u0103ri. Care sunt aspectele asupra c\u0103rora trebuie aduse \u00eembun\u0103t\u0103\u0163iri sau, eventual, necesit\u0103 o altfel de abordare?<!--more--><\/p>\n<p style=\"text-align: justify;\">\u201c\u00cenc\u0103 nu am f\u0103cut o evaluare detaliat\u0103. Dar pot s\u0103 v\u0103 spun c\u0103 \u00een acest an au lipist serios acele n\u0103zuin\u0163e care ar fi ajutat la realizarea unui dialog de succes rom\u00e2no-maghiar. Cea mai important\u0103 cauz\u0103 a acestei deficien\u0163e a fost imposibilitatea de a accesa fondurile preg\u0103tite pentru acest scop. Aceste fonduri trebuiau s\u0103 fie accesate \u00een cooperare cu administra\u0163ia local\u0103, dar din cauza unor motive politice nu a fost fezabil\u0103. Dar dincolo de acest aspect, am avut c\u00e2teva programe \u00een cadrul c\u0103rora au luat cuv\u00e2ntul \u015fi unele persoane de na\u0163ionalitate rom\u00e2n\u0103 care, dup\u0103 cum am constatat, anul acesta au participat \u00eentr-un num\u0103r mai mare, dec\u00e2t \u00een edi\u0163iile anterioare. Noua loca\u0163ie \u2013 centrul ora\u015fului &#8211; ne-a rezervat multe surprize, la care nu ne-am a\u015fteptat \u015fi fa\u0163\u0103 de care trebuia s\u0103 ne acomod\u0103m \u015fi s\u0103 ac\u0163ion\u0103m imediat. \u00cens\u0103, un lucru este cert, faptul c\u0103 centrul ora\u015fului T\u00e2rgu Mure\u015f, datorit\u0103 accesibilit\u0103\u0163ii, a fost mult mai atractiv pentru public, ceea ce nu \u00eenseamn\u0103 c\u0103 \u00een celelalte loca\u0163ii nu a existat un interes. Potrivit estim\u0103rilor noastre, \u00een 14 loca\u0163ii \u00een care au fost prezentate cele 367 de programe, num\u0103rul <b>vizitatorilo<\/b>r s-a ridicat la aproximativ 90 de mii, deci nu vorbim de num\u0103rul participan\u0163ilor, ci de num\u0103rul vizitatorilor evenimentului. Am reu\u015fit s\u0103 organiz\u0103m bine multe lucruri, iar \u00een acest sens o dovad\u0103 sunt \u015fi cele 367 de programe \u00eenscrise \u00een caietul manifest\u0103rii\u201d, ne-a declarat Vilmos Portik.<\/p>\n<p style=\"text-align: justify;\">Interviu realizat de: Bal\u00e1zs Magdolna<\/p>\n<p style=\"text-align: justify;\">Foto:erdelyiriport.ro<\/p>\n<p>&nbsp;<\/p>\n","protected":false},"excerpt":{"rendered":"<p>Recent s-a \u00eencheiat a IV-a edi\u0163ie a Festivalului V\u00e2ltoarea Mure\u015fean\u0103 care a fost organizat cu scopul promov\u0103rii dialogului maghiaro-rom\u00e2n. L-am \u00eentrebat pe organizatorul <\/p>\n","protected":false},"author":1,"featured_media":1757,"comment_status":"open","ping_status":"open","sticky":false,"template":"","format":"standard","meta":{"footnotes":""},"categories":[1],"tags":[],"class_list":["post-1756","post","type-post","status-publish","format-standard","has-post-thumbnail","hentry","category-fara-categorie"],"_links":{"self":[{"href":"https:\/\/hatarok-nelkul.com\/ro\/index.php?rest_route=\/wp\/v2\/posts\/1756","targetHints":{"allow":["GET"]}}],"collection":[{"href":"https:\/\/hatarok-nelkul.com\/ro\/index.php?rest_route=\/wp\/v2\/posts"}],"about":[{"href":"https:\/\/hatarok-nelkul.com\/ro\/index.php?rest_route=\/wp\/v2\/types\/post"}],"author":[{"embeddable":true,"href":"https:\/\/hatarok-nelkul.com\/ro\/index.php?rest_route=\/wp\/v2\/users\/1"}],"replies":[{"embeddable":true,"href":"https:\/\/hatarok-nelkul.com\/ro\/index.php?rest_route=%2Fwp%2Fv2%2Fcomments&post=1756"}],"version-history":[{"count":2,"href":"https:\/\/hatarok-nelkul.com\/ro\/index.php?rest_route=\/wp\/v2\/posts\/1756\/revisions"}],"predecessor-version":[{"id":1759,"href":"https:\/\/hatarok-nelkul.com\/ro\/index.php?rest_route=\/wp\/v2\/posts\/1756\/revisions\/1759"}],"wp:featuredmedia":[{"embeddable":true,"href":"https:\/\/hatarok-nelkul.com\/ro\/index.php?rest_route=\/wp\/v2\/media\/1757"}],"wp:attachment":[{"href":"https:\/\/hatarok-nelkul.com\/ro\/index.php?rest_route=%2Fwp%2Fv2%2Fmedia&parent=1756"}],"wp:term":[{"taxonomy":"category","embeddable":true,"href":"https:\/\/hatarok-nelkul.com\/ro\/index.php?rest_route=%2Fwp%2Fv2%2Fcategories&post=1756"},{"taxonomy":"post_tag","embeddable":true,"href":"https:\/\/hatarok-nelkul.com\/ro\/index.php?rest_route=%2Fwp%2Fv2%2Ftags&post=1756"}],"curies":[{"name":"wp","href":"https:\/\/api.w.org\/{rel}","templated":true}]}}