{"id":1760,"date":"2016-09-02T00:38:39","date_gmt":"2016-09-01T21:38:39","guid":{"rendered":"http:\/\/hatarok-nelkul.com\/ro\/?p=1760"},"modified":"2016-09-02T00:38:58","modified_gmt":"2016-09-01T21:38:58","slug":"balazs-gergely-organizatorii-zilelor-culturale-maghiare-din-cluj-trebuie-sa-regandeasca-derularea-evenimentului","status":"publish","type":"post","link":"https:\/\/hatarok-nelkul.com\/ro\/?p=1760","title":{"rendered":"Bal\u00e1zs Gergely: organizatorii Zilelor Culturale Maghiare din Cluj  trebuie s\u0103 reg\u00e2ndeasc\u0103 derularea evenimentului"},"content":{"rendered":"<p style=\"text-align: justify;\"><a href=\"https:\/\/hatarok-nelkul.com\/ro\/wp-content\/uploads\/2016\/09\/gergelybalazs.jpg\"><img loading=\"lazy\" decoding=\"async\" class=\"alignleft size-thumbnail wp-image-1761\" alt=\"gergelybalazs\" src=\"https:\/\/hatarok-nelkul.com\/ro\/wp-content\/uploads\/2016\/09\/gergelybalazs-150x150.jpg\" width=\"150\" height=\"150\" \/><\/a>Asocia\u0163ia Clujul Comoar\u0103 a organizat \u00een \u00a0perioada 14-21 august a VII-a edi\u0163ie a evenimentului Zilele Culturale Maghiare din Cluj.<\/p>\n<p style=\"text-align: justify;\">Dup\u0103 \u00eencheierea acestei manifest\u0103ri l-am \u00eentrebat pe organizatorul principal, pre\u015fedintele Asocia\u0163iei Clujul Comoar\u0103, Bal\u00e1zs Gergely, despre cum s-a desf\u0103surat acest eveniment \u015fi dac\u0103 acesta s-a bucurat de interes \u00een r\u00e2ndul popula\u0163iei ora\u015fului?<!--more--><\/p>\n<p style=\"text-align: justify;\">\u201eOrganizatorii manifest\u0103rii au dat publicit\u0103\u0163ii un scurt comunicat evaluativ. Potrivit estim\u0103rilor noastre, anul acesta num\u0103rul celor care au vizionat programele noastre a crescut cu 25% fa\u0163\u0103 de anul trecut, iar programele \u015fi concertele prezentate \u00een ultimele trei zile au fost vizionate zilnic de peste 30 de mii de persoane. Dar mai important, dec\u00e2t acest aspect, este entuziasmul \u015fi reac\u0163ia pozitiv\u0103 a publicului. Dat fiind faptul c\u0103 interesul publicului este tot mai mare, \u00een viitor trebuie s\u0103 reg\u00e2ndim organizarea evenimentului, s\u0103 l\u0103rgim capacitatea spa\u0163iului alocat pentru aceast\u0103 manifestare\u201d, a spus Bal\u00e1zs Gergely.<\/p>\n<p style=\"text-align: justify;\">La \u00eentrebarea, dac\u0103 au fost ajuta\u0163i \u00een munca organizatoric\u0103 \u015fi de partidele maghiare, pre\u015fedintele Asocia\u0163iei Clujul Comoar\u0103 a men\u0163ionat:<\/p>\n<p style=\"text-align: justify;\">\u201ePartidele maghiare sunt parteneri distin\u015fi ai manifest\u0103rii, nu au atribu\u0163ii concrete privind organizarea, ele au un fel de statut de protector. \u00cen schimb, colabor\u0103m cu mul\u0163i parteneri civili, cu diferite institu\u0163ii, precum \u015fi cu 250 de voluntari, organizatorul principal al manifest\u0103rii fiind Asocia\u0163ia Clujul Comoar\u0103\u201d.<\/p>\n<p style=\"text-align: justify;\">Interviu realizat de: Bal\u00e1zs Magdolna<\/p>\n<p style=\"text-align: justify;\">Foto: www.maszol.ro<\/p>\n","protected":false},"excerpt":{"rendered":"<p>Asocia\u0163ia Clujul Comoar\u0103 a organizat \u00een \u00a0perioada 14-21 august a VII-a edi\u0163ie a evenimentului Zilele Culturale Maghiare din Cluj. Dup\u0103 \u00eencheierea acestei manifest\u0103ri <\/p>\n","protected":false},"author":1,"featured_media":1761,"comment_status":"open","ping_status":"open","sticky":false,"template":"","format":"standard","meta":{"footnotes":""},"categories":[1],"tags":[],"class_list":["post-1760","post","type-post","status-publish","format-standard","has-post-thumbnail","hentry","category-fara-categorie"],"_links":{"self":[{"href":"https:\/\/hatarok-nelkul.com\/ro\/index.php?rest_route=\/wp\/v2\/posts\/1760","targetHints":{"allow":["GET"]}}],"collection":[{"href":"https:\/\/hatarok-nelkul.com\/ro\/index.php?rest_route=\/wp\/v2\/posts"}],"about":[{"href":"https:\/\/hatarok-nelkul.com\/ro\/index.php?rest_route=\/wp\/v2\/types\/post"}],"author":[{"embeddable":true,"href":"https:\/\/hatarok-nelkul.com\/ro\/index.php?rest_route=\/wp\/v2\/users\/1"}],"replies":[{"embeddable":true,"href":"https:\/\/hatarok-nelkul.com\/ro\/index.php?rest_route=%2Fwp%2Fv2%2Fcomments&post=1760"}],"version-history":[{"count":3,"href":"https:\/\/hatarok-nelkul.com\/ro\/index.php?rest_route=\/wp\/v2\/posts\/1760\/revisions"}],"predecessor-version":[{"id":1764,"href":"https:\/\/hatarok-nelkul.com\/ro\/index.php?rest_route=\/wp\/v2\/posts\/1760\/revisions\/1764"}],"wp:featuredmedia":[{"embeddable":true,"href":"https:\/\/hatarok-nelkul.com\/ro\/index.php?rest_route=\/wp\/v2\/media\/1761"}],"wp:attachment":[{"href":"https:\/\/hatarok-nelkul.com\/ro\/index.php?rest_route=%2Fwp%2Fv2%2Fmedia&parent=1760"}],"wp:term":[{"taxonomy":"category","embeddable":true,"href":"https:\/\/hatarok-nelkul.com\/ro\/index.php?rest_route=%2Fwp%2Fv2%2Fcategories&post=1760"},{"taxonomy":"post_tag","embeddable":true,"href":"https:\/\/hatarok-nelkul.com\/ro\/index.php?rest_route=%2Fwp%2Fv2%2Ftags&post=1760"}],"curies":[{"name":"wp","href":"https:\/\/api.w.org\/{rel}","templated":true}]}}