{"id":1766,"date":"2016-09-08T21:32:27","date_gmt":"2016-09-08T18:32:27","guid":{"rendered":"http:\/\/hatarok-nelkul.com\/ro\/?p=1766"},"modified":"2016-09-08T21:32:42","modified_gmt":"2016-09-08T18:32:42","slug":"premierul-ungariei-a-fost-distins-cu-premiul-omul-anului","status":"publish","type":"post","link":"https:\/\/hatarok-nelkul.com\/ro\/?p=1766","title":{"rendered":"Premierul Ungariei a fost distins cu Premiul &#8220;Omul Anului&#8221;"},"content":{"rendered":"<p style=\"text-align: justify;\"><a href=\"https:\/\/hatarok-nelkul.com\/ro\/wp-content\/uploads\/2016\/09\/orban.jpg\"><img loading=\"lazy\" decoding=\"async\" class=\"alignleft size-thumbnail wp-image-1767\" alt=\"orban\" src=\"https:\/\/hatarok-nelkul.com\/ro\/wp-content\/uploads\/2016\/09\/orban-150x150.jpg\" width=\"150\" height=\"150\" \/><\/a>Mar\u021bi, 06.09.2016, la Forumul Economic de la Krynica, Polonia, premierul ungar Viktor Orb\u00e1n a fost distins cu Premiul &#8220;Omul Anului&#8221;, care reprezint\u0103 cea mai \u00eenalt\u0103 recunoa\u015ftere a acestui forum.<\/p>\n<p style=\"text-align: justify;\">La decernarea premiului, Viktor Orb\u00e1n a declarat c\u0103, dac\u0103 ar fi fost \u00eentrebat, ar fi putut men\u0163iona mai mul\u0163i candida\u0163i excep\u0163ionali pentru acest premiu. <!--more-->Ultimii ani au \u00eensemnat primii mari pa\u015fi spre reg\u0103sirea de sine \u015fi a rena\u015fterii Europei Centrale, iar \u00een Grupul \u0163\u0103rilor de la Vi\u0219egrad sunt colegi excep\u0163ionali, care ar fi putut fi distin\u015fi cu Premiul &#8220;Omul Anului&#8221;, a subliniat premierul ungar. Potrivit oficialului ungar, premiile sunt decernate pentru promovarea unor cauze, iar cauzele pot fi reprezentate de persoane. \u00cen ultimele trei decenii, premierul s-a izbit de obstacole \u00een demersurile sale lansate pentru ap\u0103rarea mai multor cauze, dar acum a fost recunoscut\u0103, probabil, munca sa, depus\u0103 \u00een interesul Europei Centrale, a opinat Viktor Orb\u00e1n, care a subliniat: Popoarele din Europa Central\u0103 trebui s\u0103 \u00ee\u015fi p\u0103streze identitatea religioas\u0103, na\u0163ional\u0103 \u015fi istoric\u0103, ceea ce &#8220;nu este o ironie a r\u0103ului, de care trebuie s\u0103 ne debaras\u0103m, ci o armur\u0103 care ne protejeaz\u0103&#8221;, ne ajut\u0103 \u00een efortul nostru depus pentru supravie\u0163uire \u015fi ne poate ajuta s\u0103 avem succese. Vor izbuti acele comunit\u0103\u0163i care au o identitate puternic\u0103, a ad\u0103ugat premierul Ungariei. \u00cen opinia lui Viktor Orb\u00e1n, identitatea trebuie ap\u0103rat\u0103 \u00een orice situa\u0163ie, deoarece, \u00een caz contrar, &#8220;nu vom avea loc sub soare&#8221;.<\/p>\n<p style=\"text-align: justify;\">Pe de alt\u0103 parte, premierul ungar a subliniat importan\u0163a prieteniei ungaro-ploneze, a bunelor rela\u0163ii dintre cele dou\u0103 popoare \u015fi a liderilor acestora. Pentru popula\u0163ia Ungariei, prietenia cu poporul polonez \u00eenseamn\u0103 cea mai mare prietenie dintre toate cele cu popoarele lumii, de aceea valoarea acestui premiu este \u015fi mai mare, deoarece l-a primit din partea polonezilor \u015fi \u00een numele prieteniei, a subliniat premierul ungar. Politologul polonez Igor Janke, autorul monografiei &#8220;Hai, Ungaria!&#8221;, publicat\u0103 \u015fi \u00een Ungaria \u015fi \u00een care este vorba despre Viktor Orb\u00e1n, a evocat cariera politic\u0103 a premierului ungar, subliniind c\u0103 aceast\u0103 lupt\u0103 perseverent\u0103 a adus victoria FIDESZ, \u00een 2010, c\u00e2nd Ungaria se afla \u00een pragul catastrofei. Acest partid a repurtat o victorie cov\u00e2r\u015fitoare, cu care mul\u0163i nu s-au \u00eemp\u0103cat, \u00eens\u0103 previziunile criticilor nu s-au adeverit, deoarece Ungaria a dep\u0103\u015fit criza, a devenit tot mai puternic\u0103, reformele care au provocat multe dispute sau dovedit a fi eficiente, iar azi Guvernul polonez urmeaz\u0103 aceea\u015fi cale, a men\u0163ionat Igor Janke, care a mai afirmat c\u0103 Viktor Orb\u00e1n a demonstrat c\u0103 mereu exist\u0103 o posibilitate, \u00eentotdeauna se poate ob\u0163ine o schimbare. Premierul Ungariei este un politician puternic, hot\u0103r\u00e2t \u015fi curajos \u015fi \u00een vremurile grele, \u015fi numai cu asemenea oameni se pot ob\u0163ine schimb\u0103ri, de asemenea oameni avem nevoie, a subliniat politologul polonez. De men\u0163ionat c\u0103 Premiul &#8220;Omul Anului&#8221; este decernat de o comisie format\u0103 din 30 de reprezentan\u0163i ai vie\u0163ii politice \u015fi economice din Polonia. Premiul a fost decernat premierului Viktor Orb\u00e1n de omologul s\u0103u polonez, Beata Szydlo.<\/p>\n<p style=\"text-align: justify;\">Traducerea: P\u00e9terffy T\u00fcnde<\/p>\n<p style=\"text-align: justify;\">Sursa:Magyar Id\u0151k<\/p>\n<p style=\"text-align: justify;\">Foto:www.demokrata.hu<\/p>\n<p>&nbsp;<\/p>\n","protected":false},"excerpt":{"rendered":"<p>Mar\u021bi, 06.09.2016, la Forumul Economic de la Krynica, Polonia, premierul ungar Viktor Orb\u00e1n a fost distins cu Premiul &#8220;Omul Anului&#8221;, care reprezint\u0103 cea <\/p>\n","protected":false},"author":1,"featured_media":1767,"comment_status":"open","ping_status":"open","sticky":false,"template":"","format":"standard","meta":{"footnotes":""},"categories":[1],"tags":[],"class_list":["post-1766","post","type-post","status-publish","format-standard","has-post-thumbnail","hentry","category-fara-categorie"],"_links":{"self":[{"href":"https:\/\/hatarok-nelkul.com\/ro\/index.php?rest_route=\/wp\/v2\/posts\/1766","targetHints":{"allow":["GET"]}}],"collection":[{"href":"https:\/\/hatarok-nelkul.com\/ro\/index.php?rest_route=\/wp\/v2\/posts"}],"about":[{"href":"https:\/\/hatarok-nelkul.com\/ro\/index.php?rest_route=\/wp\/v2\/types\/post"}],"author":[{"embeddable":true,"href":"https:\/\/hatarok-nelkul.com\/ro\/index.php?rest_route=\/wp\/v2\/users\/1"}],"replies":[{"embeddable":true,"href":"https:\/\/hatarok-nelkul.com\/ro\/index.php?rest_route=%2Fwp%2Fv2%2Fcomments&post=1766"}],"version-history":[{"count":2,"href":"https:\/\/hatarok-nelkul.com\/ro\/index.php?rest_route=\/wp\/v2\/posts\/1766\/revisions"}],"predecessor-version":[{"id":1769,"href":"https:\/\/hatarok-nelkul.com\/ro\/index.php?rest_route=\/wp\/v2\/posts\/1766\/revisions\/1769"}],"wp:featuredmedia":[{"embeddable":true,"href":"https:\/\/hatarok-nelkul.com\/ro\/index.php?rest_route=\/wp\/v2\/media\/1767"}],"wp:attachment":[{"href":"https:\/\/hatarok-nelkul.com\/ro\/index.php?rest_route=%2Fwp%2Fv2%2Fmedia&parent=1766"}],"wp:term":[{"taxonomy":"category","embeddable":true,"href":"https:\/\/hatarok-nelkul.com\/ro\/index.php?rest_route=%2Fwp%2Fv2%2Fcategories&post=1766"},{"taxonomy":"post_tag","embeddable":true,"href":"https:\/\/hatarok-nelkul.com\/ro\/index.php?rest_route=%2Fwp%2Fv2%2Ftags&post=1766"}],"curies":[{"name":"wp","href":"https:\/\/api.w.org\/{rel}","templated":true}]}}