{"id":1770,"date":"2016-09-08T21:52:07","date_gmt":"2016-09-08T18:52:07","guid":{"rendered":"http:\/\/hatarok-nelkul.com\/ro\/?p=1770"},"modified":"2016-09-08T21:54:31","modified_gmt":"2016-09-08T18:54:31","slug":"miklos-soltesz-guvernul-ungar-va-depune-eforturi-pentru-sustinerea-minoritatilor-nationale-din-ungaria","status":"publish","type":"post","link":"https:\/\/hatarok-nelkul.com\/ro\/?p=1770","title":{"rendered":"Mikl\u00f3s Solt\u00e9sz &#8211; Guvernul ungar va depune eforturi pentru sus\u0163inerea minorit\u0103\u0163ilor na\u0163ionale din Ungaria"},"content":{"rendered":"<p style=\"text-align: justify;\"><a href=\"https:\/\/hatarok-nelkul.com\/ro\/wp-content\/uploads\/2016\/09\/soltesz.jpg\"><img loading=\"lazy\" decoding=\"async\" class=\"alignleft size-thumbnail wp-image-1771\" alt=\"soltesz\" src=\"https:\/\/hatarok-nelkul.com\/ro\/wp-content\/uploads\/2016\/09\/soltesz-150x150.jpg\" width=\"150\" height=\"150\" \/><\/a>Executivul de la Budapesta va men\u0163ine \u015fi \u00een viitor politica sa privind na\u0163ionalit\u0103\u0163ile \u015fi bisericile \u00een interesul consolid\u0103rii minorit\u0103\u0163ilor na\u0163ionale din Ungaria, a declarat miercuri, la B\u0103\u021bania (Battonya), jude\u0163ul B\u00e9k\u00e9s, secretarul de stat pentru culte, na\u0163ionalit\u0103\u0163i \u015fi rela\u0163ia cu societatea civil\u0103 din cadrul Ministerului ungar al Resurselor Umane. Mikl\u00f3s Solt\u00e9sz a precizat la festivitatea de inaugurare a \u015fcolii \u015fi gr\u0103dini\u0163ei &#8220;Lucian Magdu&#8221;, care s-a extins cu noi s\u0103li de cursuri: \u00cen ultimii \u015fase ani, Guvernul ungar a procedat continuu la cre\u015fterea sprijinului acordat minorit\u0103\u0163ilor na\u0163ionale din Ungaria \u00een vederea consolid\u0103rii celor 13 minorit\u0103\u0163i care tr\u0103iesc \u00een aceast\u0103 \u0163ar\u0103.<!--more--> Minorit\u0103\u0163ile na\u0163ionale din Ungaria contribuie la dezvoltarea Ungariei, a\u015fa cum \u015fi maghiarii din celelalte \u0163\u0103ri au un efect pozitiv asupra \u0163\u0103rii \u00een care tr\u0103iesc, a spus secretarul de stat, potrivit c\u0103ruia \u00een urm\u0103 cu \u015fase ani nimeni nu s-a g\u00e2ndit c\u0103 Europa va fi amenin\u0163at\u0103 de pericolele cu care ne confrunt\u0103m azi, iar \u00een acest context na\u0163iunile din Europa Central\u0103 vor avea \u015fi mai mult\u0103 nevoie unele de celelalte. De aceea, trebuie \u00eenl\u0103turate vechile prejudicii \u015fi \u00eentre\u0163inut\u0103 o rela\u0163ie de cooperare \u00een spiritul prieteniei, a subliniat Mikl\u00f3s Solt\u00e9sz.<\/p>\n<p style=\"text-align: justify;\">\u00cen discursul s\u0103u festiv, oficialul ungar a subliniat c\u0103 Executivul de la Budapesta va sprijini cu dou\u0103 milioane de forin\u0163i achzi\u0163ionarea Casei Rom\u00e2nilor de la B\u0103\u021bania, iar Gimnaziul Nicolae B\u0103lcescu, precum \u015fi \u015ecoala General\u0103 \u015fi Colegiul din Jula &#8211; care este singurul liceul (bilingv) al minorit\u0103\u0163ii na\u0163ionale rom\u00e2ne din Ungaria &#8211; vor beneficia \u00een cur\u00e2nd de un sprijin \u00een valoare de 35 de milioane de forin\u0163i. Secretarul de stat a amintit: \u00cen 2010, doar 10 institu\u0163ii de \u00eenv\u0103\u0163\u0103m\u00e2nt au fost administrate de autoguvern\u0103rile minorit\u0103\u0163ilor din Ungaria, pentru ca \u00een acest an \u015fcolar aceast\u0103 cifr\u0103 s\u0103 ajung\u0103 la aproape 70, ceea ce demonstreaz\u0103 \u015fi utilizarea adecvat\u0103 a sprijinului de stat. Este nevoie de solidarizarea autoguvern\u0103rilor locale \u015fi a celor ale minorit\u0103\u0163ilor, iar pentru sus\u0163inerea acestei solidariz\u0103ri statul ungar va acorda tot sprijinul, a precizat Mikl\u00f3s Solt\u00e9sz. Reprezentantul rom\u00e2nilor \u00een Parlamentul Ungariei, Traian Cresta, a declarat c\u0103 este un progres uria\u015f \u00eentroducerea \u00een Legislativul ungar a acestui sistem de reprezentare, prin care minorit\u0103\u0163ile na\u0163ionale din Ungaria vor putea participa la activitatea Parlamentului de la Budapesta. Datorit\u0103 cre\u015fterii finan\u0163\u0103rii, Autoguvernarea Na\u0163ional\u0103 a Rom\u00e2nilor din Ungaria a demarat procedurile de preluare a unei \u015fcoli, iar scopul s\u0103u este ca cele dou\u0103 \u015fcoli cu predare \u00een limba rom\u00e2n\u0103 s\u0103 fie transferate sub autoritatea sa. \u00cen aceste dou\u0103 institu\u0163ii de \u00eenv\u0103\u0163\u0103m\u00e2nt au fost \u00eencepute lucr\u0103rile de reabilitare, ale c\u0103ror valorea atinge mai multe milioane de forin\u0163i, a ad\u0103ugat Traian Cresta, care \u015fi-a exprimat bucuria pentru c\u0103 \u00een aceste \u015fcoli cre\u015fte num\u0103rul elevilor. Drept exemplu, Traian Cresta a amintit c\u0103 la preluarea institu\u0163iei de la Jula, aici au \u00eenv\u0103\u0163at 320 de elevi, iar \u00een prezent \u00eenva\u0163\u0103 peste 420. Reprezentantul rom\u00e2nilor din Ungaria a mai spus c\u0103 ar dori ca \u015fi Autoguvernarea Na\u0163ional\u0103 a Rom\u00e2nilor din Ungaria s\u0103 concureze pentru c\u00e2\u015ftigarea unor proiecte, iar \u00een acest sens au \u00eenfiin\u0163at un fond financiar al c\u0103rui valoare este de un miliard de forin\u0163i. Anul viitor vor s\u0103 \u00eenfiin\u0163eze, cu un buget de 31 de milioane de forin\u0163i, \u015fi un centru de \u00eenv\u0103\u0163\u0103m\u00e2nt \u00een care s\u0103 fie folosit\u0103 programa \u015fcolar\u0103 din Rom\u00e2nia. De asemenea, vor sprijini cu cinci milioane de forin\u0163i \u015fi \u00eenfiin\u0163area unui teatru, a mai men\u0163ionat Traian Cresta. \u015ecoala de la B\u0103\u021bania, aflat\u0103 \u00een administrarea Autoguvern\u0103rii Rom\u00e2nilor din Ungaria, a fost extins\u0103 datorit\u0103 unui sprijin bugetar de 150 de milioane de forin\u0163i aloca\u0163i de statul ungar, fiind nevoie de aceast\u0103 lucrare datorit\u0103 cre\u015fterii num\u0103rului elevilor. \u015ecoala, \u00een care \u00eenva\u0163\u0103 140 de elevi, a fost dat\u0103 \u00een folosin\u0163\u0103 \u00een 2008, c\u00e2nd s-a putut folosi pentru activit\u0103\u0163i \u015fcolare numai parterul cl\u0103dirii. La etaj, acum, au fost amenajate s\u0103li de cursuri, a ad\u0103ugat Traian Cresta.<\/p>\n<p style=\"text-align: justify;\">\u00cen Ungaria, una dintre cele mai numeroase minorit\u0103\u0163i este cea a rom\u00e2nilor, care beneficiaz\u0103 de \u00eenv\u0103\u0163\u0103m\u00e2t propriu \u00een 14 localit\u0103\u0163i, dintre care \u015fi un liceu, cu profil bilingv. Num\u0103rul elevilor care frecventeaz\u0103 cursurile \u00een limba rom\u00e2n\u0103 este de peste 1.700.<\/p>\n<p style=\"text-align: justify;\">Trducerea:P\u00e9terffy T\u00fcnde<\/p>\n<p style=\"text-align: justify;\">Sursa MTI<\/p>\n<p style=\"text-align: justify;\">Foto: www.hirado.hu<\/p>\n<p>&nbsp;<\/p>\n","protected":false},"excerpt":{"rendered":"<p>Executivul de la Budapesta va men\u0163ine \u015fi \u00een viitor politica sa privind na\u0163ionalit\u0103\u0163ile \u015fi bisericile \u00een interesul consolid\u0103rii minorit\u0103\u0163ilor na\u0163ionale din Ungaria, a <\/p>\n","protected":false},"author":1,"featured_media":1771,"comment_status":"open","ping_status":"open","sticky":false,"template":"","format":"standard","meta":{"footnotes":""},"categories":[1],"tags":[],"class_list":["post-1770","post","type-post","status-publish","format-standard","has-post-thumbnail","hentry","category-fara-categorie"],"_links":{"self":[{"href":"https:\/\/hatarok-nelkul.com\/ro\/index.php?rest_route=\/wp\/v2\/posts\/1770","targetHints":{"allow":["GET"]}}],"collection":[{"href":"https:\/\/hatarok-nelkul.com\/ro\/index.php?rest_route=\/wp\/v2\/posts"}],"about":[{"href":"https:\/\/hatarok-nelkul.com\/ro\/index.php?rest_route=\/wp\/v2\/types\/post"}],"author":[{"embeddable":true,"href":"https:\/\/hatarok-nelkul.com\/ro\/index.php?rest_route=\/wp\/v2\/users\/1"}],"replies":[{"embeddable":true,"href":"https:\/\/hatarok-nelkul.com\/ro\/index.php?rest_route=%2Fwp%2Fv2%2Fcomments&post=1770"}],"version-history":[{"count":4,"href":"https:\/\/hatarok-nelkul.com\/ro\/index.php?rest_route=\/wp\/v2\/posts\/1770\/revisions"}],"predecessor-version":[{"id":1775,"href":"https:\/\/hatarok-nelkul.com\/ro\/index.php?rest_route=\/wp\/v2\/posts\/1770\/revisions\/1775"}],"wp:featuredmedia":[{"embeddable":true,"href":"https:\/\/hatarok-nelkul.com\/ro\/index.php?rest_route=\/wp\/v2\/media\/1771"}],"wp:attachment":[{"href":"https:\/\/hatarok-nelkul.com\/ro\/index.php?rest_route=%2Fwp%2Fv2%2Fmedia&parent=1770"}],"wp:term":[{"taxonomy":"category","embeddable":true,"href":"https:\/\/hatarok-nelkul.com\/ro\/index.php?rest_route=%2Fwp%2Fv2%2Fcategories&post=1770"},{"taxonomy":"post_tag","embeddable":true,"href":"https:\/\/hatarok-nelkul.com\/ro\/index.php?rest_route=%2Fwp%2Fv2%2Ftags&post=1770"}],"curies":[{"name":"wp","href":"https:\/\/api.w.org\/{rel}","templated":true}]}}