{"id":1781,"date":"2016-09-12T22:51:58","date_gmt":"2016-09-12T19:51:58","guid":{"rendered":"http:\/\/hatarok-nelkul.com\/ro\/?p=1781"},"modified":"2016-09-12T22:51:58","modified_gmt":"2016-09-12T19:51:58","slug":"simona-pop-campioana-la-rio-felicitata-de-premierul-ungariei","status":"publish","type":"post","link":"https:\/\/hatarok-nelkul.com\/ro\/?p=1781","title":{"rendered":"Simona Pop, campioan\u0103 la Rio, felicitat\u0103 de premierul Ungariei"},"content":{"rendered":"<p style=\"text-align: justify;\"><a href=\"https:\/\/hatarok-nelkul.com\/ro\/wp-content\/uploads\/2016\/09\/simona-pop.jpg\"><img loading=\"lazy\" decoding=\"async\" class=\"alignleft size-thumbnail wp-image-1782\" alt=\"simona pop\" src=\"https:\/\/hatarok-nelkul.com\/ro\/wp-content\/uploads\/2016\/09\/simona-pop-150x150.jpg\" width=\"150\" height=\"150\" \/><\/a>Sportiva Simona Pop, component\u0103 a echipei de scrim\u0103 a Rom\u00e2niei, care a cucerit titlul olimpic la Jocurile Olimpice de la Rio de Janeiro, a fost felicitat\u0103, printr-o scrisoare redactat\u0103 \u00een limba englez\u0103, de premierul Ungariei, Viktor Orb\u00e1n, informeaz\u0103 agen\u021bia de pres\u0103 MTI. Viktor Orb\u00e1n a felicitat-o pe Simona Pop pentru victoria sa la Olimpiad\u0103 \u0219i i-a urat mult\u0103 s\u0103n\u0103tate \u015fi succese \u00een viitor. Scrisoarea i-a fost \u00eenm\u00e2nat\u0103 sportivei de Annam\u00e1ria B\u00e9kefi, consulul Ungariei la Cluj, \u00een sala de scrim\u0103 \u201cCsipler S\u00e1ndor\u201d, din Satu Mare.<!--more--><\/p>\n<p style=\"text-align: justify;\">Dup\u0103 victoria sa la Rio, Simona Pop, originar\u0103 din Satu Mare, a devenit foarte popular\u0103 prin faptul c\u0103 dup\u0103 ob\u0163inerea medaliei, pe un portal de socializare i-a mul\u0163umit \u00een limbile maghiar\u0103 \u015fi rom\u00e2n\u0103 ora\u015fului s\u0103u natal pentru medalia de aur.<\/p>\n<p style=\"text-align: justify;\">Dup\u0103 preluarea scrisorii premierului Viktor Orb\u00e1n, sportiva a declarat c\u0103 pentru ea este o mare onoare aceast\u0103 scrisoare de felicitare. R\u0103spunz\u00e2nd la \u00eentrebarea privind cuno\u015ftin\u0163ele sale de limb\u0103 maghiar\u0103, Simona Pop a declarat c\u0103 tat\u0103l s\u0103u a fost maghiar \u015fi \u00een familie au vorbit \u00een limba maghiar\u0103, dar studiile liceale \u015fi universitare le-a urmat \u00een limba rom\u00e2n\u0103. Dat fiind faptul c\u0103, cu ani \u00een urm\u0103 a semnat cu CSA Steaua, Clubul Armatei din Bucure\u015fti, nu a putut solicita p\u00e2n\u0103 acum cet\u0103\u0163enia ungar\u0103,\u00a0 a mai men\u0163ionat sportiv\u0103.<\/p>\n<p style=\"text-align: justify;\">\u201eProbabil dup\u0103 ce m\u0103 voi retrage din activitatea competi\u0163ional\u0103 \u015fi nu voi mai face parte din Clubul Armatei, voi solicita acordarea cet\u0103\u0163eniei ungare\u201d, a ad\u0103ugat Simona Pop.<\/p>\n<p style=\"text-align: justify;\">\u00cens\u0103, de pe portalul Digi sport afl\u0103m c\u0103 Simona Pop, campioana olimpic\u0103 a negat informa\u0163ia potrivit c\u0103reia ar inten\u0163iona s\u0103-\u015fi ia cet\u0103\u0163enia ungar\u0103 dup\u0103 ce se va retrage din activitate, acuz\u00e2nd o \u00eencercare de manipulare a publicului. <em><b>&#8220;Cuvintele mi-au fost r\u0103st\u0103lm\u0103cite de unguri, nu inten\u0163ionez vreodat\u0103 s\u0103-mi iau cet\u0103\u0163enia maghiar\u0103!<\/b><\/em><em>&#8220;<\/em> a declarat pentru ProSport campioana olimpic\u0103 de la Rio.<\/p>\n<p style=\"text-align: justify;\"><b>Premierul Viktor Orb\u00e1n a adresat o scrisoare de felicitare \u015fi membrilor maghiari ai echipei kaiak-conoe 4 a Slovaciei \u015fi antrenorului echipei<\/b>, P\u00e9ter Liker, scrie hvg.hu.<\/p>\n<p style=\"text-align: justify;\">Echipa format\u0103 din Vlcek Erik, Gy\u00f6rgy Tarr, Tibor Linka \u015fi Mys\u00e1k Denis a c\u00e2\u015ftigat medalia de argint, la CE din Rio de Janeiro, pe distan\u0163a de 1000 de metri. Anul trecut echipa a c\u00e2\u015ftigat medalia de aur la Campionatul Mondial de la Milano.<\/p>\n<p style=\"text-align: justify;\">Traducerea: P\u00e9terffy T\u00fcnde<\/p>\n<p style=\"text-align: justify;\">Sursa: mno, hvg<\/p>\n<p style=\"text-align: justify;\">Foto: www.szatmar.ro<\/p>\n","protected":false},"excerpt":{"rendered":"<p>Sportiva Simona Pop, component\u0103 a echipei de scrim\u0103 a Rom\u00e2niei, care a cucerit titlul olimpic la Jocurile Olimpice de la Rio de Janeiro, <\/p>\n","protected":false},"author":1,"featured_media":1782,"comment_status":"open","ping_status":"open","sticky":false,"template":"","format":"standard","meta":{"footnotes":""},"categories":[1],"tags":[],"class_list":["post-1781","post","type-post","status-publish","format-standard","has-post-thumbnail","hentry","category-fara-categorie"],"_links":{"self":[{"href":"https:\/\/hatarok-nelkul.com\/ro\/index.php?rest_route=\/wp\/v2\/posts\/1781","targetHints":{"allow":["GET"]}}],"collection":[{"href":"https:\/\/hatarok-nelkul.com\/ro\/index.php?rest_route=\/wp\/v2\/posts"}],"about":[{"href":"https:\/\/hatarok-nelkul.com\/ro\/index.php?rest_route=\/wp\/v2\/types\/post"}],"author":[{"embeddable":true,"href":"https:\/\/hatarok-nelkul.com\/ro\/index.php?rest_route=\/wp\/v2\/users\/1"}],"replies":[{"embeddable":true,"href":"https:\/\/hatarok-nelkul.com\/ro\/index.php?rest_route=%2Fwp%2Fv2%2Fcomments&post=1781"}],"version-history":[{"count":2,"href":"https:\/\/hatarok-nelkul.com\/ro\/index.php?rest_route=\/wp\/v2\/posts\/1781\/revisions"}],"predecessor-version":[{"id":1784,"href":"https:\/\/hatarok-nelkul.com\/ro\/index.php?rest_route=\/wp\/v2\/posts\/1781\/revisions\/1784"}],"wp:featuredmedia":[{"embeddable":true,"href":"https:\/\/hatarok-nelkul.com\/ro\/index.php?rest_route=\/wp\/v2\/media\/1782"}],"wp:attachment":[{"href":"https:\/\/hatarok-nelkul.com\/ro\/index.php?rest_route=%2Fwp%2Fv2%2Fmedia&parent=1781"}],"wp:term":[{"taxonomy":"category","embeddable":true,"href":"https:\/\/hatarok-nelkul.com\/ro\/index.php?rest_route=%2Fwp%2Fv2%2Fcategories&post=1781"},{"taxonomy":"post_tag","embeddable":true,"href":"https:\/\/hatarok-nelkul.com\/ro\/index.php?rest_route=%2Fwp%2Fv2%2Ftags&post=1781"}],"curies":[{"name":"wp","href":"https:\/\/api.w.org\/{rel}","templated":true}]}}