{"id":1786,"date":"2016-09-12T23:01:30","date_gmt":"2016-09-12T20:01:30","guid":{"rendered":"http:\/\/hatarok-nelkul.com\/ro\/?p=1786"},"modified":"2016-09-12T23:01:51","modified_gmt":"2016-09-12T20:01:51","slug":"pcm-va-avea-doi-candidati-eligibili-pe-lista-udmr-la-alegerile-parlamentare","status":"publish","type":"post","link":"https:\/\/hatarok-nelkul.com\/ro\/?p=1786","title":{"rendered":"PCM va avea doi candida\u0163i eligibili pe lista UDMR la alegerile parlamentare"},"content":{"rendered":"<p style=\"text-align: justify;\"><a href=\"https:\/\/hatarok-nelkul.com\/ro\/wp-content\/uploads\/2016\/09\/MPP.jpg\"><img loading=\"lazy\" decoding=\"async\" class=\"alignleft size-thumbnail wp-image-1787\" alt=\"MPP\" src=\"https:\/\/hatarok-nelkul.com\/ro\/wp-content\/uploads\/2016\/09\/MPP-150x150.jpg\" width=\"150\" height=\"150\" \/><\/a>Pre\u015fedintele Partidului Civic Maghiar (PCM), Zsolt Bir\u00f3, \u015fi pre\u015fedintele organiza\u0163iei PCM din Covasna, Terza J\u00f3zsef Kulcs\u00e1r, vor fi trecu\u0163i pe locuri considerate eligibile pe lista Uniunii Democrate Maghiare din Rom\u00e2nia pentru alegerile parlamentare, care vor avea loc pe 11 decembrie, a decis pre\u015fedin\u0163ia UDMR la \u015fedin\u0163a sa extins\u0103, care a avut loc vineri, la Ghindari, jude\u0163ul Mure\u015f. Zsolt Bir\u00f3 a declarat Agen\u0163iei ungare de Pres\u0103 MTI c\u0103 la reuniunea de la Ghindari s-a decis ordinea candida\u0163ilor \u015fi a fost adoptat textul unui acord de cooperare \u00eentre PCM \u015fi UDMR, care va fi aprobat pe parcursul s\u0103pt\u0103m\u00e2nii viitoare.<!--more--><\/p>\n<p style=\"text-align: justify;\">Pre\u015fedintele PCM a mai declarat c\u0103 PCM \u015fi UDMR nu pot \u00eencheia un acord de coali\u0163ie, a\u015fa cum prevede legea electoral\u0103, deoarece \u00een cazul unei coali\u0163ii pragul electoral cre\u015fte \u00eentr-o m\u0103sur\u0103 at\u00e2t de mare \u00eenc\u00e2t coali\u0163ia partidelor maghiare nu va putea accede \u00een Parlament. Din acest motiv candida\u0163ii PCM se vor lansa \u00een competi\u0163ie pe lista de candida\u0163i a UDMR, ceea ce este posibil, deoarece UDMR este \u00eenregistrat\u0103 ca o organiza\u0163ie pentru ap\u0103rarea intereselor maghiarilor, iar PCM este \u00eenregistrat ca partid. Astfel c\u0103, membrii PCM pot deveni membri UDMR, f\u0103r\u0103 a renun\u0163a la statutul de membru al partidului. Politicienii PCM care vor ob\u0163ine un mandat de parlamentar pe lista UDMR vor activa \u00een grupul parlamentar al UDMR.<\/p>\n<p style=\"text-align: justify;\">Tot vineri a avut loc \u015fi \u015fedin\u0163a Consiliului Permanent al UDMR, ocazie cu care s-a decis c\u0103 UDMR va oferi c\u00e2te un loc eligibil candida\u0163ilor PCM \u00een jude\u0163ul Covasna \u015fi \u00een Odorheiu Secuiesc, jude\u0163ul Harghita, a declarat portalului de limb\u0103 maghiar\u0103, Maszol.ro, pre\u015fedintele executiv al UDMR, P\u00e9ter Kov\u00e1cs. La alegerile parlamentare din 11 decembrie, aleg\u0103torii vor vota pe liste de partid. \u00cen jude\u0163ele Covasna \u015fi Harghita, la alegerile din ultimii 26 de ani aproape toate mandatele parlamentare au fost c\u00e2\u015ftigate de candida\u0163ii UDMR.<\/p>\n<p style=\"text-align: justify;\">Traducerea: P\u00e9terffy T\u00fcnde<\/p>\n<p style=\"text-align: justify;\">Sursa: MTI<\/p>\n<p style=\"text-align: justify;\">Foto: itthon. transindex.ro<\/p>\n","protected":false},"excerpt":{"rendered":"<p>Pre\u015fedintele Partidului Civic Maghiar (PCM), Zsolt Bir\u00f3, \u015fi pre\u015fedintele organiza\u0163iei PCM din Covasna, Terza J\u00f3zsef Kulcs\u00e1r, vor fi trecu\u0163i pe locuri considerate eligibile <\/p>\n","protected":false},"author":1,"featured_media":1787,"comment_status":"open","ping_status":"open","sticky":false,"template":"","format":"standard","meta":{"footnotes":""},"categories":[1],"tags":[],"class_list":["post-1786","post","type-post","status-publish","format-standard","has-post-thumbnail","hentry","category-fara-categorie"],"_links":{"self":[{"href":"https:\/\/hatarok-nelkul.com\/ro\/index.php?rest_route=\/wp\/v2\/posts\/1786","targetHints":{"allow":["GET"]}}],"collection":[{"href":"https:\/\/hatarok-nelkul.com\/ro\/index.php?rest_route=\/wp\/v2\/posts"}],"about":[{"href":"https:\/\/hatarok-nelkul.com\/ro\/index.php?rest_route=\/wp\/v2\/types\/post"}],"author":[{"embeddable":true,"href":"https:\/\/hatarok-nelkul.com\/ro\/index.php?rest_route=\/wp\/v2\/users\/1"}],"replies":[{"embeddable":true,"href":"https:\/\/hatarok-nelkul.com\/ro\/index.php?rest_route=%2Fwp%2Fv2%2Fcomments&post=1786"}],"version-history":[{"count":2,"href":"https:\/\/hatarok-nelkul.com\/ro\/index.php?rest_route=\/wp\/v2\/posts\/1786\/revisions"}],"predecessor-version":[{"id":1789,"href":"https:\/\/hatarok-nelkul.com\/ro\/index.php?rest_route=\/wp\/v2\/posts\/1786\/revisions\/1789"}],"wp:featuredmedia":[{"embeddable":true,"href":"https:\/\/hatarok-nelkul.com\/ro\/index.php?rest_route=\/wp\/v2\/media\/1787"}],"wp:attachment":[{"href":"https:\/\/hatarok-nelkul.com\/ro\/index.php?rest_route=%2Fwp%2Fv2%2Fmedia&parent=1786"}],"wp:term":[{"taxonomy":"category","embeddable":true,"href":"https:\/\/hatarok-nelkul.com\/ro\/index.php?rest_route=%2Fwp%2Fv2%2Fcategories&post=1786"},{"taxonomy":"post_tag","embeddable":true,"href":"https:\/\/hatarok-nelkul.com\/ro\/index.php?rest_route=%2Fwp%2Fv2%2Ftags&post=1786"}],"curies":[{"name":"wp","href":"https:\/\/api.w.org\/{rel}","templated":true}]}}