{"id":1791,"date":"2016-09-13T18:07:28","date_gmt":"2016-09-13T15:07:28","guid":{"rendered":"http:\/\/hatarok-nelkul.com\/ro\/?p=1791"},"modified":"2016-09-13T18:07:43","modified_gmt":"2016-09-13T15:07:43","slug":"vizita-ambasadorului-sua-la-bucuresti-in-tinutul-secuiesc","status":"publish","type":"post","link":"https:\/\/hatarok-nelkul.com\/ro\/?p=1791","title":{"rendered":"Vizita ambasadorului SUA la Bucure\u015fti, \u00een \u0162inutul Secuiesc"},"content":{"rendered":"<p style=\"text-align: justify;\"><a href=\"https:\/\/hatarok-nelkul.com\/ro\/wp-content\/uploads\/2016\/09\/hans-g-klemm-.jpg\"><img loading=\"lazy\" decoding=\"async\" class=\"alignleft size-thumbnail wp-image-1792\" alt=\"hans-g-klemm-\" src=\"https:\/\/hatarok-nelkul.com\/ro\/wp-content\/uploads\/2016\/09\/hans-g-klemm--150x150.jpg\" width=\"150\" height=\"150\" \/><\/a>Ambasadorul Statelor Unite ale Americii la Bucure\u015fti, Hans Klemm, a sosit \u00eentr-o vizit\u0103 de dou\u0103 zile \u00een jude\u021bele Covasna \u0219i Harghita. Ambasadorul american s-a \u00eent\u00e2lnit luni cu prefectul jude\u0163ului Harghita, Jean-Adrian Andrei, cu pre\u015fedintele CJ Harghita, Csaba Borboly, \u015fi cu primarul ora\u015fului Miercurea Ciuc, R\u00f3bert R\u00e1duly.<\/p>\n<p style=\"text-align: justify;\">La scurta conferin\u0163\u0103 de pres\u0103 care a urmat dup\u0103 convorbiri, Hans Klemm a ar\u0103tat c\u0103 le-a explicat celor doi interlocutori care sunt priorit\u0103\u021bile sale ca ambasador,<!--more--> cum ar fi promovarea securit\u0103\u021bii celor dou\u0103 \u021b\u0103ri, prosperitatea, democra\u021bia, o guvernare puternic\u0103 \u0219i liber\u0103, dar \u0219i respectarea minorit\u0103\u021bilor.<\/p>\n<p style=\"text-align: justify;\">Hans Klemm \u0219i-a exprimat dezam\u0103girea c\u0103 \u00een prezent nu sunt companii americane care s\u0103 investeasc\u0103 \u00een Harghita \u0219i a ad\u0103ugat c\u0103 va &#8220;\u021bine minte&#8221; \u0219i la \u00eentoarcerea \u00een Bucure\u0219ti va aborda acest subiect cu reprezentan\u021bii firmelor din SUA afla\u021bi \u00een Rom\u00e2nia, c\u00e2nd le va \u00eemp\u0103rt\u0103\u0219i impresiile, \u00een urma vizitei \u00een acest jude\u021b.<\/p>\n<p style=\"text-align: justify;\">Pre\u0219edintele Consiliului Jude\u021bean (CJ) Harghita, Borboly Csaba, a declarat, la r\u00e2ndul s\u0103u, c\u0103 printre problemele care au fost aduse \u00een aten\u021bia ambasadorului american se num\u0103r\u0103 cea a regionaliz\u0103rii, restituirea propriet\u0103\u021bilor biserice\u0219ti, rela\u021biile interetnice \u0219i problema investi\u021biilor.<\/p>\n<p style=\"text-align: justify;\">&#8220;Am spus c\u0103 noi am dori o altfel de regionalizare, dar \u00een primul r\u00e2nd o modernizare \u0219i o debirocratizare. Am vorbit despre restitu\u021bie, despre propriet\u0103\u021bile private \u00een Ciuc \u0219i despre ceea ce nu a fost retrocedat Bisericii, ceea ce este important pentru noi. Am vorbit despre economie \u0219i am spus c\u0103 a\u0219tept\u0103m investi\u021bii din partea Guvernului Rom\u00e2niei \u0219i chiar am discutat \u0219i despre oportunit\u0103\u021bi de investi\u021bii din partea SUA, pentru c\u0103 este binevenit orice investitor, \u0219i am discutat si despre problema rela\u021biilor interetnice, am prezentat ghidul de bun\u0103 colaborare pe care inten\u021bion\u0103m s\u0103-l punem \u00een aplicare , dar din p\u0103cate suntem ataca\u021bi la instan\u021b\u0103&#8221;, a relatat Borboly Csaba.<\/p>\n<p style=\"text-align: justify;\">Pre\u0219edintele Consiliului Jude\u021bean Harghita, Borboly Csaba, a declarat presei c\u0103, \u00een cadrul \u00eent\u00e2lnirii cu ambasadorul SUA, a prezentat opinia legat\u0103 de regionalizare \u0219i a vorbit despre restituirea bunurilor biserice\u0219ti, despre faptul c\u0103 elevii maghiari nu reu\u0219esc s\u0103 promoveze examenul de bacalaureat &#8220;pentru c\u0103 nu primim o posibilitate de a \u00eenv\u0103\u021ba ca o limb\u0103 nematern\u0103 limba rom\u00e2n\u0103&#8221;.<\/p>\n<p style=\"text-align: justify;\">Hans Klemm s-a \u00eent\u00e2lnit \u0219i cu prefectul jude\u021bului Harghita, Jean-Adrian Andrei, care a declarat c\u0103 au purtat o discu\u021bie &#8220;extrem de interesant\u0103&#8221; despre rela\u021bia dintre Rom\u00e2nia \u0219i SUA \u0219i despre parteneriatul strategic, despre care ambasadorul american ar fi spus c\u0103 &#8220;este mai puternic ca oric\u00e2nd&#8221;.<\/p>\n<p style=\"text-align: justify;\">&#8220;Este o onoare ca Excelen\u021ba sa s\u0103 fie prezent \u00eentr-o vizit\u0103 oficial\u0103 \u00een jude\u021b \u0219i s\u0103 fac\u0103 o radiografie corect\u0103 a situa\u021biei de aici, fie c\u0103 ne referim la situa\u021bia social\u0103, economic\u0103 sau la alte aspecte. Am avut o discu\u021bie extrem de interesant\u0103 ast\u0103zi despre rela\u021bia dintre cele dou\u0103 state, Rom\u00e2nia \u0219i SUA, despre parteneriatul strategic \u0219i, a\u0219a cum afirma \u0219i domnul ambasador, acesta este mai puternic ca oric\u00e2nd&#8221;, a declarat prefectul jude\u021bului Harghita.<\/p>\n<p style=\"text-align: justify;\">Referitor la chestiunea privind drapelul secuiesc, ambasadorul a pledat pentru stabilirea unui cadru legal ferm \u015fi drept, scrie portalul de limb\u0103 maghiar\u0103 Maszol.ro.<\/p>\n<p style=\"text-align: justify;\">Dup\u0103 \u00eent\u00e2lnirile cu oficialii jude\u021bului, ambasadorul SUA la Bucure\u0219ti a vizitat Biblioteca Jude\u021bean\u0103 &#8220;K\u00e1joni J\u00e1nos&#8221;, unde a f\u0103cut o dona\u021bie de carte \u0219i a inaugurat \u201cRaftul American\u201d.<\/p>\n<p style=\"text-align: justify;\">Redac\u0163ia<\/p>\n<p style=\"text-align: justify;\">Foto: www.szekelyhon.ro<\/p>\n","protected":false},"excerpt":{"rendered":"<p>Ambasadorul Statelor Unite ale Americii la Bucure\u015fti, Hans Klemm, a sosit \u00eentr-o vizit\u0103 de dou\u0103 zile \u00een jude\u021bele Covasna \u0219i Harghita. Ambasadorul american <\/p>\n","protected":false},"author":1,"featured_media":1792,"comment_status":"open","ping_status":"open","sticky":false,"template":"","format":"standard","meta":{"footnotes":""},"categories":[1],"tags":[],"class_list":["post-1791","post","type-post","status-publish","format-standard","has-post-thumbnail","hentry","category-fara-categorie"],"_links":{"self":[{"href":"https:\/\/hatarok-nelkul.com\/ro\/index.php?rest_route=\/wp\/v2\/posts\/1791","targetHints":{"allow":["GET"]}}],"collection":[{"href":"https:\/\/hatarok-nelkul.com\/ro\/index.php?rest_route=\/wp\/v2\/posts"}],"about":[{"href":"https:\/\/hatarok-nelkul.com\/ro\/index.php?rest_route=\/wp\/v2\/types\/post"}],"author":[{"embeddable":true,"href":"https:\/\/hatarok-nelkul.com\/ro\/index.php?rest_route=\/wp\/v2\/users\/1"}],"replies":[{"embeddable":true,"href":"https:\/\/hatarok-nelkul.com\/ro\/index.php?rest_route=%2Fwp%2Fv2%2Fcomments&post=1791"}],"version-history":[{"count":3,"href":"https:\/\/hatarok-nelkul.com\/ro\/index.php?rest_route=\/wp\/v2\/posts\/1791\/revisions"}],"predecessor-version":[{"id":1795,"href":"https:\/\/hatarok-nelkul.com\/ro\/index.php?rest_route=\/wp\/v2\/posts\/1791\/revisions\/1795"}],"wp:featuredmedia":[{"embeddable":true,"href":"https:\/\/hatarok-nelkul.com\/ro\/index.php?rest_route=\/wp\/v2\/media\/1792"}],"wp:attachment":[{"href":"https:\/\/hatarok-nelkul.com\/ro\/index.php?rest_route=%2Fwp%2Fv2%2Fmedia&parent=1791"}],"wp:term":[{"taxonomy":"category","embeddable":true,"href":"https:\/\/hatarok-nelkul.com\/ro\/index.php?rest_route=%2Fwp%2Fv2%2Fcategories&post=1791"},{"taxonomy":"post_tag","embeddable":true,"href":"https:\/\/hatarok-nelkul.com\/ro\/index.php?rest_route=%2Fwp%2Fv2%2Ftags&post=1791"}],"curies":[{"name":"wp","href":"https:\/\/api.w.org\/{rel}","templated":true}]}}