{"id":1796,"date":"2016-09-20T09:40:19","date_gmt":"2016-09-20T06:40:19","guid":{"rendered":"http:\/\/hatarok-nelkul.com\/ro\/?p=1796"},"modified":"2016-09-20T09:40:34","modified_gmt":"2016-09-20T06:40:34","slug":"ministrul-luxemburghez-de-externe-ungaria-ar-trebui-exclusa-din-uniunea-europeana","status":"publish","type":"post","link":"https:\/\/hatarok-nelkul.com\/ro\/?p=1796","title":{"rendered":"Ministrul luxemburghez de externe: Ungaria ar trebui exclus\u0103 din Uniunea European\u0103"},"content":{"rendered":"<p style=\"text-align: justify;\"><a href=\"https:\/\/hatarok-nelkul.com\/ro\/wp-content\/uploads\/2016\/09\/asselborn.jpg\"><img loading=\"lazy\" decoding=\"async\" class=\"alignleft size-thumbnail wp-image-1797\" alt=\"asselborn\" src=\"https:\/\/hatarok-nelkul.com\/ro\/wp-content\/uploads\/2016\/09\/asselborn-150x150.jpg\" width=\"150\" height=\"150\" \/><\/a>\u201eAcele state, cum ar fi Ungaria, <strong>care ridic\u0103 garduri \u00eempotriva refugia\u0163ilor de r\u0103zboi sau care \u00eencalc\u0103 libertatea presei sau independen\u0163a judiciar\u0103 ar trebui s\u0103 fie temporar &#8211; \u015fi dac\u0103 este necesar &#8211; definitiv excluse din UE\u201d<\/strong><b>,<\/b> a declarat ministrul luxemburgez de externe, Jean Asselborn, \u00een cadrul unei interviu acordat ziarului german Die Welt.<\/p>\n<p style=\"text-align: justify;\"><b>\u00a0<\/b>Dac\u0103 Ungaria ar vrea s\u0103 adere azi la UE, nu ar avea nicio \u015fans\u0103, deoarece ar face o \u201cpagub\u0103\u201d chiar \u015fi imaginii Europei, a spus Asselborn.<!--more--><\/p>\n<p style=\"text-align: justify;\">Ministrul luxemburghez a mai afirmat c\u0103 gardul pe care \u00eel construie\u015fte Ungaria pentru a descuraja imigran\u0163ii, \u201cdevine din ce \u00een ce mai lung, mai \u00eenalt \u015fi\u00a0 mai periculos. Ungaria nu este departe de <strong>a da ordin de tragere asupra refugia\u0163ilor&#8221;. \u201cToatea acestea se \u00eent\u00e2mpl\u0103 \u00eentr-o \u0163ar\u0103 \u00een care \u00een 1956 sute de mii de oameni au emigrat \u00een Europa din cauza ocupa\u0163iei sovietice\u201d, a ad\u0103ugat Asselborn.<\/strong><strong><\/strong><\/p>\n<p style=\"text-align: justify;\">\u00cen opinia sa,<strong> expulzarea Ungariei ar fi singura solu\u0163ie pentru ap\u0103rarea unit\u0103\u0163ii \u015fi valorii UE, informeaz\u0103 portalul ziarului ungar economic hvg.hu. <\/strong><strong><\/strong><\/p>\n<p style=\"text-align: justify;\"><b>Reac\u0163ia ministrului ungar de externe la afirma\u0163iile lui Jean Asselborn<\/b><\/p>\n<p style=\"text-align: justify;\">\u00cen r\u0103spunsul s\u0103u la afirma\u0163ia ministrului luxemburghez de externe, \u015feful diploma\u0163iei ungare, P\u00e9ter Szijjart\u00f3, a subliniat c\u0103 politicianul socialist luxemburghez este ca un \u201cnihilist cinstit\u201d, care nu cunoa\u015fte oboseala \u015fi ac\u0163ioneaz\u0103 \u00een direc\u0163ia distrugerii securit\u0103\u0163ii \u015fi culturii Europei.<\/p>\n<p style=\"text-align: justify;\">P\u00e9ter Szijj\u00e1rt\u00f3 a subliniat: \u201cPe parcursul istoriei sale, Ungaria a ap\u0103rat \u00eentotdeauna Europa \u015fi acum procedeaz\u0103 la fel. Cet\u0103\u0163enii ungari \u00ee\u015fi vor exprima opiniile \u00een data de 2 octombrie cu privire la imigrarea ilegal\u0103,\u00a0 pachetul de cote obligatorii, impus la Bruxelles \u015fi despre figurile de genul lui Jean Asselborn. Aceasta \u00eenseamn\u0103 statul de drept. Cet\u0103\u0163enii ungari au dreptul de a indica cu cine vor s\u0103 coabiteze \u015fi cu cine nu. Acest drept nu poate fi luat nici de birocra\u0163ii de la Bruxelles \u015fi nici de ministrul luxemburghez de externe\u201d.<\/p>\n<p style=\"text-align: justify;\">Referindu-se la referendumul privind sistemul de cote obligatorii, politicianul socialist luxemburghez a subliniat c\u0103 \u201crezultatul votului desigur va fi \u00eempotriva Europei. Guvernul ungar pune semnul egalit\u0103\u0163ii \u00eentre imigran\u0163i \u015fi terori\u015fti, ceea ce este un demers iresponsabil \u015fi profund antieuropean\u201d.<\/p>\n<p style=\"text-align: justify;\">La aceast\u0103 afirma\u0163ie a ministrului luxemburghez de externe, P\u00e9ter Szijj\u00e1rt\u00f3 a declarat: \u201cAm \u015ftiut \u015fi p\u00e2n\u0103 acum c\u0103 Jean Asselborn este o figur\u0103 neserioas\u0103. Se vede c\u0103 locuie\u015fte doar la c\u00e2\u0163iva kilometri de Bruxelles. Asselborn este arogant \u015fi frustrat. El vrea s\u0103 exclud\u0103 Ungaria, \u00eens\u0103 s-a exclus pe sine \u00eensu\u015fi de mult din r\u00e2ndurile politicienilor serio\u015fi. Ca un nihilist cinstit, care nu cunoa\u015fte oboseala, ac\u0163ioneaz\u0103\u00a0 pentru distrugerea siguran\u0163ei \u015fi a culturii Europei, a subliniat ministrul ungar de externe P\u00e9ter Szijj\u00e1rt\u00f3.<\/p>\n<p style=\"text-align: justify;\"><b>Cine este acest Asselborn, care ar exlude Ungaria din UE?<\/b><\/p>\n<p style=\"text-align: justify;\">Jean Asselborn, \u00een v\u00e2rst\u0103 de 67 de ani, este cel mai vechi ministru de externe al UE, care se afl\u0103 \u015fi \u00een prezent \u00een exerci\u0163iu. Aceast\u0103 func\u0163ie o \u00eendepline\u015fte din 2004. Mai mult dec\u00e2t at\u00e2t, p\u00e2n\u0103 \u00een 2013, \u00een perioada premierului Jean Calude Juncker,\u00a0 a \u00eendeplinit \u015fi func\u0163ia de vicepremier al lui Juncker. Cei doi politicieni sunt \u015fi azi prieteni intimi.<\/p>\n<p style=\"text-align: justify;\">Politica de migra\u0163ie promovat\u0103 de Guvernul ungar este criticat\u0103 \u00een persoana lui Asselborn de un politician care \u00eensu\u015fi s-a ocupta timp \u00eendelungat de acest subiect. \u00cen perioada 2004-2009, la Luxemburg chestiunea privind migra\u0163ia apar\u0163inea de Ministerul luxemburghez de Externe. Astfel c\u0103 Asselborn\u00a0 a fost timp de cinci ani \u015fi ministru pentru imigr\u0103ri \u015fi refugia\u0163i.<\/p>\n<p style=\"text-align: justify;\">Politicianul Partidului Socialist Muncitoresc Luxemburghez urm\u0103re\u015fte de mult timp cu aten\u0163ie politica ungar\u0103 \u015fi nu este prima ocazie \u00een care submineaz\u0103 imaginea Guvernului ungar \u00een fa\u0163a marelui public.<\/p>\n<p style=\"text-align: justify;\">1. \u00cen 2010 \u015fi-a ie\u015fit din fire din cauza Legii mass-media, a asem\u0103nat Ungaria cu Belarus \u015fi a spus c\u0103 legea \u201camenin\u0163\u0103 direct democra\u0163ia. Statul va exercita control asupra libert\u0103\u0163ii de opinie\u201d.<\/p>\n<p style=\"text-align: justify;\">2. \u00cen 2012, \u015fi-a ridicat glasul din cauza modific\u0103rii Constitu\u0163iei Ungariei \u015fi a declarat publica\u0163iei intitulate Tageblatt c\u0103, \u00een opinia sa, \u201cUngaria va deveni o pat\u0103 de ru\u015fine a UE, deoarece schimbarea magistra\u0163ilor \u015fi Legea mass-mediei au condus la golirea statului de drept, ceea ce, \u00een opinia sa, este o stare nemai\u00eent\u00e2lnit\u0103 \u00een \u0163\u0103rile dezvoltate\u201d.<\/p>\n<p style=\"text-align: justify;\">3. \u00cen 2015, a declarat ziarului german ZDF c\u0103 \u00een opinia sa Viktor Orb\u00e1n trebuie s\u0103 fie izolat \u015fi dat drept exemplu negativ, deoarece \u00een politica sa migra\u0163ionist\u0103 premierul ignor\u0103 total valorile fundamentale ale UE, cum ar fi, de exemplu, solidaritatea \u015fi acordarea unui ajutor.<\/p>\n<p style=\"text-align: justify;\">La Luxemburg, Asselborn este considerat un politician de marc\u0103. \u00cen 2016, Foreign Affairs a realizat despre el un film documentar \u00een care sunt prezentate, printre altele, via\u0163a sa de familie \u015fi vizitele sale \u00een calitate de ministru de externe.<\/p>\n<p style=\"text-align: justify;\"><b>Asselborn a devenit politician la v\u00e2rsta de 18 ani <\/b><\/p>\n<p style=\"text-align: justify;\">Asselborn este maestrul func\u0163iilor \u201clungi\u201d. \u00cenainte ca, \u00een\u00a0 urm\u0103 cu 12 ani s\u0103 adere ca vicepremier \u015fi ministru Guvernului luxemburghez , timp de 22 de ani a fost primarul ora\u015fului s\u0103u natal, Steinfort, un mic ora\u015f din vestul Luxemburgului, care are doar dou\u0103 mii de locuitori.<\/p>\n<p style=\"text-align: justify;\">Asselborn a terminat dreptul, iar temelia activit\u0103\u0163ii sale politice \u015fi-a depus-o la sf\u00e2r\u015fitul anilor 60, \u00eentr-o mi\u015fcare sindical\u0103 foarte activ\u0103. \u00cenc\u0103 nu \u00eemplinise nici 20 de ani c\u00e2nd, \u00een 1967, a fost ales membru al Consiliului de Tineret al Uniunii Muncitore\u015fti Luxemburgheze. Aceast\u0103 organiza\u0163ie a fost predecesoarea marelui sindicat OGBL, care este activ \u015fi azi.<\/p>\n<p style=\"text-align: justify;\">De aici cariera sa politic\u0103 este \u00een ascensiune, \u015fi \u00eenc\u0103 \u00eenainte de a \u00eendeplini v\u00e2rsta de 20 de ani, i s-a \u00eencredin\u0163at un rol \u00een administra\u0163ia public\u0103 or\u0103\u015feneasc\u0103 din Luxemburg, dar \u00een final a considerat c\u0103 este mai bine, dac\u0103 se \u00eentoarce \u00een ora\u015ful s\u0103u natal, unde la \u00eenceput a lucrat ca func\u0163ionar, pentru ca apoi s\u0103 ajung\u0103 primar, func\u0163ie din care a f\u0103cut un maraton, informeaz\u0103 portalul index.hu.<\/p>\n<p style=\"text-align: justify;\">Traducerea: Bal\u00e1zs Magdolna<\/p>\n<p style=\"text-align: justify;\">Sursa: hvg.hu, index.hu<\/p>\n<p style=\"text-align: justify;\">Foto:www.hirado.hu<\/p>\n","protected":false},"excerpt":{"rendered":"<p>\u201eAcele state, cum ar fi Ungaria, care ridic\u0103 garduri \u00eempotriva refugia\u0163ilor de r\u0103zboi sau care \u00eencalc\u0103 libertatea presei sau independen\u0163a judiciar\u0103 ar trebui <\/p>\n","protected":false},"author":1,"featured_media":1797,"comment_status":"open","ping_status":"open","sticky":false,"template":"","format":"standard","meta":{"footnotes":""},"categories":[1],"tags":[],"class_list":["post-1796","post","type-post","status-publish","format-standard","has-post-thumbnail","hentry","category-fara-categorie"],"_links":{"self":[{"href":"https:\/\/hatarok-nelkul.com\/ro\/index.php?rest_route=\/wp\/v2\/posts\/1796","targetHints":{"allow":["GET"]}}],"collection":[{"href":"https:\/\/hatarok-nelkul.com\/ro\/index.php?rest_route=\/wp\/v2\/posts"}],"about":[{"href":"https:\/\/hatarok-nelkul.com\/ro\/index.php?rest_route=\/wp\/v2\/types\/post"}],"author":[{"embeddable":true,"href":"https:\/\/hatarok-nelkul.com\/ro\/index.php?rest_route=\/wp\/v2\/users\/1"}],"replies":[{"embeddable":true,"href":"https:\/\/hatarok-nelkul.com\/ro\/index.php?rest_route=%2Fwp%2Fv2%2Fcomments&post=1796"}],"version-history":[{"count":2,"href":"https:\/\/hatarok-nelkul.com\/ro\/index.php?rest_route=\/wp\/v2\/posts\/1796\/revisions"}],"predecessor-version":[{"id":1799,"href":"https:\/\/hatarok-nelkul.com\/ro\/index.php?rest_route=\/wp\/v2\/posts\/1796\/revisions\/1799"}],"wp:featuredmedia":[{"embeddable":true,"href":"https:\/\/hatarok-nelkul.com\/ro\/index.php?rest_route=\/wp\/v2\/media\/1797"}],"wp:attachment":[{"href":"https:\/\/hatarok-nelkul.com\/ro\/index.php?rest_route=%2Fwp%2Fv2%2Fmedia&parent=1796"}],"wp:term":[{"taxonomy":"category","embeddable":true,"href":"https:\/\/hatarok-nelkul.com\/ro\/index.php?rest_route=%2Fwp%2Fv2%2Fcategories&post=1796"},{"taxonomy":"post_tag","embeddable":true,"href":"https:\/\/hatarok-nelkul.com\/ro\/index.php?rest_route=%2Fwp%2Fv2%2Ftags&post=1796"}],"curies":[{"name":"wp","href":"https:\/\/api.w.org\/{rel}","templated":true}]}}