{"id":1801,"date":"2016-09-21T10:11:56","date_gmt":"2016-09-21T07:11:56","guid":{"rendered":"http:\/\/hatarok-nelkul.com\/ro\/?p=1801"},"modified":"2016-09-21T10:12:15","modified_gmt":"2016-09-21T07:12:15","slug":"in-asteptarea-zilelor-culturii-maghiare-din-timisoara-interviu-cu-zsolt-molnar-deputat-udmr-de-timis","status":"publish","type":"post","link":"https:\/\/hatarok-nelkul.com\/ro\/?p=1801","title":{"rendered":"\u00cen a\u0219teptarea Zilelor Culturii Maghiare din Timi\u0219oara &#8211; Interviu cu Zsolt Moln\u00e1r, deputat UDMR de Timi\u015f"},"content":{"rendered":"<p style=\"text-align: justify;\"><a href=\"https:\/\/hatarok-nelkul.com\/ro\/wp-content\/uploads\/2016\/09\/molnar-zsolt.jpg\"><img loading=\"lazy\" decoding=\"async\" class=\"alignleft size-thumbnail wp-image-1802\" alt=\"molnar zsolt\" src=\"https:\/\/hatarok-nelkul.com\/ro\/wp-content\/uploads\/2016\/09\/molnar-zsolt-150x150.jpg\" width=\"150\" height=\"150\" \/><\/a>\u00cen perioada 30 septembrie &#8211; 2 octombrie, la Timi\u015foara vor fi organizate pentru prima oar\u0103 Zilele Culturii Maghiare.<\/p>\n<p style=\"text-align: justify;\">Aceast\u0103 manifestare a fost \u00eenfiin\u0163at\u0103 \u00een condi\u0163iile \u00een care de ani de zile sunt organizate Zilele Maghiare B\u0103n\u0103\u0163ene. Despre inten\u0163ia, scopul \u00eenfiin\u0163\u0103rii Zilelor Culturii Maghiare la Timi\u015foara, precum \u015fi despre diferen\u0163a dintre cele dou\u0103 manifest\u0103ri, l-am \u00eentebat pe deputatul UDMR de Timi\u015foara, Zsolt Moln\u00e1r.<!--more--><\/p>\n<p style=\"text-align: justify;\">\u201eIni\u0163iatorul Zilelor Culturii Maghiare la Timi\u015foara a fost consulul onorific al Ungariei, la Timi\u015foara, P\u00e9ter Tam\u00e1s. La propunerea sa a fost \u00eenfiin\u0163at\u0103 Asocia\u0163ia Bastion, care va organiza \u00een premier\u0103 la Timi\u015foara, Zilele Culturii Maghiare. Aceast\u0103 ac\u0163iune se dore\u015fte a fi o serie a manifest\u0103rilor, asem\u0103n\u0103toare cu zilele culturii ale celorlalte mari ora\u015fe din Rom\u00e2nia, locuite de maghiari\u201d.<\/p>\n<p style=\"text-align: justify;\">Zsolt Moln\u00e1r ne-a explicat \u0219i faptul c\u0103 locurile de desf\u0103\u0219urare sunt complementare, Zilele Maghiare B\u0103n\u0103\u021bene derul\u00e2ndu-se mai ales \u00een localit\u0103\u021bi mai mici. De asemenea, direc\u021bia de promovare a valorilor maghiare este una diferit\u0103, la Timi\u0219oara fiind prezentate \u0219i valori culturale specifice \u021b\u0103rii-mam\u0103.<\/p>\n<p style=\"text-align: justify;\">Astfel cele dou\u0103 manifest\u0103ri nu sunt concurente!?<\/p>\n<p style=\"text-align: justify;\">\u201e\u00cen primul r\u00e2nd sunt organizate \u00een dou\u0103 perioade diferite. M\u0103 bucur c\u0103 Zilele B\u0103n\u0103\u0163ene au lor prim\u0103vara, iar din acest an,\u00a0 din toamn\u0103, vor avea loc \u2013 pentru un timp mai \u00eendelungat \u2013 \u015fi Zilele Culturale Maghiare la Timi\u015foara\u201d.<\/p>\n<p style=\"text-align: justify;\">Cine finan\u0163eaz\u0103 organizarea Zilelor Culturale Maghiare la Timi\u015foara;<\/p>\n<p style=\"text-align: justify;\">\u201eDup\u0103 c\u00e2te \u015ftiu suma necesar\u0103 a fost ob\u0163inut\u0103 prin c\u00e2\u015ftigarea unor proiecte \u015fi din dona\u0163iile comunit\u0103\u0163ii, dar \u00een opinia mea \u00een acest sens ar fi bine s\u0103 \u00eel \u00eentreba\u0163i pe consulul P\u00e9ter Tam\u00e1s\u201d.<\/p>\n<p style=\"text-align: justify;\">Interviu realizat de: Bal\u00e1zs Magdolna<\/p>\n<p style=\"text-align: justify;\">Foto:www,rmdsz.ro<\/p>\n","protected":false},"excerpt":{"rendered":"<p>\u00cen perioada 30 septembrie &#8211; 2 octombrie, la Timi\u015foara vor fi organizate pentru prima oar\u0103 Zilele Culturii Maghiare. Aceast\u0103 manifestare a fost \u00eenfiin\u0163at\u0103 <\/p>\n","protected":false},"author":1,"featured_media":1802,"comment_status":"open","ping_status":"open","sticky":false,"template":"","format":"standard","meta":{"footnotes":""},"categories":[1],"tags":[],"class_list":["post-1801","post","type-post","status-publish","format-standard","has-post-thumbnail","hentry","category-fara-categorie"],"_links":{"self":[{"href":"https:\/\/hatarok-nelkul.com\/ro\/index.php?rest_route=\/wp\/v2\/posts\/1801","targetHints":{"allow":["GET"]}}],"collection":[{"href":"https:\/\/hatarok-nelkul.com\/ro\/index.php?rest_route=\/wp\/v2\/posts"}],"about":[{"href":"https:\/\/hatarok-nelkul.com\/ro\/index.php?rest_route=\/wp\/v2\/types\/post"}],"author":[{"embeddable":true,"href":"https:\/\/hatarok-nelkul.com\/ro\/index.php?rest_route=\/wp\/v2\/users\/1"}],"replies":[{"embeddable":true,"href":"https:\/\/hatarok-nelkul.com\/ro\/index.php?rest_route=%2Fwp%2Fv2%2Fcomments&post=1801"}],"version-history":[{"count":2,"href":"https:\/\/hatarok-nelkul.com\/ro\/index.php?rest_route=\/wp\/v2\/posts\/1801\/revisions"}],"predecessor-version":[{"id":1804,"href":"https:\/\/hatarok-nelkul.com\/ro\/index.php?rest_route=\/wp\/v2\/posts\/1801\/revisions\/1804"}],"wp:featuredmedia":[{"embeddable":true,"href":"https:\/\/hatarok-nelkul.com\/ro\/index.php?rest_route=\/wp\/v2\/media\/1802"}],"wp:attachment":[{"href":"https:\/\/hatarok-nelkul.com\/ro\/index.php?rest_route=%2Fwp%2Fv2%2Fmedia&parent=1801"}],"wp:term":[{"taxonomy":"category","embeddable":true,"href":"https:\/\/hatarok-nelkul.com\/ro\/index.php?rest_route=%2Fwp%2Fv2%2Fcategories&post=1801"},{"taxonomy":"post_tag","embeddable":true,"href":"https:\/\/hatarok-nelkul.com\/ro\/index.php?rest_route=%2Fwp%2Fv2%2Ftags&post=1801"}],"curies":[{"name":"wp","href":"https:\/\/api.w.org\/{rel}","templated":true}]}}