{"id":1805,"date":"2016-09-23T23:41:54","date_gmt":"2016-09-23T20:41:54","guid":{"rendered":"http:\/\/hatarok-nelkul.com\/ro\/?p=1805"},"modified":"2016-09-23T23:42:11","modified_gmt":"2016-09-23T20:42:11","slug":"istvan-csomortanyi-declaratii-in-contextul-nemultumirilor-udmr-cu-privire-la-intelegerea-primaria-oradea-ppmt","status":"publish","type":"post","link":"https:\/\/hatarok-nelkul.com\/ro\/?p=1805","title":{"rendered":"Istv\u00e1n Csomort\u00e1nyi, declara\u021bii \u00een contextul nemul\u021bumirilor UDMR cu privire la \u00een\u021belegerea Prim\u0103ria Oradea &#8211; PPMT"},"content":{"rendered":"<p style=\"text-align: justify;\">\u00a0\u00a0\u00a0\u00a0\u00a0\u00a0<a href=\"https:\/\/hatarok-nelkul.com\/ro\/wp-content\/uploads\/2016\/09\/csomortanyi-istvan.jpg\"><img loading=\"lazy\" decoding=\"async\" class=\"alignleft size-thumbnail wp-image-1806\" alt=\"csomortanyi-istvan\" src=\"https:\/\/hatarok-nelkul.com\/ro\/wp-content\/uploads\/2016\/09\/csomortanyi-istvan-150x150.jpg\" width=\"150\" height=\"150\" \/><\/a> Uniunea Democrat\u0103 Maghiar\u0103 din Rom\u00e2nia \u015fi-a exprimat nemul\u0163umirea din cauz\u0103 c\u0103 Prim\u0103ria din Oradea s-a consultat cu liderii locali ai Partidului Popular Maghiar din Transilvania (PPMT), \u015fi nu cu UDMR, \u00een chestiunea numirii membrilor din partea prim\u0103riei ai consiliilor de administra\u021bie ale institu\u0163iilor de \u00eenv\u0103\u0163\u0103m\u00e2nt din localitate, scrie edi\u0163ia de joi a ziarului clujean de limb\u0103 magjiar\u0103 Kr\u00f3nika. Potrivit fostului viceprimar al ora\u015fului, liderul grupului UDMR \u00een Consiliul Local Oradea, Istv\u00e1n Husz\u00e1r, colaborarea la nivelul ora\u015fului Oradea \u00eentre Partidul Na\u0163ional Liberal (PNL) \u015fi PPMT este o tentativ\u0103 de divizare a maghiarilor. Oradea este condus\u0103 de primarul liberal Ilie Bolojan, iar \u00een Consiliul Local, alc\u0103tuit din 27 de membri, PNL a ob\u0163inut 18 mandate de consilier, UDMR dispune de patru consilieri, iar PPMT nu este reprezentat \u00een acest consiliu.<!--more--><\/p>\n<p style=\"text-align: justify;\">\u00a0\u00a0\u00a0\u00a0\u00a0\u00a0\u00a0\u00a0\u00a0 Pre\u015fedintele organiza\u0163iei PPMT Bihor, Istv\u00e1n Csomort\u00e1nyi, a confirmat ziarului Kr\u00f3nika c\u0103 PNL a solicitat ajutor de la PPMT, iar liberalii au acceptat persoanele nominalizate de PPMT \u00een consiliile de administra\u0163ie ale \u015fcolilor din localitate. \u00cen opinia lui Csomort\u00e1nyi, ini\u0163iativa liberal\u0103 a fost un gest c\u0103tre ei, deoarece PNL ar fi putut \u00eenlocui &#8220;din r\u0103zbunare politic\u0103&#8221; pe directorii de \u015fcoli care au ocupat aceast\u0103 func\u0163ie la propunerea UDMR cu directori rom\u00e2ni. Istv\u00e1n Csomort\u00e1nyi a subliniat c\u0103 PPMT a \u00eencercat s\u0103 propun\u0103 \u00een consiliile de administra\u0163ie cadre didactice \u015fi speciali\u015fti \u00een managementul \u015fcolar \u015fi nu &#8220;a procedat a\u015fa cum a procedat \u00een trecut UDMR, c\u00e2nd a delegat politicieni \u00een consiliile de administra\u0163ie ale institu\u0163iilor de \u00eenv\u0103\u0163\u0103m\u00e2nt&#8221;.<\/p>\n<p style=\"text-align: justify;\">Pre\u015fedintele organiza\u0163iei PPMT Bihor a mai ad\u0103ugat c\u0103 \u00een viitor PPMT nu va refuza s\u0103 coopereze cu conducerea liberal\u0103 a ora\u015fului.<\/p>\n<p style=\"text-align: justify;\">\u00a0\u00a0\u00a0\u00a0\u00a0\u00a0\u00a0\u00a0\u00a0 Liderul PPMT,\u00a0 Istv\u00e1n Csomort\u00e1nyi, a considerat scandaloase \u0219i prevederile incluse \u00eentr-o ordonan\u0163\u0103 a Ministerului Educa\u0163iei privind organizarea concursurilor de ocupare a posturilor de directori \u0219i directori-adjunc\u021bi de unit\u0103\u021bi \u0219colare \u0219i educa\u021bional-sportive preuniversitare (ordinul 5080 din 31.08.2016), care include obliga\u021bia ca \u00eentre actele necesare pentru \u00eenscrierea la concurs s\u0103 se numere \u0219i un document scris care s\u0103 dovedeasc\u0103 \u201econsultarea organiza\u021biei de reprezentare \u00een Parlamentul Rom\u00e2nie\u201d. Referitor la acest subiect, Istv\u00e1n Csomort\u00e1nyi a afirmat portalului nostru: \u201c\u00cenc\u0103 nu a fost publicat\u0103 metodologia pentru punerea \u00een practic\u0103 a acestei ordonan\u0163e, dar dac\u0103 se va desf\u0103\u015fura a\u015fa cum se zvone\u015fte,\u00a0 va crea un mare scandal. De fapt \u00eenseamn\u0103 c\u0103 \u00een institu\u0163iile cu predare \u00een limba maghiar\u0103 postul de director poate fi ocupat numai de cei care au ob\u0163inut aprobarea partidului. Respectiv, cei care nu sunt simpatici pentru UDMR, nu pot candida la acest post. Acest lucru este foarte scandalos!\u201d<\/p>\n<p style=\"text-align: justify;\">\u00a0\u00a0\u00a0\u00a0\u00a0\u00a0\u00a0\u00a0\u00a0 \u00cen jude\u0163ul Bihor s-a creat o rela\u0163ie tensionat\u0103 \u00eentre UDMR \u015fi PNL, deoarece UDMR a \u00eencheiat o alian\u0163\u0103 cu Partidul Social Democrat (PSD), la nivel jude\u021bean, astfel \u00eenc\u00e2t S\u00e1ndor P\u00e1sztor a fost ales \u00een func\u0163ia de pre\u015fedinte al CJ Bihor, \u00een pofida faptului c\u0103 \u00een acest consiliu PNL a ob\u0163inut cele mai multe mandate de consilier.<\/p>\n<p style=\"text-align: justify;\">\u00a0\u00a0\u00a0\u00a0\u00a0\u00a0\u00a0\u00a0\u00a0 Este o premier\u0103 faptul c\u0103 PPMT a devenit un factor important \u00een administrarea problemelor locale al unui mare ora\u015f din Transilvania.<\/p>\n<p style=\"text-align: justify;\">Realizat de: P\u00e9terffy T\u00fcnde<\/p>\n<p style=\"text-align: justify;\">Foto: www.kronika.ro<\/p>\n","protected":false},"excerpt":{"rendered":"<p>\u00a0\u00a0\u00a0\u00a0\u00a0\u00a0 Uniunea Democrat\u0103 Maghiar\u0103 din Rom\u00e2nia \u015fi-a exprimat nemul\u0163umirea din cauz\u0103 c\u0103 Prim\u0103ria din Oradea s-a consultat cu liderii locali ai Partidului Popular <\/p>\n","protected":false},"author":1,"featured_media":1806,"comment_status":"open","ping_status":"open","sticky":false,"template":"","format":"standard","meta":{"footnotes":""},"categories":[1],"tags":[],"class_list":["post-1805","post","type-post","status-publish","format-standard","has-post-thumbnail","hentry","category-fara-categorie"],"_links":{"self":[{"href":"https:\/\/hatarok-nelkul.com\/ro\/index.php?rest_route=\/wp\/v2\/posts\/1805","targetHints":{"allow":["GET"]}}],"collection":[{"href":"https:\/\/hatarok-nelkul.com\/ro\/index.php?rest_route=\/wp\/v2\/posts"}],"about":[{"href":"https:\/\/hatarok-nelkul.com\/ro\/index.php?rest_route=\/wp\/v2\/types\/post"}],"author":[{"embeddable":true,"href":"https:\/\/hatarok-nelkul.com\/ro\/index.php?rest_route=\/wp\/v2\/users\/1"}],"replies":[{"embeddable":true,"href":"https:\/\/hatarok-nelkul.com\/ro\/index.php?rest_route=%2Fwp%2Fv2%2Fcomments&post=1805"}],"version-history":[{"count":2,"href":"https:\/\/hatarok-nelkul.com\/ro\/index.php?rest_route=\/wp\/v2\/posts\/1805\/revisions"}],"predecessor-version":[{"id":1808,"href":"https:\/\/hatarok-nelkul.com\/ro\/index.php?rest_route=\/wp\/v2\/posts\/1805\/revisions\/1808"}],"wp:featuredmedia":[{"embeddable":true,"href":"https:\/\/hatarok-nelkul.com\/ro\/index.php?rest_route=\/wp\/v2\/media\/1806"}],"wp:attachment":[{"href":"https:\/\/hatarok-nelkul.com\/ro\/index.php?rest_route=%2Fwp%2Fv2%2Fmedia&parent=1805"}],"wp:term":[{"taxonomy":"category","embeddable":true,"href":"https:\/\/hatarok-nelkul.com\/ro\/index.php?rest_route=%2Fwp%2Fv2%2Fcategories&post=1805"},{"taxonomy":"post_tag","embeddable":true,"href":"https:\/\/hatarok-nelkul.com\/ro\/index.php?rest_route=%2Fwp%2Fv2%2Ftags&post=1805"}],"curies":[{"name":"wp","href":"https:\/\/api.w.org\/{rel}","templated":true}]}}